{"id":328146,"date":"2026-01-07T17:36:10","date_gmt":"2026-01-07T17:36:10","guid":{"rendered":"https:\/\/www.europesays.com\/es\/328146\/"},"modified":"2026-01-07T17:36:10","modified_gmt":"2026-01-07T17:36:10","slug":"bucsa-llega-a-semifinales-en-los-dobles-de-brisbane","status":"publish","type":"post","link":"https:\/\/www.europesays.com\/es\/328146\/","title":{"rendered":"Bucsa llega a semifinales en los dobles de Brisbane"},"content":{"rendered":"<p>Cristina Bucsa se ha desquitado en cierto modo este jueves de la derrota que le infligi\u00f3 Aryna Sabalenka en el cuadro individual (6-0 y  &#8230; 6-1) y se ha clasificado para las semifinales de doble del Torneo de Brisbane por la incomparecencia de la bielorrusa y su compa\u00f1era, la espa\u00f1ola Paula Badosa, un d\u00fao que gran calidad que ya en Stuttgart, en 2022, llev\u00f3 a cabo la misma pol\u00edtica. <\/p>\n<p class=\"v-p\">La torrelaveguense es la tercera cabeza de serie del torneo junto a la local Ellen Perez, con la que compite en el Queensland Tennis Centre, y se ha visto as\u00ed beneficiada de la estrategia de Sabalenka y Badosa, dos jugadoras que han decidido utilizar el cuadro de dobles para afinar su preparaci\u00f3n en el inicio de temporada y centrarse en la competici\u00f3n individual. De hecho, tanto la bielorrusa como la catalana, que no pudo completar la \u00faltima fase del calendario de 2025 por lesi\u00f3n, saldr\u00e1n a la pista en el cuadro individual pese a no presentarse en el choque previsto para la pasada madrugada, en horario espa\u00f1ol.<\/p>\n<p class=\"v-p\">Ahora la c\u00e1ntabra y su compa\u00f1era se medir\u00e1n en la semifinal a la ucraniana Anna Danilina y la serbia Aleksandra Kruni\u0107, segunda cabezas de serie, en un enfrentamiento sin un favoritismo demasiado claro. Para llegar hasta all\u00ed, adem\u00e1s de beneficiarse de la incomparecencia, derrotaron en los octavos de final a las australianas Kimberly Birrell y Talia Gibson por un claro 2-6 y 0-6.<\/p>\n<p class=\"v-p\">El Tormeo de Brisbane (WTA 500) es una de las \u00faltimas citas previas al primer Grand Slam del a\u00f1o, el Open de Australia, que se arranca el d\u00eda 18 de este mes de enero y se prolongar\u00e1 hasta el 1 de febrero. Cristina Bucsa, actual n\u00famero 50 del mundo (el mejor registro de su carrera), est\u00e1 clasificada de oficio gracias a su puesto en la lista de la WTA, como ya consigui\u00f3 el a\u00f1o pasado, con lo que no necesitar\u00e1 disputar la previa.<\/p>\n<p class=\"v-p\">Ser\u00e1 su quinta participaci\u00f3n en el torneo australiano, en el que su mejor clasificaci\u00f3n son los treintaidosavos de final alcanzados en 2023. El a\u00f1o pasado super\u00f3 la primera ronda para caer en la segunda, con lo que ese es el resultado que deber\u00e1 igualar para mantener los puntos cosechados en 2025. En caso de acceder de nuevo a esta tercera ronda de treintaidosavos, sumar\u00eda nuevos puntos a los 1.127 que atesora en estos momentos.<\/p>\n","protected":false},"excerpt":{"rendered":"Cristina Bucsa se ha desquitado en cierto modo este jueves de la derrota que le infligi\u00f3 Aryna Sabalenka&hellip;\n","protected":false},"author":2,"featured_media":328147,"comment_status":"","ping_status":"","sticky":false,"template":"","format":"standard","meta":{"footnotes":""},"categories":[274],"tags":[64548,25738,168,24750,25,24,5012,15635,23,167,327,326],"class_list":{"0":"post-328146","1":"post","2":"type-post","3":"status-publish","4":"format-standard","5":"has-post-thumbnail","7":"category-tenis","8":"tag-brisbane","9":"tag-bucsa","10":"tag-deportes","11":"tag-dobles","12":"tag-es","13":"tag-espana","14":"tag-llega","15":"tag-semifinales","16":"tag-spain","17":"tag-sports","18":"tag-tenis","19":"tag-tennis"},"share_on_mastodon":{"url":"https:\/\/pubeurope.com\/@es\/115855031175611219","error":""},"_links":{"self":[{"href":"https:\/\/www.europesays.com\/es\/wp-json\/wp\/v2\/posts\/328146","targetHints":{"allow":["GET"]}}],"collection":[{"href":"https:\/\/www.europesays.com\/es\/wp-json\/wp\/v2\/posts"}],"about":[{"href":"https:\/\/www.europesays.com\/es\/wp-json\/wp\/v2\/types\/post"}],"author":[{"embeddable":true,"href":"https:\/\/www.europesays.com\/es\/wp-json\/wp\/v2\/users\/2"}],"replies":[{"embeddable":true,"href":"https:\/\/www.europesays.com\/es\/wp-json\/wp\/v2\/comments?post=328146"}],"version-history":[{"count":0,"href":"https:\/\/www.europesays.com\/es\/wp-json\/wp\/v2\/posts\/328146\/revisions"}],"wp:featuredmedia":[{"embeddable":true,"href":"https:\/\/www.europesays.com\/es\/wp-json\/wp\/v2\/media\/328147"}],"wp:attachment":[{"href":"https:\/\/www.europesays.com\/es\/wp-json\/wp\/v2\/media?parent=328146"}],"wp:term":[{"taxonomy":"category","embeddable":true,"href":"https:\/\/www.europesays.com\/es\/wp-json\/wp\/v2\/categories?post=328146"},{"taxonomy":"post_tag","embeddable":true,"href":"https:\/\/www.europesays.com\/es\/wp-json\/wp\/v2\/tags?post=328146"}],"curies":[{"name":"wp","href":"https:\/\/api.w.org\/{rel}","templated":true}]}}