{"id":328154,"date":"2026-01-07T17:42:51","date_gmt":"2026-01-07T17:42:51","guid":{"rendered":"https:\/\/www.europesays.com\/es\/328154\/"},"modified":"2026-01-07T17:42:51","modified_gmt":"2026-01-07T17:42:51","slug":"conoce-al-ganador-y-otras-imagenes-del-concurso-de-fotografia-de-la-voz","status":"publish","type":"post","link":"https:\/\/www.europesays.com\/es\/328154\/","title":{"rendered":"Conoce al ganador y otras im\u00e1genes del concurso de fotograf\u00eda de La Voz"},"content":{"rendered":"<p>El concurso de fotograf\u00eda de La Voz que este medio public\u00f3 el pasado 27 de diciembre<strong> ya tiene ganador<\/strong>. Quienes participaron en el\u00a0sorteo deb\u00edan compartir en su perfil de Instagram una imagen de alg\u00fan rinc\u00f3n de Lanzarote en el que se viera\u00a0el impacto de las lluvias de las \u00faltimas semanas, como los campos verdes o el agua en los barrancos.<\/p>\n<p><strong>La persona que se ha alzado con la victoria ha sido @marcoskitelanz<\/strong>, quien ha participado con una fotograf\u00eda que muestra el manto verde de Lanzarote tras las lluvias en sinton\u00eda con las ruinas de un vivienda abandonada. \u00abTras la llegada de las lluvias, la tierra vuelve a respirar y el paisaje se abre a la vida\u00bb, comenta Marcos en la imagen.<\/p>\n<p>Por ello, el ganador podr\u00e1 disfrutar de una <strong>comida para dos personas en el<a data-external=\"0\" data-intl-links-en=\"https:\/\/www.lavozdelanzarote.com\/en\/ekonomus\/gourmet\/evelyn-pena-venezuelan-and-rabbit-farmer-presents-her-new-establishment-in-santa-homemade-appetizing-and-accessible-food_240108_102.html\" data-intl-links-es=\"https:\/\/www.lavozdelanzarote.com\/ekonomus\/gourmet\/evelyn-vina-venezuela-lanzarote-cocinar-raices-sentirse-en-casa_240108_102.html\" href=\"https:\/\/www.lavozdelanzarote.com\/ekonomus\/gourmet\/evelyn-vina-venezuela-lanzarote-cocinar-raices-sentirse-en-casa_240108_102.html\" rel=\"follow nofollow noopener\" target=\"_self\" title=\"Evelyn Vi\u00f1a, de Venezuela a Lanzarote: cocinar las ra\u00edces para sentirse en casa\">\u00a0restaurante Ra\u00edces Lanzarote\u00a0<\/a><\/strong>de La Santa, un local que ofrece comida venezolana con empanadas, arepas,\u00a0cachapas y dem\u00e1s platos que unen\u00a0la gastronom\u00eda de este pa\u00eds y la canaria.<\/p>\n<p>El concurso estuvo en vigor desde el 27 de diciembre hasta este pasado 6 de enero y los requisitos para participar eran:<\/p>\n<p>\u2022\u2060\u00a0 \u2060Ser seguidor\/a\u00a0de la cuenta de<a data-external=\"1\" href=\"https:\/\/www.instagram.com\/lavozdelanzarote\/\" rel=\"nofollow noopener\" target=\"_blank\" title=\" Instagram de La Voz\">\u00a0Instagram de\u00a0La Voz<\/a><br \/>\u2022\u2060\u00a0 \u2060\u2060Compartir en forma de publicaci\u00f3n de\u00a0Instagram\u00a0la fotograf\u00eda\u00a0m\u00e1s especial que hayas tomado\u00a0entre el 27 de diciembre y el 6 de enero\u00a0del paisaje de Lanzarote tras\u00a0las lluvias.\u00a0<br \/>\u2022\u2060\u00a0 \u2060\u2060Contarnos el motivo\u00a0por el que esa fotograf\u00eda es especial para ti<br \/>\u2022\u2060\u00a0 \u2060\u2060Etiquetarnos y mencionarnos\u00a0en la fotograf\u00eda para asegurarnos que nos llegue<br \/>\u2022\u2060\u00a0 \u2060\u2060Compartir tu publicaci\u00f3n en tus historias\u00a0de\u00a0Instagram\u00a0y etiquetar a\u00a0La Voz de Lanzarote<\/p>\n<p>Desde La Voz de Lanzarote queremos <strong>dar las gracias a todas las personas que han participado<\/strong> para mostrar lo agradecida que es la tierra de Lanzarote tras las lluvias,\u00a0poniendo\u00a0en valor la belleza de Lanzarote y la importancia de\u00a0su conservaci\u00f3n.<\/p>\n<p>            <img decoding=\"async\" src=\"https:\/\/www.europesays.com\/es\/wp-content\/uploads\/2026\/01\/whatsapp-image-2026-01-07-at-9-50-16-am-1.jpeg\" alt=\"Im\u00e1genes del concurso de fotograf\u00eda de La Voz. Foto: @saulbenitezhernandez\" title=\"Im\u00e1genes del concurso de fotograf\u00eda de La Voz. Foto: @saulbenitezhernandez\" data-image=\"3679053\" width=\"766\" height=\"440\" loading=\"lazy\"\/><\/p>\n<p>\n                            1\/21\n                        <\/p>\n<p>            <img decoding=\"async\" src=\"https:\/\/www.europesays.com\/es\/wp-content\/uploads\/2026\/01\/whatsapp-image-2026-01-07-at-9-50-16-am.jpeg\" alt=\"Im\u00e1genes del concurso de fotograf\u00eda de La Voz. Foto: @maydepodenco\" title=\"Im\u00e1genes del concurso de fotograf\u00eda de La Voz. Foto: @maydepodenco\" data-image=\"3679065\" width=\"766\" height=\"440\" loading=\"lazy\"\/><\/p>\n<p>\n                            2\/21\n                        <\/p>\n<p>            <img decoding=\"async\" src=\"https:\/\/www.europesays.com\/es\/wp-content\/uploads\/2026\/01\/whatsapp-image-2026-01-07-at-9-50-17-am-1.jpeg\" alt=\"Im\u00e1genes del concurso de fotograf\u00eda de La Voz. Foto: @anaserna.2970\" title=\"Im\u00e1genes del concurso de fotograf\u00eda de La Voz. Foto: @anaserna.2970\" data-image=\"3679077\" width=\"766\" height=\"440\" loading=\"lazy\"\/><\/p>\n<p>\n                            3\/21\n                        <\/p>\n<p>            <img decoding=\"async\" src=\"https:\/\/www.europesays.com\/es\/wp-content\/uploads\/2026\/01\/whatsapp-image-2026-01-07-at-9-50-17-am.jpeg\" alt=\"Im\u00e1genes del concurso de fotograf\u00eda de La Voz. Foto: @zuleinacasanas\" title=\"Im\u00e1genes del concurso de fotograf\u00eda de La Voz. Foto: @zuleinacasanas\" data-image=\"3679089\" width=\"440\" height=\"600\" loading=\"lazy\"\/><\/p>\n<p>\n                            4\/21\n                        <\/p>\n<p>            <img decoding=\"async\" src=\"https:\/\/www.europesays.com\/es\/wp-content\/uploads\/2026\/01\/whatsapp-image-2026-01-07-at-9-50-18-am-1.jpeg\" alt=\"Im\u00e1genes del concurso de fotograf\u00eda de La Voz. Foto: @anaserna.2970\" title=\"Im\u00e1genes del concurso de fotograf\u00eda de La Voz. Foto: @anaserna.2970\" data-image=\"3679101\" width=\"766\" height=\"440\" loading=\"lazy\"\/><\/p>\n<p>\n                            5\/21\n                        <\/p>\n<p>            <img decoding=\"async\" src=\"https:\/\/www.europesays.com\/es\/wp-content\/uploads\/2026\/01\/whatsapp-image-2026-01-07-at-9-50-18-am-2.jpeg\" alt=\"Im\u00e1genes del concurso de fotograf\u00eda de La Voz. Foto: @esperanzatabordabedoya\" title=\"Im\u00e1genes del concurso de fotograf\u00eda de La Voz. Foto: @esperanzatabordabedoya\" data-image=\"3679113\" width=\"440\" height=\"600\" loading=\"lazy\"\/><\/p>\n<p>\n                            6\/21\n                        <\/p>\n<p>            <img decoding=\"async\" src=\"https:\/\/www.europesays.com\/es\/wp-content\/uploads\/2026\/01\/whatsapp-image-2026-01-07-at-9-50-18-am-3.jpeg\" alt=\"Im\u00e1genes del concurso de fotograf\u00eda de La Voz. Foto: @tapanistaskounepocka\" title=\"Im\u00e1genes del concurso de fotograf\u00eda de La Voz. Foto: @tapanistaskounepocka\" data-image=\"3679125\" width=\"440\" height=\"600\" loading=\"lazy\"\/><\/p>\n<p>\n                            7\/21\n                        <\/p>\n<p>            <img decoding=\"async\" src=\"https:\/\/www.europesays.com\/es\/wp-content\/uploads\/2026\/01\/whatsapp-image-2026-01-07-at-9-50-18-am-5.jpeg\" alt=\"Im\u00e1genes del concurso de fotograf\u00eda de La Voz. Foto: @marcoskitelanz\" title=\"Im\u00e1genes del concurso de fotograf\u00eda de La Voz. Foto: @marcoskitelanz\" data-image=\"3679149\" width=\"440\" height=\"600\" loading=\"lazy\"\/><\/p>\n<p>\n                            8\/21\n                        <\/p>\n<p>            <img decoding=\"async\" src=\"https:\/\/www.europesays.com\/es\/wp-content\/uploads\/2026\/01\/whatsapp-image-2026-01-07-at-9-50-18-am-6.jpeg\" alt=\"Im\u00e1genes del concurso de fotograf\u00eda de La Voz. Foto: @antonio_lzt\" title=\"Im\u00e1genes del concurso de fotograf\u00eda de La Voz. Foto: @antonio_lzt\" data-image=\"3679161\" width=\"440\" height=\"600\" loading=\"lazy\"\/><\/p>\n<p>\n                            9\/21\n                        <\/p>\n<p>            <img decoding=\"async\" src=\"https:\/\/www.europesays.com\/es\/wp-content\/uploads\/2026\/01\/whatsapp-image-2026-01-07-at-9-50-18-am-7.jpeg\" alt=\"Im\u00e1genes del concurso de fotograf\u00eda de La Voz. Foto: @pedroborges7\" title=\"Im\u00e1genes del concurso de fotograf\u00eda de La Voz. Foto: @pedroborges7\" data-image=\"3679173\" width=\"440\" height=\"600\" loading=\"lazy\"\/><\/p>\n<p>\n                            10\/21\n                        <\/p>\n<p>            <img decoding=\"async\" src=\"https:\/\/www.europesays.com\/es\/wp-content\/uploads\/2026\/01\/whatsapp-image-2026-01-07-at-9-50-18-am-8.jpeg\" alt=\"Im\u00e1genes del concurso de fotograf\u00eda de La Voz. Foto: @ariherfue\" title=\"Im\u00e1genes del concurso de fotograf\u00eda de La Voz. Foto: @ariherfue\" data-image=\"3679185\" width=\"766\" height=\"440\" loading=\"lazy\"\/><\/p>\n<p>\n                            11\/21\n                        <\/p>\n<p>            <img decoding=\"async\" src=\"https:\/\/www.europesays.com\/es\/wp-content\/uploads\/2026\/01\/whatsapp-image-2026-01-07-at-9-50-18-am.jpeg\" alt=\"Im\u00e1genes del concurso de fotograf\u00eda de La Voz. Foto: @supersupersuper\" title=\"Im\u00e1genes del concurso de fotograf\u00eda de La Voz. Foto: @supersupersuper\" data-image=\"3679197\" width=\"440\" height=\"600\" loading=\"lazy\"\/><\/p>\n<p>\n                            12\/21\n                        <\/p>\n<p>            <img decoding=\"async\" src=\"https:\/\/www.europesays.com\/es\/wp-content\/uploads\/2026\/01\/whatsapp-image-2026-01-07-at-9-50-19-am-1.jpeg\" alt=\"Im\u00e1genes del concurso de fotograf\u00eda de La Voz. Foto: @iduriko\" title=\"Im\u00e1genes del concurso de fotograf\u00eda de La Voz. Foto: @iduriko\" data-image=\"3679209\" width=\"766\" height=\"440\" loading=\"lazy\"\/><\/p>\n<p>\n                            13\/21\n                        <\/p>\n<p>            <img decoding=\"async\" src=\"https:\/\/www.europesays.com\/es\/wp-content\/uploads\/2026\/01\/whatsapp-image-2026-01-07-at-9-50-19-am-2.jpeg\" alt=\"Im\u00e1genes del concurso de fotograf\u00eda de La Voz. Foto: @inesarranz\" title=\"Im\u00e1genes del concurso de fotograf\u00eda de La Voz. Foto: @inesarranz\" data-image=\"3679221\" width=\"440\" height=\"600\" loading=\"lazy\"\/><\/p>\n<p>\n                            14\/21\n                        <\/p>\n<p>            <img decoding=\"async\" src=\"https:\/\/www.europesays.com\/es\/wp-content\/uploads\/2026\/01\/whatsapp-image-2026-01-07-at-9-50-19-am-3.jpeg\" alt=\"Im\u00e1genes del concurso de fotograf\u00eda de La Voz. Foto: @rosagvnocturnas\" title=\"Im\u00e1genes del concurso de fotograf\u00eda de La Voz. Foto: @rosagvnocturnas\" data-image=\"3679233\" width=\"766\" height=\"440\" loading=\"lazy\"\/><\/p>\n<p>\n                            15\/21\n                        <\/p>\n<p>            <img decoding=\"async\" src=\"https:\/\/www.europesays.com\/es\/wp-content\/uploads\/2026\/01\/whatsapp-image-2026-01-07-at-9-50-19-am-4.jpeg\" alt=\"Im\u00e1genes del concurso de fotograf\u00eda de La Voz. Foto: @rosagvnocturnas\" title=\"Im\u00e1genes del concurso de fotograf\u00eda de La Voz. Foto: @rosagvnocturnas\" data-image=\"3679245\" width=\"766\" height=\"440\" loading=\"lazy\"\/><\/p>\n<p>\n                            16\/21\n                        <\/p>\n<p>            <img decoding=\"async\" src=\"https:\/\/www.europesays.com\/es\/wp-content\/uploads\/2026\/01\/whatsapp-image-2026-01-07-at-9-50-19-am-5.jpeg\" alt=\"Im\u00e1genes del concurso de fotograf\u00eda de La Voz. Foto: @mitcarliontour\" title=\"Im\u00e1genes del concurso de fotograf\u00eda de La Voz. Foto: @mitcarliontour\" data-image=\"3679257\" width=\"766\" height=\"440\" loading=\"lazy\"\/><\/p>\n<p>\n                            17\/21\n                        <\/p>\n<p>            <img decoding=\"async\" src=\"https:\/\/www.europesays.com\/es\/wp-content\/uploads\/2026\/01\/whatsapp-image-2026-01-07-at-9-50-19-am-6.jpeg\" alt=\"Im\u00e1genes del concurso de fotograf\u00eda de La Voz. Foto: @progressivemassage\" title=\"Im\u00e1genes del concurso de fotograf\u00eda de La Voz. Foto: @progressivemassage\" data-image=\"3679269\" width=\"440\" height=\"600\" loading=\"lazy\"\/><\/p>\n<p>\n                            18\/21\n                        <\/p>\n<p>            <img decoding=\"async\" src=\"https:\/\/www.europesays.com\/es\/wp-content\/uploads\/2026\/01\/whatsapp-image-2026-01-07-at-9-50-19-am-7.jpeg\" alt=\"Im\u00e1genes del concurso de fotograf\u00eda de La Voz. Foto: @eri_bjorn\" title=\"Im\u00e1genes del concurso de fotograf\u00eda de La Voz. Foto: @eri_bjorn\" data-image=\"3679281\" width=\"766\" height=\"440\" loading=\"lazy\"\/><\/p>\n<p>\n                            19\/21\n                        <\/p>\n<p>            <img decoding=\"async\" src=\"https:\/\/www.europesays.com\/es\/wp-content\/uploads\/2026\/01\/whatsapp-image-2026-01-07-at-9-50-19-am.jpeg\" alt=\"Im\u00e1genes del concurso de fotograf\u00eda de La Voz. Foto: @idafe_rodriguez_fotografia\" title=\"Im\u00e1genes del concurso de fotograf\u00eda de La Voz. Foto: @idafe_rodriguez_fotografia\" data-image=\"3679293\" width=\"440\" height=\"600\" loading=\"lazy\"\/><\/p>\n<p>\n                            20\/21\n                        <\/p>\n<p>            <img decoding=\"async\" src=\"https:\/\/www.europesays.com\/es\/wp-content\/uploads\/2026\/01\/whatsapp-image-2026-01-07-at-9-50-18-am-9-eed.jpeg\" alt=\"Im\u00e1genes del concurso de fotograf\u00eda de La Voz. Foto: @chalo19755\" title=\"Im\u00e1genes del concurso de fotograf\u00eda de La Voz. Foto: @chalo19755\" data-image=\"3679500\" width=\"440\" height=\"600\" loading=\"lazy\"\/><\/p>\n<p>\n                            21\/21\n                        <\/p>\n<p><script async src=\"\/\/www.instagram.com\/embed.js\"><\/script><\/p>\n","protected":false},"excerpt":{"rendered":"El concurso de fotograf\u00eda de La Voz que este medio public\u00f3 el pasado 27 de diciembre ya tiene&hellip;\n","protected":false},"author":2,"featured_media":328155,"comment_status":"","ping_status":"","sticky":false,"template":"","format":"standard","meta":{"footnotes":""},"categories":[173],"tags":[229,233,231,230,232,234,146,147,25,24,23],"class_list":{"0":"post-328154","1":"post","2":"type-post","3":"status-publish","4":"format-standard","5":"has-post-thumbnail","7":"category-arte-y-diseno","8":"tag-arte","9":"tag-arte-y-diseno","10":"tag-arts","11":"tag-arts-and-design","12":"tag-design","13":"tag-diseno","14":"tag-entertainment","15":"tag-entretenimiento","16":"tag-es","17":"tag-espana","18":"tag-spain"},"share_on_mastodon":{"url":"https:\/\/pubeurope.com\/@es\/115855059171861159","error":""},"_links":{"self":[{"href":"https:\/\/www.europesays.com\/es\/wp-json\/wp\/v2\/posts\/328154","targetHints":{"allow":["GET"]}}],"collection":[{"href":"https:\/\/www.europesays.com\/es\/wp-json\/wp\/v2\/posts"}],"about":[{"href":"https:\/\/www.europesays.com\/es\/wp-json\/wp\/v2\/types\/post"}],"author":[{"embeddable":true,"href":"https:\/\/www.europesays.com\/es\/wp-json\/wp\/v2\/users\/2"}],"replies":[{"embeddable":true,"href":"https:\/\/www.europesays.com\/es\/wp-json\/wp\/v2\/comments?post=328154"}],"version-history":[{"count":0,"href":"https:\/\/www.europesays.com\/es\/wp-json\/wp\/v2\/posts\/328154\/revisions"}],"wp:featuredmedia":[{"embeddable":true,"href":"https:\/\/www.europesays.com\/es\/wp-json\/wp\/v2\/media\/328155"}],"wp:attachment":[{"href":"https:\/\/www.europesays.com\/es\/wp-json\/wp\/v2\/media?parent=328154"}],"wp:term":[{"taxonomy":"category","embeddable":true,"href":"https:\/\/www.europesays.com\/es\/wp-json\/wp\/v2\/categories?post=328154"},{"taxonomy":"post_tag","embeddable":true,"href":"https:\/\/www.europesays.com\/es\/wp-json\/wp\/v2\/tags?post=328154"}],"curies":[{"name":"wp","href":"https:\/\/api.w.org\/{rel}","templated":true}]}}