{"id":328169,"date":"2026-01-07T17:51:09","date_gmt":"2026-01-07T17:51:09","guid":{"rendered":"https:\/\/www.europesays.com\/es\/328169\/"},"modified":"2026-01-07T17:51:09","modified_gmt":"2026-01-07T17:51:09","slug":"valor-de-exportaciones-de-colombia-cae-en-noviembre","status":"publish","type":"post","link":"https:\/\/www.europesays.com\/es\/328169\/","title":{"rendered":"Valor de exportaciones de Colombia cae en noviembre"},"content":{"rendered":"\n<p class=\"yf-vbsvxt\">BOGOT\u00c1, 7 ene (Reuters) &#8211; El valor de las exportaciones de Colombia baj\u00f3 un 2,7 % \u200binteranual en noviembre, a 4.016,5 millones de \u200cd\u00f3lares, por unas menores ventas de petr\u00f3leo y carb\u00f3n, las \u200cprincipales fuentes de ingresos del pa\u00eds, inform\u00f3 el mi\u00e9rcoles el Gobierno.<\/p>\n<p class=\"yf-vbsvxt\">El valor de las exportaciones de petr\u00f3leo y sus derivados cay\u00f3 16,4 % a 920,6 \u2060millones de d\u00f3lares, \u200cmientras que el del carb\u00f3n se desplom\u00f3 47,4 % a 392 millones de \u200dd\u00f3lares, revel\u00f3 el estatal Departamento Nacional de Estad\u00edstica (DANE).<\/p>\n<p class=\"yf-vbsvxt\">Las ventas externas de ferron\u00edquel subieron un 26,6 % a 42,5 millones \u200bde d\u00f3lares y las de caf\u00e9 un \u200c84,7 % a 578 millones de d\u00f3lares.<\/p>\n<p class=\"yf-vbsvxt\">El presidente de Colombia, Gustavo Petro, quien termina su periodo de cuatro a\u00f1os en agosto, impulsa un plan para alejar a Colombia de su dependencia de las \u2060industrias extractivas y enfocarla hacia \u200blas energ\u00edas renovables.<\/p>\n<p class=\"yf-vbsvxt\">En t\u00e9rminos \u200bde volumen, las exportaciones de la cuarta econom\u00eda de Am\u00e9rica Latina cayeron un 22,1 % \u200dinteranual a \u20607,85 millones de toneladas m\u00e9tricas.<\/p>\n<p class=\"yf-vbsvxt\">Entre enero y noviembre, el valor de las exportaciones de Colombia \u2060acumul\u00f3 un alza de 1,3 % a 45.655,1 millones de \u200cd\u00f3lares, en comparaci\u00f3n con el mismo periodo \u200cde 2024.<\/p>\n<p class=\"yf-vbsvxt\">(Luis Jaime Acosta)<\/p>\n","protected":false},"excerpt":{"rendered":"BOGOT\u00c1, 7 ene (Reuters) &#8211; El valor de las exportaciones de Colombia baj\u00f3 un 2,7 % \u200binteranual en&hellip;\n","protected":false},"author":2,"featured_media":328170,"comment_status":"","ping_status":"","sticky":false,"template":"","format":"standard","meta":{"footnotes":""},"categories":[80],"tags":[82,1803,75806,95,75507,94,25,24,3916,23],"class_list":{"0":"post-328169","1":"post","2":"type-post","3":"status-publish","4":"format-standard","5":"has-post-thumbnail","7":"category-economia","8":"tag-business","9":"tag-colombia","10":"tag-departamento-nacional-de-estadistica","11":"tag-economia","12":"tag-economia-de-america-latina","13":"tag-economy","14":"tag-es","15":"tag-espana","16":"tag-gustavo-petro","17":"tag-spain"},"share_on_mastodon":{"url":"https:\/\/pubeurope.com\/@es\/115855090260497857","error":""},"_links":{"self":[{"href":"https:\/\/www.europesays.com\/es\/wp-json\/wp\/v2\/posts\/328169","targetHints":{"allow":["GET"]}}],"collection":[{"href":"https:\/\/www.europesays.com\/es\/wp-json\/wp\/v2\/posts"}],"about":[{"href":"https:\/\/www.europesays.com\/es\/wp-json\/wp\/v2\/types\/post"}],"author":[{"embeddable":true,"href":"https:\/\/www.europesays.com\/es\/wp-json\/wp\/v2\/users\/2"}],"replies":[{"embeddable":true,"href":"https:\/\/www.europesays.com\/es\/wp-json\/wp\/v2\/comments?post=328169"}],"version-history":[{"count":0,"href":"https:\/\/www.europesays.com\/es\/wp-json\/wp\/v2\/posts\/328169\/revisions"}],"wp:featuredmedia":[{"embeddable":true,"href":"https:\/\/www.europesays.com\/es\/wp-json\/wp\/v2\/media\/328170"}],"wp:attachment":[{"href":"https:\/\/www.europesays.com\/es\/wp-json\/wp\/v2\/media?parent=328169"}],"wp:term":[{"taxonomy":"category","embeddable":true,"href":"https:\/\/www.europesays.com\/es\/wp-json\/wp\/v2\/categories?post=328169"},{"taxonomy":"post_tag","embeddable":true,"href":"https:\/\/www.europesays.com\/es\/wp-json\/wp\/v2\/tags?post=328169"}],"curies":[{"name":"wp","href":"https:\/\/api.w.org\/{rel}","templated":true}]}}