{"id":32817,"date":"2025-08-08T01:46:08","date_gmt":"2025-08-08T01:46:08","guid":{"rendered":"https:\/\/www.europesays.com\/es\/32817\/"},"modified":"2025-08-08T01:46:08","modified_gmt":"2025-08-08T01:46:08","slug":"que-le-paso-a-franco-colapinto-en-hungria-este-es-su-reporte-de-salud","status":"publish","type":"post","link":"https:\/\/www.europesays.com\/es\/32817\/","title":{"rendered":"\u00bfQu\u00e9 le pas\u00f3 a Franco Colapinto en Hungr\u00eda? Este es su reporte de salud"},"content":{"rendered":"<p class=\"default__StyledText-sc-108h6at-0 iMTDFl body-paragraph\">Franco Colapinto, el astro argentino de la F\u00f3rmula 1, dispar\u00f3 las alarmas durante las pruebas privadas en Hungr\u00eda.<b> El piloto de la escuder\u00eda Alpine sufri\u00f3 un accidente tras perder el control en las pruebas en el circuito de Hungaroring<\/b>, usada por los equipos para el desarrollo de neum\u00e1ticos de 2026.<\/p>\n<p class=\"default__StyledText-sc-108h6at-0 iMTDFl body-paragraph\"><b>Ver m\u00e1s:<\/b> <a href=\"https:\/\/www.bloomberglinea.com\/estilo-de-vida\/asi-nacio-el-reloj-de-lujo-disenado-por-franco-colapinto-este-es-su-precio\/\" target=\"_self\" rel=\"nofollow noopener\" title=\"https:\/\/www.bloomberglinea.com\/estilo-de-vida\/asi-nacio-el-reloj-de-lujo-disenado-por-franco-colapinto-este-es-su-precio\/\">As\u00ed naci\u00f3 el reloj de lujo dise\u00f1ado por Franco Colapinto; este es su precio.<\/a><\/p>\n<p class=\"default__StyledText-sc-108h6at-0 iMTDFl body-paragraph\">Colapinto se estrell\u00f3 contra las defensas cuando perdi\u00f3 el control del monoplaza que sufri\u00f3 da\u00f1os considerables en la parte frontal y tambi\u00e9n en los lados. <\/p>\n<p class=\"default__StyledText-sc-108h6at-0 iMTDFl body-paragraph\"><b>El piloto de 22 a\u00f1os recibi\u00f3 asistencia m\u00e9dica en el sitio, inform\u00f3 la escuder\u00eda en un comunicado. <\/b>\u201cDurante el segundo d\u00eda de pruebas de neum\u00e1ticos Pirelli en Hungaroring esta ma\u00f1ana, Franco Colapinto tuvo un incidente en la curva 11\u201d, difundi\u00f3. <\/p>\n<blockquote class=\"twitter-tweet\">\n<p lang=\"en\" dir=\"ltr\">Team Update<\/p>\n<p>During Day 2 of Pirelli Tyre Testing at the Hungaroring this morning, Franco Colapinto had an incident at Turn 11. Franco was assessed on site at the medical centre\u00a0and\u00a0is\u00a0OK.<\/p>\n<p>\u2014 BWT Alpine Formula One Team (@AlpineF1Team) <a href=\"https:\/\/twitter.com\/AlpineF1Team\/status\/1953020276343513155?ref_src=twsrc%5Etfw\" rel=\"nofollow noopener\" target=\"_blank\">August 6, 2025<\/a><\/p><\/blockquote>\n<p class=\"default__StyledText-sc-108h6at-0 iMTDFl body-paragraph\">Pese a lo aparatoso del accidente, Colapinto no sufri\u00f3 lesiones de gravedad. <b>\u201cFranco fue evaluado en el Centro M\u00e9dico y se encuentra bien\u201d, se lee en el breve comunicado. <\/b><\/p>\n<p class=\"default__StyledText-sc-108h6at-0 iMTDFl body-paragraph\">El circuito de Hungaroring es catalogado como uno de los m\u00e1s exigentes y veloces. El percance ocurri\u00f3 d\u00edas despu\u00e9s del Gran Premio de Hungr\u00eda, realizado el 3 de agosto. <\/p>\n<p class=\"default__StyledText-sc-108h6at-0 iMTDFl body-paragraph\"><b>La prueba de llantas Pirelli tiene como objetivo evaluar las construcciones de neum\u00e1ticos de 2026 y los compuestos de los prototipos, explic\u00f3 el sitio de la F\u00f3rmula 1. <\/b><\/p>\n<p class=\"default__StyledText-sc-108h6at-0 iMTDFl body-paragraph\">Otros pilotos que participan en estas pruebas incluyen a Lando Norris, con McLaren; Liam Lawson, con Racing Bulls y Charles Leclerc, de la escuder\u00eda Ferrari.<\/p>\n<p class=\"default__StyledText-sc-108h6at-0 iMTDFl body-paragraph\"><b>El accidente de Colapinto se da a d\u00edas de un tambaleante fin de semana<\/b> en el que sufri\u00f3 una ca\u00edda en rendimiento por algunos aspectos como errores en boxes y en grip. \u201cGanamos y perdemos juntos. Seguimos luchando, ya van a venir las buenas\u201d, escribi\u00f3 en su Instagram hace dos d\u00edas. <\/p>\n<p class=\"default__StyledText-sc-108h6at-0 iMTDFl body-paragraph\">El piloto se ha convertido en una sensaci\u00f3n, pues fue el responsable de llevar a Argentina de vuelta a la F\u00f3rmula 1. <\/p>\n<p class=\"default__StyledText-sc-108h6at-0 iMTDFl body-paragraph\">Nota de la redacci\u00f3n: Informaci\u00f3n actualizada en quinto p\u00e1rrafo con la fecha correcta del Gran Premio de Hungr\u00eda que fue el 3 de agosto de 2025. <\/p>\n<p><script async src=\"https:\/\/platform.twitter.com\/widgets.js\" charset=\"utf-8\"><\/script><\/p>\n","protected":false},"excerpt":{"rendered":"Franco Colapinto, el astro argentino de la F\u00f3rmula 1, dispar\u00f3 las alarmas durante las pruebas privadas en Hungr\u00eda.&hellip;\n","protected":false},"author":2,"featured_media":32818,"comment_status":"","ping_status":"","sticky":false,"template":"","format":"standard","meta":{"footnotes":""},"categories":[270],"tags":[1237,16953,4699,16950,16952,9371,7655,16949,168,25,24,306,4672,271,272,12790,16948,16956,16951,16955,16958,7659,16959,9387,16954,9389,23,167,130,16957,9391,16947],"class_list":{"0":"post-32817","1":"post","2":"type-post","3":"status-publish","4":"format-standard","5":"has-post-thumbnail","7":"category-formula-1","8":"tag-asia","9":"tag-asian","10":"tag-australia","11":"tag-australian","12":"tag-cherry-tomatoes","13":"tag-consumer","14":"tag-consumer-goods","15":"tag-consumption","16":"tag-deportes","17":"tag-es","18":"tag-espana","19":"tag-f1","20":"tag-food","21":"tag-formula-1","22":"tag-formula1","23":"tag-fruit","24":"tag-grocery-store","25":"tag-oceania","26":"tag-price","27":"tag-prices","28":"tag-produce","29":"tag-retail","30":"tag-retailer","31":"tag-shop","32":"tag-shoppers","33":"tag-shopping","34":"tag-spain","35":"tag-sports","36":"tag-store","37":"tag-stores","38":"tag-supermarket","39":"tag-vegetables"},"share_on_mastodon":{"url":"","error":""},"_links":{"self":[{"href":"https:\/\/www.europesays.com\/es\/wp-json\/wp\/v2\/posts\/32817","targetHints":{"allow":["GET"]}}],"collection":[{"href":"https:\/\/www.europesays.com\/es\/wp-json\/wp\/v2\/posts"}],"about":[{"href":"https:\/\/www.europesays.com\/es\/wp-json\/wp\/v2\/types\/post"}],"author":[{"embeddable":true,"href":"https:\/\/www.europesays.com\/es\/wp-json\/wp\/v2\/users\/2"}],"replies":[{"embeddable":true,"href":"https:\/\/www.europesays.com\/es\/wp-json\/wp\/v2\/comments?post=32817"}],"version-history":[{"count":0,"href":"https:\/\/www.europesays.com\/es\/wp-json\/wp\/v2\/posts\/32817\/revisions"}],"wp:featuredmedia":[{"embeddable":true,"href":"https:\/\/www.europesays.com\/es\/wp-json\/wp\/v2\/media\/32818"}],"wp:attachment":[{"href":"https:\/\/www.europesays.com\/es\/wp-json\/wp\/v2\/media?parent=32817"}],"wp:term":[{"taxonomy":"category","embeddable":true,"href":"https:\/\/www.europesays.com\/es\/wp-json\/wp\/v2\/categories?post=32817"},{"taxonomy":"post_tag","embeddable":true,"href":"https:\/\/www.europesays.com\/es\/wp-json\/wp\/v2\/tags?post=32817"}],"curies":[{"name":"wp","href":"https:\/\/api.w.org\/{rel}","templated":true}]}}