{"id":328177,"date":"2026-01-07T17:59:17","date_gmt":"2026-01-07T17:59:17","guid":{"rendered":"https:\/\/www.europesays.com\/es\/328177\/"},"modified":"2026-01-07T17:59:17","modified_gmt":"2026-01-07T17:59:17","slug":"los-dos-candidatos-a-debutar-el-proximo-lunes-en-el-top-5-atp-tour","status":"publish","type":"post","link":"https:\/\/www.europesays.com\/es\/328177\/","title":{"rendered":"Los dos candidatos a debutar el pr\u00f3ximo lunes en el Top 5 | ATP Tour"},"content":{"rendered":"<p>        Actualizaci\u00f3n PIF ATP Rankings<br \/>\n    Los dos candidatos a debutar el pr\u00f3ximo lunes en el Top 5<\/p>\n<p>De Mi\u00f1aur es el de m\u00e1s posibilidades de lograr el hito<\/p>\n<p>January 07, 2026<\/p>\n<p>            <img decoding=\"async\" src=\"https:\/\/www.europesays.com\/es\/wp-content\/uploads\/2026\/01\/de-minaur-united-cup-2026-tuesday-1.jpg\" alt=\"\u00c1lex de Mi\u00f1aur ya est\u00e1 en cuartos de final de la United Cup con Australia.\"\/><\/p>\n<p>TENNIS AUSTRALIA<\/p>\n<p>        \u00c1lex de Mi\u00f1aur ya est\u00e1 en cuartos de final de la United Cup con Australia.<br \/>\n        By Redacci\u00f3n ATP <\/p>\n<p>El inicio de la pr\u00f3xima semana podr\u00eda ser hist\u00f3rico para el tenis australiano o para el italiano en caso de que \u00c1lex de Mi\u00f1aur o Lorenzo Musetti debuten el lunes en el Top 5 del PIF ATP Rankings. Las posibilidades son altas para cada uno considerando que uno es el No. 5 del ranking en vivo en este momento; y el otro, el No. 6.<\/p>\n<p><a rel=\"noopener noreferrer nofollow\" href=\"https:\/\/www.atptour.com\/es\/rankings\/singles\/live\" target=\"_blank\">Consulta el ranking en vivo<\/a><\/p>\n<p>Si lo consigue De Mi\u00f1aur, se convertir\u00eda en el s\u00e9ptimo jugador de su pa\u00eds en irrumpir en el Top 5. Igualar\u00eda a John Newcombe (su mejor ranking fue No. 1), Patrick Rafter (No. 1), Lleyton Hewitt (No. 1), Ken Rosewall (No. 2), Rod Laver (No. 3) y Pat Cash (No. 4).<\/p>\n<p>Adem\u00e1s, marcar\u00eda la primera vez en 20 a\u00f1os de un australiano en el Top 5. El \u00faltimo en integrar este grupo fue Hewitt, justamente en enero de 2006, cuando era el No. 4 del escalaf\u00f3n.<\/p>\n<p>Hasta ahora, el mejor ranking de De Mi\u00f1aur ha sido No. 6, un lugar en el que debut\u00f3 en julio de 2024. Su gran campa\u00f1a en 2025, que incluy\u00f3 grandes resultados como un t\u00edtulo ATP 500 (Washington) y las semifinales de las Nitto ATP Finals por primera vez, lo tiene muy cerca de dar un paso m\u00e1s en el PIF ATP Rankings.<\/p>\n<p>Y su 2026 empez\u00f3 productivo en individuales. Aunque debut\u00f3 con derrota ante Casper Ruud en la United Cup, derrot\u00f3 a Jakub Mensik en el siguiente encuentro para ayudar a clasificar a Australia a cuartos, ronda en la que medir\u00e1 el viernes a Polonia.<\/p>\n<p>Tambi\u00e9n Podr\u00eda Interesarle: <a href=\"https:\/\/www.atptour.com\/es\/news\/united-cup-2026-polonia-holanda-miercoles-sidney\" rel=\"nofollow noopener\" target=\"_blank\">Hurkacz y Swiatek llevan a Polonia a cuartos de la United Cup<\/a><\/p>\n<p>Tendr\u00e1 que seguir sumando para que su avance al Top 5 no dependa de otros. Su m\u00e1s inmediato perseguidor, Lorenzo Musetti, debutar\u00e1 este mi\u00e9rcoles en el Bank of China Hong Kong Tennis Open ante el argentino Tom\u00e1s Etcheverry.<\/p>\n<p>El italiano, cuyo mejor ranking por ahora es tambi\u00e9n el No. 6, est\u00e1 muy cerca de De Mi\u00f1aur en el ranking en vivo. Si llega a irrumpir entre los cinco mejores, marcar\u00eda la primera vez en la historia del PIF ATP Rankings (creado en 1973) que dos italianos coinciden en el Top 5, el mismo en el que ahora Jannik Sinner aparece como No. 2.<\/p>\n<p>Adem\u00e1s, se convertir\u00eda en el tercer italiano en irrumpir en esta \u00e9lite. Igualar\u00eda a Sinner (su mejor ranking ha sido No. 1) y Adriana Panatta (No. 4).<\/p>\n<p>Eso s\u00ed, las opciones de debutar en el Top 5 tanto de Musetti como De Mi\u00f1aur dependen tambi\u00e9n de Taylor Fritz, a\u00fan vivo en la United Cup. El estadounidense, ex No. 4 del mundo y hoy en el No. 9 del ranking en vivo, podr\u00eda llegar a sumar un m\u00e1ximo de 4,215 puntos en el torneo. Esto podr\u00eda alcanzarle para ser el pr\u00f3ximo No. 5 del mundo desde el pr\u00f3ximo lunes.<\/p>\n","protected":false},"excerpt":{"rendered":"Actualizaci\u00f3n PIF ATP Rankings Los dos candidatos a debutar el pr\u00f3ximo lunes en el Top 5 De Mi\u00f1aur&hellip;\n","protected":false},"author":2,"featured_media":328178,"comment_status":"","ping_status":"","sticky":false,"template":"","format":"standard","meta":{"footnotes":""},"categories":[274],"tags":[168,25,24,23,167,327,326],"class_list":{"0":"post-328177","1":"post","2":"type-post","3":"status-publish","4":"format-standard","5":"has-post-thumbnail","7":"category-tenis","8":"tag-deportes","9":"tag-es","10":"tag-espana","11":"tag-spain","12":"tag-sports","13":"tag-tenis","14":"tag-tennis"},"share_on_mastodon":{"url":"https:\/\/pubeurope.com\/@es\/115855121618773063","error":""},"_links":{"self":[{"href":"https:\/\/www.europesays.com\/es\/wp-json\/wp\/v2\/posts\/328177","targetHints":{"allow":["GET"]}}],"collection":[{"href":"https:\/\/www.europesays.com\/es\/wp-json\/wp\/v2\/posts"}],"about":[{"href":"https:\/\/www.europesays.com\/es\/wp-json\/wp\/v2\/types\/post"}],"author":[{"embeddable":true,"href":"https:\/\/www.europesays.com\/es\/wp-json\/wp\/v2\/users\/2"}],"replies":[{"embeddable":true,"href":"https:\/\/www.europesays.com\/es\/wp-json\/wp\/v2\/comments?post=328177"}],"version-history":[{"count":0,"href":"https:\/\/www.europesays.com\/es\/wp-json\/wp\/v2\/posts\/328177\/revisions"}],"wp:featuredmedia":[{"embeddable":true,"href":"https:\/\/www.europesays.com\/es\/wp-json\/wp\/v2\/media\/328178"}],"wp:attachment":[{"href":"https:\/\/www.europesays.com\/es\/wp-json\/wp\/v2\/media?parent=328177"}],"wp:term":[{"taxonomy":"category","embeddable":true,"href":"https:\/\/www.europesays.com\/es\/wp-json\/wp\/v2\/categories?post=328177"},{"taxonomy":"post_tag","embeddable":true,"href":"https:\/\/www.europesays.com\/es\/wp-json\/wp\/v2\/tags?post=328177"}],"curies":[{"name":"wp","href":"https:\/\/api.w.org\/{rel}","templated":true}]}}