{"id":328186,"date":"2026-01-07T18:07:11","date_gmt":"2026-01-07T18:07:11","guid":{"rendered":"https:\/\/www.europesays.com\/es\/328186\/"},"modified":"2026-01-07T18:07:11","modified_gmt":"2026-01-07T18:07:11","slug":"madrid-directo-05-01-2026","status":"publish","type":"post","link":"https:\/\/www.europesays.com\/es\/328186\/","title":{"rendered":"Madrid Directo 05.01.2026"},"content":{"rendered":"<p class=\"mce\">En el programa de hoy de <a data-content-id=\"\" href=\"https:\/\/www.telemadrid.es\/programas\/madrid-directo\/\" text=\"Madrid Directo\" title=\"\" target=\"_blank\" rel=\"noopener nofollow\" class=\"mceNonEditable mce\">Madrid Directo<\/a>, vivimos la <strong class=\"mce\">Cabalgata de Madrid 2026<\/strong>, que ha dado comienzo con la salida de <strong class=\"mce\">los tres Reyes Magos de Oriente y su gran comitiva<\/strong>. En esta edici\u00f3n rinde homenaje a quienes son sus herederos: <strong class=\"mce\">los maestros<\/strong>. Las personas que encienden nuestra luz en la infancia y que son capaces de transmitirnos conocimientos y valores.<\/p>\n<p>                <a href=\"https:\/\/www.telemadrid.es\/programas\/madrid-directo\/Los-Reyes-Magos-inician-su-paseo-por-Madrid-en-una-cabalgata-con-15-carrozas-y-homenaje-a-la-docencia-2-2850035008--20260105071145.html\" class=\"lnk\" target=\"_blank\" rel=\"nofollow noopener\">Los Reyes Magos inician su paseo por Madrid en una cabalgata con 15 carrozas y homenaje a la docencia<\/a><\/p>\n<p class=\"mce\">El desfile ha contado con <strong class=\"mce\">quince carrozas<\/strong>, entre ellas las de Sus Majestades, acompa\u00f1adas por siete compa\u00f1\u00edas nacionales y tres internacionales, <strong class=\"mce\">una comitiva de alrededor de 2.100 personas y m\u00e1s de 250 pajes reales<\/strong>, con circo, danza, m\u00fasica y grandes elementos esc\u00e9nicos. A lo largo del recorrido se han repartido <strong class=\"mce\">1.200 kilos de caramelos<\/strong>.<\/p>\n<p>                <a href=\"https:\/\/www.telemadrid.es\/programas\/madrid-directo\/Gaspar-preside-una-carroza-geometrica-en-la-cabalgata-que-homenajea-a-los-maestros-2-2850035009--20260105075826.html\" class=\"lnk\" target=\"_blank\" rel=\"nofollow noopener\">Gaspar preside una carroza geom\u00e9trica en la cabalgata que homenajea a los maestros<\/a><\/p>\n<p class=\"mce\">El recorrido ha culminado en la <strong class=\"mce\">plaza de Cibeles<\/strong> con un espect\u00e1culo de circo, magia y danza, que ha incluido actuaciones del <strong class=\"mce\">Teatro Circo Price y del mago Jorge Blass<\/strong>, y ha finalizado con un <strong class=\"mce\">espect\u00e1culo piromusical<\/strong> tras el discurso de los Reyes Magos.<\/p>\n<p>                <a href=\"https:\/\/www.telemadrid.es\/programas\/madrid-directo\/Los-Reyes-Magos-trasladan-un-mensaje-de-esfuerzo-e-ilusion-a-los-ninos-de-Madrid-2-2850035011--20260105091601.html\" class=\"lnk\" target=\"_blank\" rel=\"nofollow noopener\">Los Reyes Magos trasladan un mensaje de esfuerzo e ilusi\u00f3n a los ni\u00f1os de Madrid<\/a><\/p>\n<p class=\"mce\">Un trayecto pensado para todos los p\u00fablicos, ideal para disfrutar del espect\u00e1culo y vivir de cerca la emoci\u00f3n de una cabalgata que ha iluminado el coraz\u00f3n de Madrid.<\/p>\n","protected":false},"excerpt":{"rendered":"En el programa de hoy de Madrid Directo, vivimos la Cabalgata de Madrid 2026, que ha dado comienzo&hellip;\n","protected":false},"author":2,"featured_media":328187,"comment_status":"","ping_status":"","sticky":false,"template":"","format":"standard","meta":{"footnotes":""},"categories":[171],"tags":[517,209,168,95,2666,146,147,25,24,2661,2660,2665,2659,2667,2663,2662,2664,492,23,214,21],"class_list":{"0":"post-328186","1":"post","2":"type-post","3":"status-publish","4":"format-standard","5":"has-post-thumbnail","7":"category-tv","8":"tag-actualidad","9":"tag-cultura","10":"tag-deportes","11":"tag-economia","12":"tag-emision-en-directo","13":"tag-entertainment","14":"tag-entretenimiento","15":"tag-es","16":"tag-espana","17":"tag-internacionales","18":"tag-nacionales","19":"tag-noticias-de-hoy","20":"tag-noticias-de-madrid","21":"tag-podcast","22":"tag-programas-de-telemadrid","23":"tag-programas-de-television","24":"tag-programas-onda-madrid","25":"tag-sociedad","26":"tag-spain","27":"tag-tv","28":"tag-ultimas-noticias"},"share_on_mastodon":{"url":"https:\/\/pubeurope.com\/@es\/115855153430746050","error":""},"_links":{"self":[{"href":"https:\/\/www.europesays.com\/es\/wp-json\/wp\/v2\/posts\/328186","targetHints":{"allow":["GET"]}}],"collection":[{"href":"https:\/\/www.europesays.com\/es\/wp-json\/wp\/v2\/posts"}],"about":[{"href":"https:\/\/www.europesays.com\/es\/wp-json\/wp\/v2\/types\/post"}],"author":[{"embeddable":true,"href":"https:\/\/www.europesays.com\/es\/wp-json\/wp\/v2\/users\/2"}],"replies":[{"embeddable":true,"href":"https:\/\/www.europesays.com\/es\/wp-json\/wp\/v2\/comments?post=328186"}],"version-history":[{"count":0,"href":"https:\/\/www.europesays.com\/es\/wp-json\/wp\/v2\/posts\/328186\/revisions"}],"wp:featuredmedia":[{"embeddable":true,"href":"https:\/\/www.europesays.com\/es\/wp-json\/wp\/v2\/media\/328187"}],"wp:attachment":[{"href":"https:\/\/www.europesays.com\/es\/wp-json\/wp\/v2\/media?parent=328186"}],"wp:term":[{"taxonomy":"category","embeddable":true,"href":"https:\/\/www.europesays.com\/es\/wp-json\/wp\/v2\/categories?post=328186"},{"taxonomy":"post_tag","embeddable":true,"href":"https:\/\/www.europesays.com\/es\/wp-json\/wp\/v2\/tags?post=328186"}],"curies":[{"name":"wp","href":"https:\/\/api.w.org\/{rel}","templated":true}]}}