{"id":328188,"date":"2026-01-07T18:08:17","date_gmt":"2026-01-07T18:08:17","guid":{"rendered":"https:\/\/www.europesays.com\/es\/328188\/"},"modified":"2026-01-07T18:08:17","modified_gmt":"2026-01-07T18:08:17","slug":"muere-figura-del-rap-y-miembro-fundador-de-una-iconica-agrupacion-a-los-52-anos-de-edad-de-quien-se-trata","status":"publish","type":"post","link":"https:\/\/www.europesays.com\/es\/328188\/","title":{"rendered":"Muere figura del rap y miembro fundador de una ic\u00f3nica agrupaci\u00f3n, a los 52 a\u00f1os de edad: \u00bfDe qui\u00e9n se trata?"},"content":{"rendered":"<p>A inicios de diciembre del 2025, <a class=\"Link\" href=\"https:\/\/www.tvnotas.com.mx\/espectaculos-internacional\/querido-rapero-muere-a-los-26-anos-quien-fue-y-de-que-murio-poorstacy\" rel=\"nofollow noopener\" target=\"_blank\"><b>se confirm\u00f3 la muerte del famoso rapero POORSTACY, a los 26 a\u00f1os de edad<\/b><\/a>. Reconocido por una propuesta sonora que combinaba rap, punk y matices alternativos, POORSTACY se dio a conocer especialmente por sus frecuentes colaboraciones con Travis Barker, baterista de Blink-182.<\/p>\n<p>Nuevamente, el <b>mundo del rap despide a una de sus voces m\u00e1s influyentes de los a\u00f1os noventa, quien adem\u00e1s de su trabajo como solista, fue referente de un famoso colectivo musical.<\/b> La noticia fue confirmada por su familia el pasado domingo, y han comenzado las especulaciones sobre su muerte, pues falleci\u00f3 a los 52 a\u00f1os de edad. Te contamos qui\u00e9n era y cu\u00e1les fueron las causas.<\/p>\n<p>    <a class=\"AnchorLink\" id=\"image-c80000\" name=\"image-c80000\"\/><\/p>\n<p>    <img decoding=\"async\" class=\"Image\" alt=\"Silueta cantante, muerte\"  width=\"2560\" height=\"1440\" src=\"https:\/\/www.europesays.com\/es\/wp-content\/uploads\/2026\/01\/.png\" loading=\"lazy\" fetchpriority=\"low\"\/><\/p>\n<p>                Silueta cantante, muerte <\/p>\n<p>                    \/ <\/p>\n<p>                Canva<\/p>\n<p>    \u00bfQui\u00e9n es el famoso rapero que muri\u00f3 recientemente?<\/p>\n<p>El rapero franc\u00e9s Calbo, cuyo nombre real era Calbony M\u2019Bani, falleci\u00f3 el domingo 4 de enero, a los 52 a\u00f1os, seg\u00fan su familia. <b>El artista form\u00f3 parte del d\u00fao \u00c4rsenik, que fund\u00f3 en 1992 junto a su hermano Lino, y fue una de las figuras m\u00e1s representativas de la edad de oro del rap franc\u00e9s<\/b> durante la d\u00e9cada de los noventa.<\/p>\n<p><b>\u00c4rsenik alcanz\u00f3 gran popularidad en Francia a principios de los a\u00f1os noventa, una d\u00e9cada considerada fundamental para la consolidaci\u00f3n del rap en el pa\u00eds<\/b>. El d\u00fao destac\u00f3 por su lirismo directo, su conciencia social y una identidad sonora que conect\u00f3 con los barrios y con una juventud que buscaba nuevas formas de expresi\u00f3n.<\/p>\n<p>Calbo y Lino formaron parte del influyente colectivo Secteur \u00c4, junto a artistas como Passi, Doc Gyn\u00e9co y Stomy Bugsy, una <b>plataforma que impuls\u00f3 el rap franc\u00e9s hacia el gran p\u00fablico y que redefini\u00f3 el lugar del g\u00e9nero dentro de la industria musical<\/b>. <\/p>\n<p class=\"cms-textAlign-center\">Te puede interesar: <a class=\"Link\" href=\"https:\/\/www.tvnotas.com.mx\/espectaculos-internacional\/muere-rapero-baleado-en-halloween-filtran-desgarrador-video-de-intento-de-revivirlo\" target=\"_blank\" rel=\"noopener nofollow\"><b>Muere rapero baleado en Halloween, \u00a1filtran desgarrador video de intento de revivirlo!<\/b><\/a><\/p>\n<p>    <a class=\"AnchorLink\" id=\"image-0e0000\" name=\"image-0e0000\"\/><\/p>\n<p>    <img decoding=\"async\" class=\"Image\" alt=\"Muere el rapero Calbo, integrant de Arsenik\"  width=\"2560\" height=\"1440\" src=\"https:\/\/www.europesays.com\/es\/wp-content\/uploads\/2026\/01\/1767809295_228_.png\" loading=\"lazy\" fetchpriority=\"low\"\/><\/p>\n<p>                Muere el rapero Calbo, integrant de Arsenik <\/p>\n<p>                    \/ <\/p>\n<p>                Redes sociales<\/p>\n<p>    \u00bfDe qu\u00e9 muri\u00f3 Calbo, rapero franc\u00e9s que form\u00f3 parte de \u00c4rsenik?<\/p>\n<p>Aunque se conoc\u00eda que el rapero franc\u00e9s, <b>Calbo, padec\u00eda diabetes y que hab\u00eda sido hospitalizado en ocasiones anteriores, sus familiares no han precisado las causas exactas de su fallecimiento<\/b>.<\/p>\n<p>Su muerte ha generado una ola de reacciones en la escena musical francesa, donde Calbo era considerado no solo un pionero, sino tambi\u00e9n <b>una referencia humana y art\u00edstica para varias generaciones de raperos<\/b>.<\/p>\n<blockquote><p>La familia Mbani tiene la profunda tristeza de anunciar el fallecimiento de Calbony M\u2019Bani, conocido por el p\u00fablico como Calbo, ocurrido el 4 de enero de 2026. (&#8230;) m\u00e1s all\u00e1 de la figura p\u00fablica, Calbo era ante todo un ser querido, un familiar y un ser humano querido.<\/p><\/blockquote>\n<p>Comunicado de la familia Mbani<\/p>\n<p>Medios internacionales desconocen las causas o mayores detalles del fallecimiento de Calbo.<\/p>\n<p class=\"cms-textAlign-center\">Lee: <a class=\"Link\" href=\"https:\/\/www.tvnotas.com.mx\/espectaculos-mexico\/asesinan-a-famoso-rapero-tras-fuerte-discusion-en-su-casa-tenia-33-anos\" target=\"_blank\" rel=\"noopener nofollow\"><b>Asesinan a famoso rapero, tras fuerte discusi\u00f3n en su casa; ten\u00eda 33 a\u00f1os<\/b><\/a><\/p>\n<p>\u00bfQui\u00e9n era Calbo y cu\u00e1les son sus canciones m\u00e1s famosas?<\/p>\n<p><b>Calbo, nombre art\u00edstico de Calbony M\u2019Bani, fue una de las figuras m\u00e1s destacadas del rap franc\u00e9s durante la d\u00e9cada de los noventa<\/b>. Nacido en Francia dentro de una familia de ra\u00edces congole\u00f1as, alcanz\u00f3 notoriedad como cofundador del d\u00fao \u00c4rsenik, una formaci\u00f3n que influy\u00f3 de manera decisiva en el desarrollo del hip-hop en lengua francesa.<\/p>\n<p>Junto a su hermano menor Lino, <b>cre\u00f3 \u00c4rsenik en 1992, dando forma a un proyecto reconocido por su escritura intensa, introspectiva y con un fuerte contenido social<\/b>, rasgos que definieron su identidad art\u00edstica desde los inicios.<\/p>\n<p>    <a class=\"AnchorLink\" id=\"image-850000\" name=\"image-850000\"\/><\/p>\n<p>    <img decoding=\"async\" class=\"Image\" alt=\"\u00c4rsenik, d\u00fao de rap en el que participaba Calbo\"  width=\"2560\" height=\"1440\" src=\"https:\/\/www.europesays.com\/es\/wp-content\/uploads\/2026\/01\/1767809297_431_.png\" loading=\"lazy\" fetchpriority=\"low\"\/><\/p>\n<p>                \u00c4rsenik, d\u00fao de rap en el que participaba Calbo <\/p>\n<p>                    \/ <\/p>\n<p>                Redes sociales<\/p>\n<p>El punto de inflexi\u00f3n en su carrera lleg\u00f3 en 1998 con el lanzamiento del \u00e1lbum Quelques gouttes suffisent, considerado actualmente una obra fundamental del rap franc\u00e9s. <b>El disco obtuvo la certificaci\u00f3n de doble disco de oro y posicion\u00f3 al d\u00fao como un referente indiscutible del g\u00e9nero<\/b>. De este trabajo sobresalen canciones como:<\/p>\n<ul>\n<li>\u201cBoxe avec les mots\u201d y <\/li>\n<li>\u201cUne affaire de famille\u201d, uno de sus temas m\u00e1s reconocidos.<\/li>\n<\/ul>\n<p>De forma paralela a su trabajo con \u00c4rsenik, Calbo form\u00f3 parte de Bisso Na Bisso, un colectivo fundado en 1999 que reuni\u00f3 a raperos franceses de ascendencia congole\u00f1a.<\/p>\n<p class=\"cms-textAlign-center\">Te puede interesar: <a class=\"Link\" href=\"https:\/\/www.tvnotas.com.mx\/espectaculos-internacional\/muere-famoso-rapero-en-un-tiroteo-en-texas-junto-una-menor-edad-investigan-posible-sospechoso\" target=\"_blank\" rel=\"noopener nofollow\"><b>Muere famoso rapero en un tiroteo en Texas junto una menor edad: investigan posible sospechoso<\/b><\/a><\/p>\n<p>    <a class=\"AnchorLink\" id=\"arsenik-boxe-avec-les-mots-clip-officiel\" name=\"arsenik-boxe-avec-les-mots-clip-officiel\"\/><\/p>\n","protected":false},"excerpt":{"rendered":"A inicios de diciembre del 2025, se confirm\u00f3 la muerte del famoso rapero POORSTACY, a los 26 a\u00f1os&hellip;\n","protected":false},"author":2,"featured_media":328189,"comment_status":"","ping_status":"","sticky":false,"template":"","format":"standard","meta":{"footnotes":""},"categories":[170],"tags":[75068,4328,204,4807,75809,2996,146,147,25,24,75810,317,8938,4920,184,185,23],"class_list":{"0":"post-328188","1":"post","2":"type-post","3":"status-publish","4":"format-standard","5":"has-post-thumbnail","7":"category-musica","8":"tag-calbo","9":"tag-cantante","10":"tag-despedida","11":"tag-diabetes","12":"tag-disco-de-oro","13":"tag-enfermedad","14":"tag-entertainment","15":"tag-entretenimiento","16":"tag-es","17":"tag-espana","18":"tag-familia-mboni","19":"tag-francia","20":"tag-muere","21":"tag-muerte","22":"tag-music","23":"tag-musica","24":"tag-spain"},"share_on_mastodon":{"url":"https:\/\/pubeurope.com\/@es\/115855157355615363","error":""},"_links":{"self":[{"href":"https:\/\/www.europesays.com\/es\/wp-json\/wp\/v2\/posts\/328188","targetHints":{"allow":["GET"]}}],"collection":[{"href":"https:\/\/www.europesays.com\/es\/wp-json\/wp\/v2\/posts"}],"about":[{"href":"https:\/\/www.europesays.com\/es\/wp-json\/wp\/v2\/types\/post"}],"author":[{"embeddable":true,"href":"https:\/\/www.europesays.com\/es\/wp-json\/wp\/v2\/users\/2"}],"replies":[{"embeddable":true,"href":"https:\/\/www.europesays.com\/es\/wp-json\/wp\/v2\/comments?post=328188"}],"version-history":[{"count":0,"href":"https:\/\/www.europesays.com\/es\/wp-json\/wp\/v2\/posts\/328188\/revisions"}],"wp:featuredmedia":[{"embeddable":true,"href":"https:\/\/www.europesays.com\/es\/wp-json\/wp\/v2\/media\/328189"}],"wp:attachment":[{"href":"https:\/\/www.europesays.com\/es\/wp-json\/wp\/v2\/media?parent=328188"}],"wp:term":[{"taxonomy":"category","embeddable":true,"href":"https:\/\/www.europesays.com\/es\/wp-json\/wp\/v2\/categories?post=328188"},{"taxonomy":"post_tag","embeddable":true,"href":"https:\/\/www.europesays.com\/es\/wp-json\/wp\/v2\/tags?post=328188"}],"curies":[{"name":"wp","href":"https:\/\/api.w.org\/{rel}","templated":true}]}}