{"id":328198,"date":"2026-01-07T18:13:09","date_gmt":"2026-01-07T18:13:09","guid":{"rendered":"https:\/\/www.europesays.com\/es\/328198\/"},"modified":"2026-01-07T18:13:09","modified_gmt":"2026-01-07T18:13:09","slug":"estudian-las-muestras-de-las-misiones-apolo-y-descubren-que-la-nasa-lleva-equivocada-desde-2005","status":"publish","type":"post","link":"https:\/\/www.europesays.com\/es\/328198\/","title":{"rendered":"Estudian las muestras de las misiones Apolo y descubren que la NASA lleva equivocada desde 2005"},"content":{"rendered":"\n<ul class=\"bodyList bodyList--unordered\">\n<li class=\"bodyList__item\"><a href=\"https:\/\/www.elconfidencial.com\/tecnologia\/ciencia\/2026-01-02\/roca-lunar-apolo-algo-no-estar-ahi-opciones-1qrt_4256034\/\" target=\"_self\" rel=\"nofollow noopener\">Analizan una roca lunar tra\u00edda por la Apolo 17 y descubren algo que no deber\u00eda estar ah\u00ed: solo hay dos opciones<\/a><\/li>\n<li class=\"bodyList__item\"><a href=\"https:\/\/www.elconfidencial.com\/tecnologia\/ciencia\/2025-11-12\/roca-apolo-16-nasa-bases-luna-1qrt_4246023\/\" target=\"_self\" rel=\"nofollow noopener\">Una roca lunar tra\u00edda la Apolo 16 le dice a la NASA que no va a tener f\u00e1cil establecer bases permanentes<\/a><\/li>\n<\/ul>\n<p> Un nuevo an\u00e1lisis de las muestras lunares de las misiones Apolo ha obligado a revisar <strong>la teor\u00eda m\u00e1s aceptada por la NASA desde 2005<\/strong> sobre el origen de ciertos compuestos en la superficie de la Luna. El hallazgo, <a href=\"https:\/\/www.nature.com\/articles\/s43247-025-02960-4\" target=\"_blank\" rel=\"nofollow noopener\">publicado en la revista cient\u00edfica Nature Communications Earth &amp; Environment<\/a>, sugiere que nuestro sat\u00e9lite lleva miles de millones de a\u00f1os capturando fragmentos de la <a href=\"https:\/\/www.elconfidencial.com\/tecnologia\/ciencia\/2025-02-17\/evolucion-atmosfera-final-oxigeno-1qrt_4065396\/\" target=\"_self\" rel=\"nofollow noopener\">atm\u00f3sfera terrestre<\/a>. <\/p>\n<p> El estudio, <a href=\"https:\/\/www.rochester.edu\/newscenter\/lunar-soil-surface-earth-atmospheric-particles-687602\/\" target=\"_blank\" rel=\"nofollow noopener\">liderado por investigadores de la Universidad de Rochester<\/a>, reexamina el contenido del regolito lunar tra\u00eddo a la Tierra durante las misiones Apolo en la d\u00e9cada de 1970. Aquellas muestras ya hab\u00edan revelado la <strong>presencia de sustancias vol\u00e1tiles como nitr\u00f3geno, helio o agua<\/strong>, pero su procedencia segu\u00eda siendo motivo de debate cient\u00edfico. <\/p>\n<p> Durante casi dos d\u00e9cadas, la explicaci\u00f3n dominante apuntaba a que esos iones atmosf\u00e9ricos solo pudieron llegar a la Luna antes de que la Tierra desarrollara <a href=\"https:\/\/www.elconfidencial.com\/tecnologia\/ciencia\/2025-11-18\/punto-debil-campo-magnetico-tierra-1qrt_4249538\/\" target=\"_self\" rel=\"nofollow noopener\">su campo magn\u00e9tico<\/a>. Seg\u00fan esa hip\u00f3tesis, formulada en 2005, <strong>la magnetosfera habr\u00eda actuado como un escudo<\/strong> que imped\u00eda la fuga de part\u00edculas desde la atm\u00f3sfera terrestre hacia el espacio. <\/p>\n<p>            La magnetosfera como puente y no como barrera           <\/p>\n<p> Las nuevas simulaciones por ordenador y <a href=\"https:\/\/www.elconfidencial.com\/tecnologia\/novaceno\/2024-08-15\/misterio-origen-atmosfera-lunar-muestras-apolo_3943101\/\" target=\"_self\" rel=\"nofollow noopener\">el an\u00e1lisis conjunto de los datos de Apolo<\/a> cuestionan esa idea. Lejos de bloquear el proceso, el estudio indica que el campo magn\u00e9tico terrestre <strong>ha funcionado como una red de transporte para part\u00edculas cargadas<\/strong>, especialmente cuando la Luna atraviesa la cola magn\u00e9tica de la Tierra durante la fase de luna llena. <\/p>\n<p>              <img decoding=\"async\" class=\"inTextNews__img\" alt=\"Foto: doug-rowland-nasa-atmosfera-tierra-1qrt\" src=\"https:\/\/www.europesays.com\/es\/wp-content\/uploads\/2026\/01\/f.elconfidencial.com\/original\/fba\/427\/2d1\/fba4272d14708474fa83f161c6ef42d8.jpg\"  \/>     <\/p>\n<p>TE PUEDE INTERESAR<\/p>\n<p>      <a class=\"inTextNews__title\" href=\"https:\/\/www.elconfidencial.com\/tecnologia\/ciencia\/2025-08-16\/doug-rowland-nasa-atmosfera-tierra-1qrt_4191898\/\" onclick=\"window.ECCO.emit(&#039;amplitude&#039;, { dataEventName: &#039;click_related_article_module&#039;, data: { related_article_url: &#039;https:\/\/www.elconfidencial.com\/tecnologia\/ciencia\/2025-08-16\/doug-rowland-nasa-atmosfera-tierra-1qrt_4191898\/&#039;, related_article_author: &#039;R. Badillo&#039;, related_article_section: &#039;ciencia&#039; } })\" rel=\"nofollow noopener\" target=\"_blank\"> Doug Rowland, cient\u00edfico de la NASA: \u00abNing\u00fan astronauta ha salido nunca de la atm\u00f3sfera de la Tierra\u00bb <\/a>   <\/p>\n<p>    R. Badillo   <\/p>\n<p> Los investigadores compararon un escenario de <a href=\"https:\/\/www.elconfidencial.com\/tecnologia\/ciencia\/2025-12-29\/origen-objeto-mas-grande-chocar-tierra-1qrt_4255219\/\" target=\"_self\" rel=\"nofollow noopener\">Tierra primitiva<\/a>, sin magnetosfera y con un viento solar m\u00e1s intenso, con otro equivalente al planeta actual. Los resultados fueron claros: la <a href=\"https:\/\/www.elconfidencial.com\/tecnologia\/ciencia\/2025-04-21\/cientifico-nasa-astronauta-atmosfera-tierra-1qrt_4112736\/\" target=\"_self\" rel=\"nofollow noopener\">transferencia de part\u00edculas atmosf\u00e9ricas hacia la Luna<\/a> es m\u00e1s eficiente en el contexto moderno, con l\u00edneas de campo magn\u00e9tico que canalizan los iones hasta el suelo lunar. <\/p>\n<p> Seg\u00fan el trabajo, este mecanismo habr\u00eda comenzado hace unos 3.700 millones de a\u00f1os, poco despu\u00e9s de la formaci\u00f3n de la <a href=\"https:\/\/www.elconfidencial.com\/tecnologia\/novaceno\/2025-09-18\/nasa-investigacion-tormenta-solar-tierra-actividad-sol_4211655\/\" target=\"_self\" rel=\"nofollow noopener\">magnetosfera<\/a>, y podr\u00eda seguir activo hoy. Esto implica que <strong>la Luna no conserva solo restos de la atm\u00f3sfera primigenia<\/strong>, sino un archivo mucho m\u00e1s amplio de la evoluci\u00f3n atmosf\u00e9rica de la Tierra. <\/p>\n<p>            Un archivo geol\u00f3gico clave para futuras misiones           <\/p>\n<p> <a href=\"https:\/\/www.pas.rochester.edu\/people\/faculty\/blackman_eric\/index.html\" target=\"_blank\" rel=\"nofollow noopener\">Eric Blackman<\/a>, f\u00edsico te\u00f3rico y coautor del estudio, explica que \u201cal combinar part\u00edculas preservadas en el suelo lunar con modelos computacionales del <a href=\"https:\/\/www.elconfidencial.com\/tecnologia\/ciencia\/2025-11-02\/europa-tormenta-solar-que-pasaria-hoy-1qrt_4236246\/\" target=\"_self\" rel=\"nofollow noopener\">viento solar<\/a>, podemos reconstruir la historia de la atm\u00f3sfera y del campo magn\u00e9tico terrestre\u201d. Esta reinterpretaci\u00f3n <strong>otorga a las muestras de Apolo un valor cient\u00edfico mayor<\/strong> del que se pensaba. <\/p>\n<p>                  <img decoding=\"async\" class=\"inTextNews__img\" alt=\"Foto: astronautas-apolo-vidrio-naranja-luna-1qrt\" src=\"https:\/\/www.europesays.com\/es\/wp-content\/uploads\/2026\/01\/f.elconfidencial.com\/original\/12f\/4bd\/10a\/12f4bd10afb1ffe1571548dbe7af4a56.jpg\"  \/>     <\/p>\n<p>TE PUEDE INTERESAR<\/p>\n<p>      <a class=\"inTextNews__title\" href=\"https:\/\/www.elconfidencial.com\/tecnologia\/ciencia\/2025-06-17\/astronautas-apolo-vidrio-naranja-luna-1qrt_4153264\/\" onclick=\"window.ECCO.emit(&#039;amplitude&#039;, { dataEventName: &#039;click_related_article_module&#039;, data: { related_article_url: &#039;https:\/\/www.elconfidencial.com\/tecnologia\/ciencia\/2025-06-17\/astronautas-apolo-vidrio-naranja-luna-1qrt_4153264\/&#039;, related_article_author: &#039;R. Badillo&#039;, related_article_section: &#039;ciencia&#039; } })\" rel=\"nofollow noopener\" target=\"_blank\"> En 1969, la misi\u00f3n Apolo XI encontr\u00f3 &#8216;cuentas de vidrio naranja&#8217; en la Luna: por fin sabemos qu\u00e9 son <\/a>   <\/p>\n<p>    R. Badillo   <\/p>\n<p> El hallazgo tambi\u00e9n refuerza el inter\u00e9s de programas como <a href=\"https:\/\/www.elconfidencial.com\/tecnologia\/2025-09-24\/astronautas-nasa-artemis-ii-luna-cara-oculta_4215691\/\" target=\"_self\" rel=\"nofollow noopener\">Artemis<\/a>, con los que la NASA planea regresar a la Luna. El nuevo regolito que se recoja podr\u00eda ayudar a entender <strong>c\u00f3mo ha cambiado la atm\u00f3sfera terrestre<\/strong> y ofrecer pistas sobre procesos similares en otros planetas, <a href=\"https:\/\/www.elconfidencial.com\/tecnologia\/ciencia\/2025-12-04\/marte-tiempo-pasa-mas-rapido-tierra-1qrt_4260618\/\" target=\"_self\" rel=\"nofollow noopener\">como Marte<\/a>, con implicaciones directas para el estudio de la habitabilidad planetaria. <\/p>\n","protected":false},"excerpt":{"rendered":"Analizan una roca lunar tra\u00edda por la Apolo 17 y descubren algo que no deber\u00eda estar ah\u00ed: solo&hellip;\n","protected":false},"author":2,"featured_media":328199,"comment_status":"","ping_status":"","sticky":false,"template":"","format":"standard","meta":{"footnotes":""},"categories":[81],"tags":[119,123,124,25,24,117,121,122,23,118,120],"class_list":{"0":"post-328198","1":"post","2":"type-post","3":"status-publish","4":"format-standard","5":"has-post-thumbnail","7":"category-ciencia-y-tecnologia","8":"tag-ciencia","9":"tag-ciencia-y-tecnologia","10":"tag-cienciaytecnologia","11":"tag-es","12":"tag-espana","13":"tag-science","14":"tag-science-and-technology","15":"tag-scienceandtechnology","16":"tag-spain","17":"tag-technology","18":"tag-tecnologia"},"share_on_mastodon":{"url":"https:\/\/pubeurope.com\/@es\/115855176920166295","error":""},"_links":{"self":[{"href":"https:\/\/www.europesays.com\/es\/wp-json\/wp\/v2\/posts\/328198","targetHints":{"allow":["GET"]}}],"collection":[{"href":"https:\/\/www.europesays.com\/es\/wp-json\/wp\/v2\/posts"}],"about":[{"href":"https:\/\/www.europesays.com\/es\/wp-json\/wp\/v2\/types\/post"}],"author":[{"embeddable":true,"href":"https:\/\/www.europesays.com\/es\/wp-json\/wp\/v2\/users\/2"}],"replies":[{"embeddable":true,"href":"https:\/\/www.europesays.com\/es\/wp-json\/wp\/v2\/comments?post=328198"}],"version-history":[{"count":0,"href":"https:\/\/www.europesays.com\/es\/wp-json\/wp\/v2\/posts\/328198\/revisions"}],"wp:featuredmedia":[{"embeddable":true,"href":"https:\/\/www.europesays.com\/es\/wp-json\/wp\/v2\/media\/328199"}],"wp:attachment":[{"href":"https:\/\/www.europesays.com\/es\/wp-json\/wp\/v2\/media?parent=328198"}],"wp:term":[{"taxonomy":"category","embeddable":true,"href":"https:\/\/www.europesays.com\/es\/wp-json\/wp\/v2\/categories?post=328198"},{"taxonomy":"post_tag","embeddable":true,"href":"https:\/\/www.europesays.com\/es\/wp-json\/wp\/v2\/tags?post=328198"}],"curies":[{"name":"wp","href":"https:\/\/api.w.org\/{rel}","templated":true}]}}