{"id":328206,"date":"2026-01-07T18:18:08","date_gmt":"2026-01-07T18:18:08","guid":{"rendered":"https:\/\/www.europesays.com\/es\/328206\/"},"modified":"2026-01-07T18:18:08","modified_gmt":"2026-01-07T18:18:08","slug":"esta-en-las-antipodas-del-gobierno","status":"publish","type":"post","link":"https:\/\/www.europesays.com\/es\/328206\/","title":{"rendered":"\u201cEst\u00e1 en las ant\u00edpodas del Gobierno\u201d"},"content":{"rendered":"<p class=\"article-text\">\n        Pedro S\u00e1nchez no se sentar\u00e1 con el l\u00edder de la ultraderecha espa\u00f1ola, Santiago Abascal, en la ronda con los grupos pol\u00edticos que ha anunciado para informarles de los \u00faltimos acontecimientos sobre Ucrania y, en concreto, los avances de los aliados europeos hacia el env\u00edo de tropas de paz en el caso de que se lograra un hipot\u00e9tico alto el fuego. Por primera vez, el Gobierno se ha abierto a que soldados espa\u00f1oles se desplieguen en Ucrania en misiones de paz que en el propio Ejecutivo son muy incipientes. La decisi\u00f3n requiere del apoyo del Congreso y es uno de los asuntos que S\u00e1nchez sondear\u00e1 en las reuniones que prev\u00e9 mantener a partir del pr\u00f3ximo lunes.\n    <\/p>\n<p>    <a href=\"https:\/\/www.eldiario.es\/politica\/agresion-venezuela-lleva-espana-nuevo-choque-trump-frente-tibieza-ue_1_12886238.html\" data-mrf-recirculation=\"saber-mas\" data-dl-event=\"saber-mas\" rel=\"nofollow noopener\" target=\"_blank\"><\/p>\n<p class=\"know-more__title\">La agresi\u00f3n a Venezuela lleva a Espa\u00f1a a un nuevo choque con Trump frente a la tibieza de la UE<\/p>\n<p>            <img decoding=\"async\" class=\"lazy\" loading=\"lazy\" data-src=\"https:\/\/static.eldiario.es\/clip\/48f0f414-0314-4fef-9ee8-35e70710f0e7_16-9-aspect-ratio_default_0.jpg\" src=\"data:image\/svg+xml,%3Csvg xmlns=\" http:=\"\" viewbox=\"0 0 880 495\" alt=\"La agresi\u00f3n a Venezuela lleva a Espa\u00f1a a un nuevo choque con Trump frente a la tibieza de la UE\"\/><\/p>\n<p>                        <\/a><\/p>\n<p class=\"article-text\">\n        A\u00fan se est\u00e1n ultimando las agendas, pero la intenci\u00f3n de Moncloa es comenzar con el jefe de la oposici\u00f3n, Alberto N\u00fa\u00f1ez Feij\u00f3o, por cuesti\u00f3n protocolaria. Sin embargo, Vox quedar\u00e1 fuera de la ronda. \u201cCada vez que han tenido posibilidad de posicionarse sobre Ucrania lo han hecho del lado de [Viktor] Orb\u00e1n\u201d, ha dicho la portavoz, Elma Saiz, en referencia al ultraderechista h\u00fangaro, que es una piedra en el zapato de la UE a la hora de prestar apoyo a Ucrania. \u201cVox, que representa ultraderecha, est\u00e1 en las ant\u00edpodas en lo que es la pol\u00edtica exterior del Gobierno de Espa\u00f1a. Ya sabemos que cada vez que tienen oportunidad se lo demuestran. Ya sabemos lo que piensan. No tenemos nada que hablar con esa formaci\u00f3n\u201d, ha precisado posteriormente Saiz.\n    <\/p>\n<p class=\"article-text\">\n        Aunque Ucrania es el motivo de la reuni\u00f3n, S\u00e1nchez abordar\u00e1 la situaci\u00f3n en Venezuela, aprovechando, adem\u00e1s, la complicada situaci\u00f3n del PP, que aplaudi\u00f3 la intervenci\u00f3n ilegal de Donald Trump para derrocar a Nicol\u00e1s Maduro, pero ve ahora que el r\u00e9gimen contin\u00faa con Delcy Rodr\u00edguez. \u201cVeo al PP desubicado en temas internacionales. Lo est\u00e1n en Venezuela y veo que est\u00e1n desubicados en algo tan fundamental como la guerra en Ucrania\u201d, ha dicho el ministro de Exteriores, Jos\u00e9 Manuel Albares, sobre la posici\u00f3n de Feij\u00f3o respecto al env\u00edo de tropas, cuyo apoyo ha dejado en el aire al sugerir que tendr\u00eda que ser algo en el marco de la UE. \u201cLlevamos desde el primer d\u00eda trabajando conjuntamente y, por supuesto, dentro del marco de la UE\u201d, ha recordado Albares sobre la reuni\u00f3n de este martes en Par\u00eds en la que se avanz\u00f3 en el marco de la coalici\u00f3n de voluntarios.\n    <\/p>\n<p class=\"article-text\">\n        Tambi\u00e9n ha atizado al PP por sus cr\u00edticas a Jos\u00e9 Luis Rodr\u00edguez Zapatero y la labor de intermediaci\u00f3n que ha tenido desde 2015 en Venezuela a petici\u00f3n inicialmente de la oposici\u00f3n. \u201cEvidentemente no act\u00faa en nombre del Gobierno de Espa\u00f1a ni con un mandato del Gobierno de Espa\u00f1a, pero realiza una labor que, desde luego, el Gobierno de Espa\u00f1a reconoce y valora\u201d, ha expresado Albares. Aunque se ha referido en presente a la labor del expresidente, fuentes gubernamentales aseguran que no les consta que haya tenido un papel espec\u00edfico en los acontecimientos de los \u00faltimos d\u00edas. En todo caso, sostienen que no es mandatado por el Gobierno.\n    <\/p>\n<p class=\"article-text\">\n        \u201cViene ejerciendo una labor que ha sido reconocida en m\u00faltiples ocasiones por la oposici\u00f3n venezolana e incluso en otros momentos por el propio Partido Popular. Verifique la hemeroteca. Ah\u00ed est\u00e1n las declaraciones del entonces presidente Mariano Rajoy, agradeciendo al expresidente Zapatero toda su labor para la liberaci\u00f3n de Leopoldo L\u00f3pez\u201d, ha apuntado Albares: \u201cEran otros tiempos en los que el Partido Popular no intentaba probablemente utilizar al pueblo de Venezuela como un burdo instrumento de desgaste en la pol\u00edtica nacional\u201d.\n    <\/p>\n<p class=\"article-text\">\n        Albares ha dicho que el Gobierno de Rajoy \u201cno movi\u00f3 ni un dedo\u201d por la oposici\u00f3n venezolana, que en los \u00faltimos a\u00f1os se ha multiplicado en Espa\u00f1a con el reconocimiento del asilo para 200.000 personas. \u201cCuando se habla de un expresidente como el ex presidente Rodr\u00edguez Zapatero, es tambi\u00e9n la dignidad del Estado espa\u00f1ol la que est\u00e1 en juego\u201d, ha agregado el ministro, que ha pedido \u201crespeto\u201d hacia el exdirigente socialista.\n    <\/p>\n<p class=\"article-text\">\n        En cuanto a la mediaci\u00f3n que ha ofrecido Espa\u00f1a, el ministro de Exteriores se ha referido a \u201csus buenos oficios dado que es un actor que habla con Gobierno y con oposici\u00f3n\u201d. \u201cSi las partes lo consideran \u00fatil, si lo consideran que puede aportar, si es necesario, desde luego, Espa\u00f1a va a estar ah\u00ed\u201d, ha dicho el jefe de la diplomacia sin referirse, no obstante, a EEUU en esa ecuaci\u00f3n porque, al fin y al cabo, es Trump el que asegura que dirige el pa\u00eds controlando y supervisando a Delcy Rodr\u00edguez.\n    <\/p>\n<p>    \u201cNo hay indicio de inquietud\u201d para las empresas<\/p>\n<p class=\"article-text\">\n        Y Trump no ha hecho ninguna alusi\u00f3n a la celebraci\u00f3n de elecciones en Venezuela, por ejemplo, sino que se ha limitado a hablar del control, especialmente del petr\u00f3leo. Preguntado por la posible afectaci\u00f3n de las compa\u00f1\u00edas espa\u00f1olas y, espec\u00edficamente Repsol, Albares ha dicho que estuvo en contacto este fin de semana con ellas as\u00ed como con el embajador en Caracas. \u201cEst\u00e1n tranquilas y yo comparto ese an\u00e1lisis y no hay ning\u00fan indicio de que haya ninguna inquietud por ellas\u201d. \u201cEn cualquier caso, las empresas espa\u00f1olas y la de sus presidentes, cuando habl\u00e9 con ellos saben perfectamente que tienen el respaldo del Gobierno de Espa\u00f1a ante cualquier eventualidad, que en estos momentos no solamente no estamos en esa hip\u00f3tesis, sino que nada indica que vayamos a estar en ella\u201d, ha dicho el jefe de la diplomacia.\n    <\/p>\n<p>    <a href=\"https:\/\/www.eldiario.es\/politica\/espana-mantendra-relacion-delcy-rodriguez-oposicion-acercamiento-captura-maduro_1_12885881.html\" data-mrf-recirculation=\"saber-mas-abajo\" data-dl-event=\"saber-mas-abajo\" rel=\"nofollow noopener\" target=\"_blank\"><\/p>\n<p class=\"know-more__title\">Espa\u00f1a mantendr\u00e1 la relaci\u00f3n con Delcy Rodr\u00edguez y la oposici\u00f3n para intentar un \u201cacercamiento\u201d tras la captura de Maduro<\/p>\n<p>            <img decoding=\"async\" class=\"lazy\" loading=\"lazy\" data-src=\"https:\/\/static.eldiario.es\/clip\/f7bc6f82-94f4-4ff8-b331-01d91475272a_16-9-aspect-ratio_default_0.jpg\" src=\"data:image\/svg+xml,%3Csvg xmlns=\" http:=\"\" viewbox=\"0 0 880 495\" alt=\"Espa\u00f1a mantendr\u00e1 la relaci\u00f3n con Delcy Rodr\u00edguez y la oposici\u00f3n para intentar un \u201cacercamiento\u201d tras la captura de Maduro\"\/><\/p>\n<p>                        <\/a><\/p>\n<p class=\"article-text\">\n        En t\u00e9rminos similares se ha pronunciado el ministro de Econom\u00eda, Carlos Cuerpo, que ha asegurado que est\u00e1n en \u201ccontacto continuo\u201d con las cerca de 60 empresas que tienen presencia en Venezuela, entre las que tambi\u00e9n se encuentran Telef\u00f3nica, BBVA, Mapfre o Inditex. \u201cPor ahora no se ha identificado por parte de ellas ninguna afectaci\u00f3n significativa. Esto es importante en cualquier caso. Por supuesto que seguiremos de manera cercana y continua monitorizando la situaci\u00f3n junto a ellas y adem\u00e1s, por supuesto, apoy\u00e1ndolas en todo momento\u201d, ha rematado.\n    <\/p>\n","protected":false},"excerpt":{"rendered":"Pedro S\u00e1nchez no se sentar\u00e1 con el l\u00edder de la ultraderecha espa\u00f1ola, Santiago Abascal, en la ronda con&hellip;\n","protected":false},"author":2,"featured_media":328207,"comment_status":"","ping_status":"","sticky":false,"template":"","format":"standard","meta":{"footnotes":""},"categories":[5],"tags":[75811,17,18,22728,51,25,24,13,14,8471,582,11,19,20,9,10,15,16,9251,199,23,12,7081,21,22,624],"class_list":{"0":"post-328206","1":"post","2":"type-post","3":"status-publish","4":"format-standard","5":"has-post-thumbnail","7":"category-titulares","8":"tag-antipodas","9":"tag-breaking-news","10":"tag-breakingnews","11":"tag-contactos","12":"tag-deja","13":"tag-es","14":"tag-espana","15":"tag-featured-news","16":"tag-featurednews","17":"tag-fuera","18":"tag-gobierno","19":"tag-headlines","20":"tag-latest-news","21":"tag-latestnews","22":"tag-news","23":"tag-noticias","24":"tag-noticias-destacadas","25":"tag-noticiasdestacadas","26":"tag-ronda","27":"tag-sanchez","28":"tag-spain","29":"tag-titulares","30":"tag-ucrania","31":"tag-ultimas-noticias","32":"tag-ultimasnoticias","33":"tag-vox"},"share_on_mastodon":{"url":"https:\/\/pubeurope.com\/@es\/115855196350482745","error":""},"_links":{"self":[{"href":"https:\/\/www.europesays.com\/es\/wp-json\/wp\/v2\/posts\/328206","targetHints":{"allow":["GET"]}}],"collection":[{"href":"https:\/\/www.europesays.com\/es\/wp-json\/wp\/v2\/posts"}],"about":[{"href":"https:\/\/www.europesays.com\/es\/wp-json\/wp\/v2\/types\/post"}],"author":[{"embeddable":true,"href":"https:\/\/www.europesays.com\/es\/wp-json\/wp\/v2\/users\/2"}],"replies":[{"embeddable":true,"href":"https:\/\/www.europesays.com\/es\/wp-json\/wp\/v2\/comments?post=328206"}],"version-history":[{"count":0,"href":"https:\/\/www.europesays.com\/es\/wp-json\/wp\/v2\/posts\/328206\/revisions"}],"wp:featuredmedia":[{"embeddable":true,"href":"https:\/\/www.europesays.com\/es\/wp-json\/wp\/v2\/media\/328207"}],"wp:attachment":[{"href":"https:\/\/www.europesays.com\/es\/wp-json\/wp\/v2\/media?parent=328206"}],"wp:term":[{"taxonomy":"category","embeddable":true,"href":"https:\/\/www.europesays.com\/es\/wp-json\/wp\/v2\/categories?post=328206"},{"taxonomy":"post_tag","embeddable":true,"href":"https:\/\/www.europesays.com\/es\/wp-json\/wp\/v2\/tags?post=328206"}],"curies":[{"name":"wp","href":"https:\/\/api.w.org\/{rel}","templated":true}]}}