{"id":328216,"date":"2026-01-07T18:29:24","date_gmt":"2026-01-07T18:29:24","guid":{"rendered":"https:\/\/www.europesays.com\/es\/328216\/"},"modified":"2026-01-07T18:29:24","modified_gmt":"2026-01-07T18:29:24","slug":"invertir-un-1-del-presupuesto-en-el-punto-de-contacto-mejora-el-100-de-la-experiencia","status":"publish","type":"post","link":"https:\/\/www.europesays.com\/es\/328216\/","title":{"rendered":"\u201cInvertir un 1% del presupuesto en el punto de contacto mejora el 100% de la experiencia\u00bb"},"content":{"rendered":"<p>Hablar de <a href=\"https:\/\/www.revistainteriores.es\/tendencias\/asi-es-nuevo-lujo-segun-expertos-arquitectura-sentir-que-vives-alejado-ciudad-pleno-centro_11484\" rel=\"nofollow noopener\" target=\"_blank\">lujo en arquitectura<\/a> suele llevarnos a pensar en <strong>materiales exclusivos, superficies infinitas o marcas reconocibles<\/strong>. Pero para <a href=\"https:\/\/www.revistainteriores.es\/estilo-de-vida\/jaime-salva-arquitecto-sobre-casas-jubilados-antiguo-cuarto-ninos-pierde-sentido-hay-que-evitar-efecto-trastero_12513\" rel=\"nofollow noopener\" target=\"_blank\">Jaime Salv\u00e1 <\/a>el concepto va por otro camino. Su trabajo en Mallorca, estrechamente ligado al clima mediterr\u00e1neo y a la vida cotidiana real de los usuarios, le ha llevado a una conclusi\u00f3n clara: <strong>el lujo no es una imagen, es una consecuencia.<\/strong> No se compra, se dise\u00f1a. Y empieza mucho antes de <a href=\"https:\/\/www.revistainteriores.es\/ideas-casa\/carmen-vontrueba-arquitecta-interiorista-cocinas-marmol-materiales_11447\" rel=\"nofollow noopener\" target=\"_blank\">pensar en el m\u00e1rmol<\/a>, el mobiliario o las l\u00e1mparas.<\/p>\n<p>Por eso, Jaime Salv\u00e1 propone <strong>volver a lo esencial: a la arquitectura que funciona<\/strong>, que evita fricciones y que convierte cada d\u00eda en una experiencia mejor.<\/p>\n<p>Qu\u00e9 es el lujo en arquitectura, seg\u00fan Jaime Salv\u00e1&#13;<img loading=\"lazy\" decoding=\"async\"   src=\"https:\/\/www.europesays.com\/es\/wp-content\/uploads\/2026\/01\/retrato-jaime-salva_ceccccbf_240424093408_251215221816_1280x794.webp.webp\" alt=\"Retrato Jaime Salv\u00e1\" class=\"lazyload\" width=\"1280\" height=\"794\" data-aspectratio=\"1280\/794\"\/><\/p>\n<p>&#13;&#13;Foto: Jaime Salv\u00e1&#13;<\/p>\n<p> <a href=\"https:\/\/www.revistainteriores.es\/estilo-de-vida\/pareja-construye-casa-90-m2-paja-por-36000-euros-autosuficiente-bioclimatica-lista-para-habitar_12707\" data-ga4_event=\"custom_event\" data-ga4_event_name=\"click_intext\" data-ga4_link_url=\"https:\/\/www.revistainteriores.es\/estilo-de-vida\/pareja-construye-casa-90-m2-paja-por-36000-euros-autosuficiente-bioclimatica-lista-para-habitar_12707\" data-ga4_link_text=\"una_pareja_construye_una_casa_de_90_m2_con_paja_por_36.000_euros\" data-ga4_content_type=\"photo\" data-ga4_element=\"related\" rel=\"nofollow noopener\" target=\"_blank\">&#13;&#13;<img loading=\"lazy\" decoding=\"async\" src=\"https:\/\/www.europesays.com\/es\/wp-content\/uploads\/2026\/01\/bioconstruccion-con-paja_31aa5b7d_260107141343_600x600.webp.webp\" alt=\"Bioconstrucci\u00f3n con paja\" class=\"lazyload\" width=\"600\" height=\"600\" data-aspectratio=\"600\/600\"\/>&#13;&#13;<\/p>\n<p class=\"epigraph\">                    &#13;Noticia relacionada<\/p>\n<p class=\"title\">Una pareja construye una casa de 90 m2 con paja por 36.000 euros<\/p>\n<p><\/a><\/p>\n<p>Para el arquitecto, la base es clara: <strong>\u201cEl lujo no empieza en los materiales ni en las marcas. Empieza en que el proyecto est\u00e9 bien resuelto\u201d<\/strong>. Esto implica trabajar primero con lo que realmente condiciona la vida interior: <strong>clima, orientaci\u00f3n, ventilaci\u00f3n cruzada, vistas bien enmarcadas<\/strong> y <a href=\"https:\/\/www.revistainteriores.es\/ideas-casa\/rebeca-campo-sandra-rodriguez-interioristas-calentar-casa-aerotermia-suelo-radiante-placas-solares-es-apuesta-ganadora_12564\" rel=\"nofollow noopener\" target=\"_blank\">confort t\u00e9rmico<\/a> y ac\u00fastico. Todo ello, dice, debe resolverse antes de elegir un solo acabado. Y, si la arquitectura falla en esa capa inicial, no hay dise\u00f1o que lo maquille porque, como comenta, <strong>\u201csin buena arquitectura, no hay lujo\u201d.<\/strong><\/p>\n<p>Despu\u00e9s llega la armon\u00eda, ese equilibrio que se percibe al <strong>entrar en un espacio donde todo encaja.<\/strong> \u201cMuchas veces no se sabe explicar el motivo, pero se aprecia al instante\u201d, afirma. <a href=\"https:\/\/www.revistainteriores.es\/ideas-casa\/jose-garcia-arquitecto-reforma-precio-coste-final-decisiones-constructor_12235\" rel=\"nofollow noopener\" target=\"_blank\">La clave no es el coste<\/a>, sino que <strong>la planta, las secciones, la luz natural y los materiales dialoguen sin competir.<\/strong><\/p>\n<p>&#13;<img loading=\"lazy\" decoding=\"async\"   src=\"https:\/\/www.europesays.com\/es\/wp-content\/uploads\/2026\/01\/azure-jaime-salva-ricard-lopez-1_f6cbb304_251215222328_1280x1706.webp.webp\" alt=\"Azure Jaime Salva\u0301 Ricard Lo\u0301pez 1\" class=\"lazyload\" width=\"1280\" height=\"1706\" data-aspectratio=\"1280\/1706\"\/><\/p>\n<p>&#13;&#13;Foto: Ricard Lo\u0301pez&#13;<\/p>\n<p>Otro punto crucial son las proporciones. <strong>Jaime Salv\u00e1 rechaza la pregunta habitual de \u201c\u00bfes grande o peque\u00f1o?\u201d<\/strong> porque <a href=\"https:\/\/www.revistainteriores.es\/tendencias\/pisos-pequenos-aprovecha-esquinas-gana-espacios-almacenaje_12034\" rel=\"nofollow noopener\" target=\"_blank\">la comodidad no depende de los metros<\/a>, sino de c\u00f3mo se relacionan ancho, largo y altura. <strong>Un espacio proporcionado, aunque sea compacto, resulta intuitivo y amable.<\/strong><\/p>\n<p>Adem\u00e1s, el lujo tambi\u00e9n se expresa en el confort perceptible: <strong>privacidad bien resuelta, luz natural a la hora adecuada, aire que fluye sin ruido y una ac\u00fastica que permite hablar en voz baja<\/strong>. Y en decisiones muy concretas que afectan al d\u00eda a d\u00eda: <strong>pavimentos exteriores que no resbalan, pasamanos que no queman al sol, recorridos claros,<\/strong><a href=\"https:\/\/www.revistainteriores.es\/ideas-casa\/adios-estantes-10-ideas-almacenaje-sin-llenar-paredes-agujeros_12359\" rel=\"nofollow noopener\" target=\"_blank\">almacenaje suficiente<\/a> y <strong>puertas que no golpean<\/strong>.<\/p>\n<p>Peque\u00f1os aciertos que evitan fricciones y elevan la calidad de vida&#13;<img loading=\"lazy\" decoding=\"async\"   src=\"https:\/\/www.europesays.com\/es\/wp-content\/uploads\/2026\/01\/son-llaneres-jaime-salva-mauricio-fuertes-9_5c93ab1e_251215221903_1920x1281.webp.webp\" alt=\"Son Llaneres Jaime Salva\u0301 Mauricio Fuertes 9\" class=\"lazyload\" width=\"1920\" height=\"1281\" data-aspectratio=\"1920\/1281\"\/><\/p>\n<p>&#13;&#13;Foto: Mauricio Fuertes Arquitectura: Jaime Salv\u00e1&#13;<\/p>\n<p>Para <a href=\"https:\/\/www.revistainteriores.es\/ideas-casa\/jaime-salva-arquitecto-error-reformar-piso-modificar-proyecto-obra-costoso-arriesgado_12212\" rel=\"nofollow noopener\" target=\"_blank\">Jaime Salv\u00e1<\/a>, lo que diferencia una buena casa de una vivienda excepcional es<strong> la suma de detalles que el usuario percibe sin pensar en ellos<\/strong>. El primer pilar son <strong>los\u00a0materiales adecuados<\/strong>: no los m\u00e1s caros, sino los que <strong>responden al clima, envejecen bien y requieren poco mantenimiento.<\/strong> \u201cA veces, invertir un 1% del presupuesto en el punto de contacto correcto mejora el 100% de la experiencia\u201d.<\/p>\n<p><strong>El proyecto debe\u00a0contar una historia: la del lugar y la del cliente. <\/strong>De ese an\u00e1lisis salen decisiones aparentemente peque\u00f1as pero decisivas: orientar un hueco para evitar miradas cruzadas, <a href=\"https:\/\/www.revistainteriores.es\/decoracion\/como-tener-porche-bien-amueblado-y-decorado-ideas_8547\" rel=\"nofollow noopener\" target=\"_blank\">dise\u00f1ar un porche<\/a> que capture la brisa o dar protagonismo a una escalera que organice la vida de la casa.<\/p>\n<p>&#13;<img loading=\"lazy\" decoding=\"async\"   src=\"https:\/\/www.europesays.com\/es\/wp-content\/uploads\/2026\/01\/casa-con-piscina-jaime-salva_5900a4ae_251215222435_1280x853.webp.webp\" alt=\"Casa con piscina Jaime Salv\u00e1\" class=\"lazyload\" width=\"1280\" height=\"853\" data-aspectratio=\"1280\/853\"\/><\/p>\n<p>&#13;&#13;Foto: Mauricio Fuertes&#13;<\/p>\n<p>Tambi\u00e9n valora las decisiones que resuelven: <strong>subir unos cent\u00edmetros la cota<\/strong> de estar para eliminar una vista indeseada,<strong> integrar un banco de obra <\/strong>en la entrada para descalzarse c\u00f3modamente o <strong>alinear un nicho de ducha con la luz de la ma\u00f1ana<\/strong>. Y, c\u00f3mo no, est\u00e1n las\u00a0experiencias: <a href=\"https:\/\/www.revistainteriores.es\/decoracion\/duchas-exterior-para-terrazas-guia-definitiva-para-elegir-mejor-para-tu-espacio_11689\" rel=\"nofollow noopener\" target=\"_blank\">una ducha exterior protegida<\/a>, un mirador para el atardecer o un porche utilizable casi todo el a\u00f1o. <strong>No dependen del presupuesto, sino de la correcta lectura del clima.<\/strong><\/p>\n<p>Finalmente, <strong>defiende la\u00a0multisensorialidad con medida<\/strong>: materiales agradables al tacto, reverberaci\u00f3n controlada, <a href=\"https:\/\/www.revistainteriores.es\/ideas-casa\/adios-luz-tu-techo-esta-arruinando-decoracion-tu-casa-tipos-iluminacion-secundaria-para-hogares-acogedores_11855\" rel=\"nofollow noopener\" target=\"_blank\">iluminaci\u00f3n artificial clara y f\u00e1cil de usar<\/a>, olor a piedra mojada en un patio despu\u00e9s de la lluvia. <strong>En definitiva, lujo entendido como bienestar.<\/strong><\/p>\n<p>10 gestos discretos que elevan el confort&#13;<img loading=\"lazy\" decoding=\"async\"   src=\"https:\/\/www.europesays.com\/es\/wp-content\/uploads\/2026\/01\/jaime-salva-villa-evoque-mallorca-5_9ed57f46_251215221929_1520x1013.webp.webp\" alt=\"jaime salva villa evoque mallorca 5\" class=\"lazyload\" width=\"1520\" height=\"1013\" data-aspectratio=\"1520\/1013\"\/><\/p>\n<p>&#13;&#13;Foto: Foto: Tomeu Canyellas Arquitectura:\u00a0Jaime Salv\u00e1 \u00a0Interiorismo: Marga Coma&#13;<\/p>\n<p> <a href=\"https:\/\/www.revistainteriores.es\/ideas-casa\/interioristas-tendencias-2026_12285\" data-ga4_event=\"custom_event\" data-ga4_event_name=\"click_intext\" data-ga4_link_url=\"https:\/\/www.revistainteriores.es\/ideas-casa\/interioristas-tendencias-2026_12285\" data-ga4_link_text=\"tendencias_lujo_y_decoracion_en_2026_que_marcara_el_diseno_de_los_proximos_anos\" data-ga4_content_type=\"photo\" data-ga4_element=\"related\" rel=\"nofollow noopener\" target=\"_blank\">&#13;&#13;<img loading=\"lazy\" decoding=\"async\" src=\"https:\/\/www.europesays.com\/es\/wp-content\/uploads\/2026\/01\/david-gonzalez-y-alberto-torres-socios-fundadores-del-grupo-portobello-street_825f0713_251020085323_.webp\" alt=\"David Gonza\u0301lez y Alberto Torres, socios fundadores del grupo Portobello Street\" class=\"lazyload\" width=\"600\" height=\"600\" data-aspectratio=\"600\/600\"\/>&#13;&#13;<\/p>\n<p class=\"epigraph\">                    &#13;Noticia relacionada<\/p>\n<p class=\"title\">Tendencias, lujo y decoraci\u00f3n en 2026: qu\u00e9 marcar\u00e1 el dise\u00f1o de los pr\u00f3ximos a\u00f1os<\/p>\n<p><\/a><\/p>\n<ol>\n<li>Girar un hueco 10\u201315\u00b0 para evitar vistas cruzadas.<\/li>\n<li>Doble filtro en fachadas expuestas: vidrio + celos\u00eda o lama.<\/li>\n<li>Puertas macizas y juntas selladas en dormitorios.<\/li>\n<li>Desolidarizar instalaciones y alejar cuartos t\u00e9cnicos de zonas de descanso.<\/li>\n<li>Textiles y librer\u00edas como absorci\u00f3n ac\u00fastica natural.<\/li>\n<li>Mallorquinas o lamas regulables para controlar luz y privacidad.<\/li>\n<li>Ventilaci\u00f3n nocturna combinada con masa t\u00e9rmica.<\/li>\n<li>Escenas de luz sencillas: d\u00eda, tarde, noche y recibir.<\/li>\n<li>Pantallas vegetales como filtro visual y ac\u00fastico.<\/li>\n<li>Pavimentos exteriores antideslizantes y pasamanos que no acumulen calor.<\/li>\n<\/ol>\n<p>As\u00ed pues, para Jaime Salv\u00e1 <strong>el lujo no se ense\u00f1a: se habita y se percibe <\/strong>en esas decisiones que nadie nota a primera vista pero que lo cambian todo.<\/p>\n","protected":false},"excerpt":{"rendered":"Hablar de lujo en arquitectura suele llevarnos a pensar en materiales exclusivos, superficies infinitas o marcas reconocibles. Pero&hellip;\n","protected":false},"author":2,"featured_media":328217,"comment_status":"","ping_status":"","sticky":false,"template":"","format":"standard","meta":{"footnotes":""},"categories":[173],"tags":[229,233,231,230,232,234,146,147,25,24,23],"class_list":{"0":"post-328216","1":"post","2":"type-post","3":"status-publish","4":"format-standard","5":"has-post-thumbnail","7":"category-arte-y-diseno","8":"tag-arte","9":"tag-arte-y-diseno","10":"tag-arts","11":"tag-arts-and-design","12":"tag-design","13":"tag-diseno","14":"tag-entertainment","15":"tag-entretenimiento","16":"tag-es","17":"tag-espana","18":"tag-spain"},"share_on_mastodon":{"url":"https:\/\/pubeurope.com\/@es\/115855239766794417","error":""},"_links":{"self":[{"href":"https:\/\/www.europesays.com\/es\/wp-json\/wp\/v2\/posts\/328216","targetHints":{"allow":["GET"]}}],"collection":[{"href":"https:\/\/www.europesays.com\/es\/wp-json\/wp\/v2\/posts"}],"about":[{"href":"https:\/\/www.europesays.com\/es\/wp-json\/wp\/v2\/types\/post"}],"author":[{"embeddable":true,"href":"https:\/\/www.europesays.com\/es\/wp-json\/wp\/v2\/users\/2"}],"replies":[{"embeddable":true,"href":"https:\/\/www.europesays.com\/es\/wp-json\/wp\/v2\/comments?post=328216"}],"version-history":[{"count":0,"href":"https:\/\/www.europesays.com\/es\/wp-json\/wp\/v2\/posts\/328216\/revisions"}],"wp:featuredmedia":[{"embeddable":true,"href":"https:\/\/www.europesays.com\/es\/wp-json\/wp\/v2\/media\/328217"}],"wp:attachment":[{"href":"https:\/\/www.europesays.com\/es\/wp-json\/wp\/v2\/media?parent=328216"}],"wp:term":[{"taxonomy":"category","embeddable":true,"href":"https:\/\/www.europesays.com\/es\/wp-json\/wp\/v2\/categories?post=328216"},{"taxonomy":"post_tag","embeddable":true,"href":"https:\/\/www.europesays.com\/es\/wp-json\/wp\/v2\/tags?post=328216"}],"curies":[{"name":"wp","href":"https:\/\/api.w.org\/{rel}","templated":true}]}}