{"id":328222,"date":"2026-01-07T18:33:09","date_gmt":"2026-01-07T18:33:09","guid":{"rendered":"https:\/\/www.europesays.com\/es\/328222\/"},"modified":"2026-01-07T18:33:09","modified_gmt":"2026-01-07T18:33:09","slug":"sebastian-stan-en-negociaciones-para-unirse-a-the-batman-2-segun-reportes","status":"publish","type":"post","link":"https:\/\/www.europesays.com\/es\/328222\/","title":{"rendered":"Sebastian Stan en negociaciones para unirse a \u00abThe Batman 2\u00bb, seg\u00fan reportes"},"content":{"rendered":"<p>      CNN Espa\u00f1ol<br \/>\n        \u00a0\u2014\u00a0<\/p>\n<p class=\"paragraph inline-placeholder vossi-paragraph\" data-uri=\"es.cms.cnn.com\/_components\/paragraph\/instances\/cmk45526h001k2ans7tfm1z26@published\" data-editable=\"text\" data-component-name=\"paragraph\" data-article-gutter=\"true\">\n            El actor Sebastian Stan ha trabajado en <a href=\"https:\/\/www.imdb.com\/name\/nm1659221\/?ref_=nv_sr_srsg_0_tt_1_nm_7_in_0_q_Sebastian\" target=\"_blank\" rel=\"nofollow noopener\">nueve pel\u00edculas y dos series de streaming<\/a> para Marvel, como el personaje de Bucky Barnes. Pero, <a href=\"https:\/\/variety.com\/2026\/film\/news\/batman-2-cast-robert-pattinson-sebastian-stan-1236607867\/\" target=\"_blank\" rel=\"nofollow noopener\">seg\u00fan reportes<\/a>, est\u00e1 por pasarse al sello rival, DC Studios, ya est\u00e1 en negociaciones para unirse al elenco de la pel\u00edcula \u201c<a href=\"https:\/\/cnnespanol.cnn.com\/2025\/08\/08\/entretenimiento\/video\/batman-fecha-estreno-dc-studios-minuto-hollywood-showbiz-fast\" rel=\"nofollow noopener\" target=\"_blank\">The Batman 2<\/a>\u201d.\n    <\/p>\n<p class=\"paragraph inline-placeholder vossi-paragraph\" data-uri=\"es.cms.cnn.com\/_components\/paragraph\/instances\/cmk4555aj0000356pg4ehtwwn@published\" data-editable=\"text\" data-component-name=\"paragraph\" data-article-gutter=\"true\">\n            DC Studios no ha confirmado la contrataci\u00f3n de Stan, pero <a href=\"https:\/\/deadline.com\/2026\/01\/the-batman-part-ii-sebastian-stan-1236665032\/\" target=\"_blank\" rel=\"nofollow noopener\">Deadline<\/a>, <a href=\"https:\/\/variety.com\/2026\/film\/news\/batman-2-cast-robert-pattinson-sebastian-stan-1236607867\/\" target=\"_blank\" rel=\"nofollow noopener\">Variety<\/a> y <a href=\"https:\/\/www.hollywoodreporter.com\/movies\/movie-news\/the-batman-part-ii-eyes-sebastian-stan-1236465730\/\" target=\"_blank\" rel=\"nofollow noopener\">The Hollywood Reporter<\/a> reportaron las negociaciones, que permitir\u00edan que el actor se una a un elenco que recientemente incorpor\u00e1 tambi\u00e9n a la actriz Scarlett Johansson en un papel no descrito. (DC Studios pertenece al, igual que CNN en Espa\u00f1ol, a la corporaci\u00f3n Warner Bros. Discovery).\n    <\/p>\n<p class=\"paragraph inline-placeholder vossi-paragraph\" data-uri=\"es.cms.cnn.com\/_components\/paragraph\/instances\/cmk465quh000n356praf3ct9p@published\" data-editable=\"text\" data-component-name=\"paragraph\" data-article-gutter=\"true\">\n            Los reportes tampoco mencionan a qui\u00e9n interpretar\u00eda Stan en la secuela de \u201cThe Batman\u201d, de 2022. \u00bfOtro superh\u00e9roe? \u00bfUn villano? No en balde, el personaje de Bucky Barnes fue inicialmente un villano con la identidad del Soldado de Invierno en \u201cCaptain America: The Winter Soldier\u201d (2014) para transformarse luego en un superh\u00e9roe y convertirse en el l\u00edder de un nuevo grupo de superh\u00e9roes de Marvel en \u201cThunderbolts\u201d (2025).\n    <\/p>\n<p>       <img decoding=\"async\" src=\"https:\/\/www.europesays.com\/es\/wp-content\/uploads\/2026\/01\/sebastian-stan-20260107150303002.jpg\" alt=\"Sebastian Stan en la cena de los nominados a los premios Oscar en el Academy Museum of Motion Pictures el 25 de febrero de 2025, en Los \u00c1ngeles, California.\" class=\"image__dam-img image__dam-img--loading\" onload=\"this.classList.remove('image__dam-img--loading')\" onerror=\"imageLoadError(this)\" height=\"396\" width=\"594\" loading=\"lazy\"\/><\/p>\n<p class=\"paragraph inline-placeholder vossi-paragraph\" data-uri=\"es.cms.cnn.com\/_components\/paragraph\/instances\/cmk46fxer000t356p7u8fg2p4@published\" data-editable=\"text\" data-component-name=\"paragraph\" data-article-gutter=\"true\">\n            La nueva entrega de la saga \u201c<a href=\"https:\/\/cnnespanol.cnn.com\/2020\/10\/07\/el-estreno-de-the-batman-se-retrasa-hasta-2022-mientras-que-la-secuela-de-matrix-se-adelanta\" rel=\"nofollow noopener\" target=\"_blank\">The Batman<\/a>\u201d ser\u00e1 dirigida nuevamente por Marr Reeves y, seg\u00fan reportes, se comenzar\u00e1 a filmar esta primavera con miras a estrenarse en cines en octubre de 2027.\n    <\/p>\n<p class=\"paragraph inline-placeholder vossi-paragraph\" data-uri=\"es.cms.cnn.com\/_components\/paragraph\/instances\/cmk47dhra001f356p3ogvwei8@published\" data-editable=\"text\" data-component-name=\"paragraph\" data-article-gutter=\"true\">\n            \u201cThe Batman\u201d recaud\u00f3 US$ 772 millones a nivel global, seg\u00fan el sitio web <a href=\"https:\/\/www.boxofficemojo.com\/release\/rl67732993\/\" target=\"_blank\" rel=\"nofollow noopener\">Box Office Mojo<\/a>.\n    <\/p>\n<p class=\"paragraph inline-placeholder vossi-paragraph\" data-uri=\"es.cms.cnn.com\/_components\/paragraph\/instances\/cmk46jbvw000w356pnajpodef@published\" data-editable=\"text\" data-component-name=\"paragraph\" data-article-gutter=\"true\">\n            Robert Pattinson protagoniza \u201cThe Batman 2\u201d en el papel dual de Batman\/Bruce Wayne. Le acompa\u00f1an Scarlett Johansson, Colin Farrell (Oz Cobb\/El Ping\u00fcino), Jeffrey Wright (Comisionado Gordon), Andy Serkis (Alfred Pennyworth) y Barry Keoghan (Joker).\n    <\/p>\n","protected":false},"excerpt":{"rendered":"CNN Espa\u00f1ol \u00a0\u2014\u00a0 El actor Sebastian Stan ha trabajado en nueve pel\u00edculas y dos series de streaming para&hellip;\n","protected":false},"author":2,"featured_media":328223,"comment_status":"","ping_status":"","sticky":false,"template":"","format":"standard","meta":{"footnotes":""},"categories":[169],"tags":[177,10275,146,147,25,24,176,175,75813,23,17339],"class_list":{"0":"post-328222","1":"post","2":"type-post","3":"status-publish","4":"format-standard","5":"has-post-thumbnail","7":"category-cine","8":"tag-cine","9":"tag-dc-comics","10":"tag-entertainment","11":"tag-entretenimiento","12":"tag-es","13":"tag-espana","14":"tag-film","15":"tag-movies","16":"tag-sebastian-stan","17":"tag-spain","18":"tag-the-batman-2"},"share_on_mastodon":{"url":"https:\/\/pubeurope.com\/@es\/115855255570226177","error":""},"_links":{"self":[{"href":"https:\/\/www.europesays.com\/es\/wp-json\/wp\/v2\/posts\/328222","targetHints":{"allow":["GET"]}}],"collection":[{"href":"https:\/\/www.europesays.com\/es\/wp-json\/wp\/v2\/posts"}],"about":[{"href":"https:\/\/www.europesays.com\/es\/wp-json\/wp\/v2\/types\/post"}],"author":[{"embeddable":true,"href":"https:\/\/www.europesays.com\/es\/wp-json\/wp\/v2\/users\/2"}],"replies":[{"embeddable":true,"href":"https:\/\/www.europesays.com\/es\/wp-json\/wp\/v2\/comments?post=328222"}],"version-history":[{"count":0,"href":"https:\/\/www.europesays.com\/es\/wp-json\/wp\/v2\/posts\/328222\/revisions"}],"wp:featuredmedia":[{"embeddable":true,"href":"https:\/\/www.europesays.com\/es\/wp-json\/wp\/v2\/media\/328223"}],"wp:attachment":[{"href":"https:\/\/www.europesays.com\/es\/wp-json\/wp\/v2\/media?parent=328222"}],"wp:term":[{"taxonomy":"category","embeddable":true,"href":"https:\/\/www.europesays.com\/es\/wp-json\/wp\/v2\/categories?post=328222"},{"taxonomy":"post_tag","embeddable":true,"href":"https:\/\/www.europesays.com\/es\/wp-json\/wp\/v2\/tags?post=328222"}],"curies":[{"name":"wp","href":"https:\/\/api.w.org\/{rel}","templated":true}]}}