{"id":328250,"date":"2026-01-07T18:56:07","date_gmt":"2026-01-07T18:56:07","guid":{"rendered":"https:\/\/www.europesays.com\/es\/328250\/"},"modified":"2026-01-07T18:56:07","modified_gmt":"2026-01-07T18:56:07","slug":"robyn-explora-la-sensualidad-y-el-lenguaje-en-talk-to-me","status":"publish","type":"post","link":"https:\/\/www.europesays.com\/es\/328250\/","title":{"rendered":"Robyn explora la sensualidad y el lenguaje en \u2018Talk To Me\u2019"},"content":{"rendered":"<p>Por <a href=\"https:\/\/www.mindies.es\/author\/mindie-n\/\" title=\"Entradas de No\u00e9 R. Rivas\" rel=\"author nofollow noopener\" target=\"_blank\">No\u00e9 R. Rivas<\/a><br \/>\n &#8211;  enero, 7th 2026<\/p>\n<p style=\"text-align: justify;\"><a href=\"https:\/\/www.mindies.es\/?s=Robyn\" rel=\"nofollow noopener\" target=\"_blank\"><strong>Robyn<\/strong><\/a> anuncia su nuevo \u00e1lbum de estudio, <a href=\"https:\/\/www.mindies.es\/?s=Sexistential\" rel=\"nofollow noopener\" target=\"_blank\"><strong>\u2018Sexistential\u2019<\/strong><\/a>, que ver\u00e1 la luz el 27 de marzo de 2026 a trav\u00e9s del sello <a href=\"https:\/\/www.mindies.es\/?s=Young\" rel=\"nofollow noopener\" target=\"_blank\"><strong>Young<\/strong><\/a>. El lanzamiento llega acompa\u00f1ado de dos sencillos, <a href=\"https:\/\/www.mindies.es\/?s=Talk+To+Me\" rel=\"nofollow noopener\" target=\"_blank\"><strong>\u2018Talk To Me\u2019<\/strong><\/a> y <a href=\"https:\/\/www.mindies.es\/?s=Sexistential\" rel=\"nofollow noopener\" target=\"_blank\"><strong>\u2018Sexistential\u2019<\/strong><\/a>, que marcan el inicio de una etapa en la que la artista vuelve a situar el cuerpo y el deseo en el centro de su obra. Ambos temas revelan la intenci\u00f3n conceptual del disco: explorar la sensualidad como impulso vital y la creatividad como extensi\u00f3n de esa energ\u00eda.<\/p>\n<p style=\"text-align: justify;\"><strong>\u2018Talk To Me\u2019<\/strong>, creada junto a <a href=\"https:\/\/www.mindies.es\/?s=Klas+\u00c5hlund\" rel=\"nofollow noopener\" target=\"_blank\"><strong>Klas \u00c5hlund<\/strong><\/a>, <strong>Oscar Holter<\/strong> y <a href=\"https:\/\/www.mindies.es\/?s=Max+Martin\" rel=\"nofollow noopener\" target=\"_blank\"><strong>Max Martin<\/strong><\/a>, recupera la esencia del pop de los a\u00f1os ochenta desde una perspectiva contempor\u00e1nea. <strong>Robyn<\/strong> compuso la canci\u00f3n durante el confinamiento, en un contexto en el que la comunicaci\u00f3n f\u00edsica era imposible, y la define como una invitaci\u00f3n al contacto a trav\u00e9s del lenguaje. Por su parte, <strong>\u2018Sexistential\u2019<\/strong>, coescrita con \u00c5hlund, adopta un enfoque narrativo in\u00e9dito, donde la artista utiliza el rap para abordar el deseo durante el embarazo, transformando una vivencia \u00edntima en un ejercicio de libertad creativa.<\/p>\n<p style=\"text-align: justify;\">El disco, grabado entre Estocolmo y Londres, se plantea como una continuaci\u00f3n conceptual de <a href=\"https:\/\/www.mindies.es\/?s=Honey\" rel=\"nofollow noopener\" target=\"_blank\"><strong>\u2018Honey\u2019<\/strong><\/a> (2018), pero con una energ\u00eda m\u00e1s directa y f\u00edsica. <strong>Robyn<\/strong> acompa\u00f1ar\u00e1 el lanzamiento con presentaciones televisivas y actuaciones en directo, reafirmando su v\u00ednculo con la m\u00fasica de baile como espacio de expresi\u00f3n. <a href=\"https:\/\/www.mindies.es\/?s=Sexistential\" rel=\"nofollow noopener\" target=\"_blank\"><strong>\u2018Sexistential\u2019<\/strong><\/a> se publicar\u00e1 en distintos formatos f\u00edsicos y digitales, y ya est\u00e1 disponible para reserva a nivel internacional.<\/p>\n","protected":false},"excerpt":{"rendered":"Por No\u00e9 R. Rivas &#8211; enero, 7th 2026 Robyn anuncia su nuevo \u00e1lbum de estudio, \u2018Sexistential\u2019, que ver\u00e1&hellip;\n","protected":false},"author":2,"featured_media":328251,"comment_status":"","ping_status":"","sticky":false,"template":"","format":"standard","meta":{"footnotes":""},"categories":[170],"tags":[146,147,25,24,184,185,75819,23],"class_list":{"0":"post-328250","1":"post","2":"type-post","3":"status-publish","4":"format-standard","5":"has-post-thumbnail","7":"category-musica","8":"tag-entertainment","9":"tag-entretenimiento","10":"tag-es","11":"tag-espana","12":"tag-music","13":"tag-musica","14":"tag-robyn","15":"tag-spain"},"share_on_mastodon":{"url":"https:\/\/pubeurope.com\/@es\/115855345766977291","error":""},"_links":{"self":[{"href":"https:\/\/www.europesays.com\/es\/wp-json\/wp\/v2\/posts\/328250","targetHints":{"allow":["GET"]}}],"collection":[{"href":"https:\/\/www.europesays.com\/es\/wp-json\/wp\/v2\/posts"}],"about":[{"href":"https:\/\/www.europesays.com\/es\/wp-json\/wp\/v2\/types\/post"}],"author":[{"embeddable":true,"href":"https:\/\/www.europesays.com\/es\/wp-json\/wp\/v2\/users\/2"}],"replies":[{"embeddable":true,"href":"https:\/\/www.europesays.com\/es\/wp-json\/wp\/v2\/comments?post=328250"}],"version-history":[{"count":0,"href":"https:\/\/www.europesays.com\/es\/wp-json\/wp\/v2\/posts\/328250\/revisions"}],"wp:featuredmedia":[{"embeddable":true,"href":"https:\/\/www.europesays.com\/es\/wp-json\/wp\/v2\/media\/328251"}],"wp:attachment":[{"href":"https:\/\/www.europesays.com\/es\/wp-json\/wp\/v2\/media?parent=328250"}],"wp:term":[{"taxonomy":"category","embeddable":true,"href":"https:\/\/www.europesays.com\/es\/wp-json\/wp\/v2\/categories?post=328250"},{"taxonomy":"post_tag","embeddable":true,"href":"https:\/\/www.europesays.com\/es\/wp-json\/wp\/v2\/tags?post=328250"}],"curies":[{"name":"wp","href":"https:\/\/api.w.org\/{rel}","templated":true}]}}