{"id":328258,"date":"2026-01-07T19:00:15","date_gmt":"2026-01-07T19:00:15","guid":{"rendered":"https:\/\/www.europesays.com\/es\/328258\/"},"modified":"2026-01-07T19:00:15","modified_gmt":"2026-01-07T19:00:15","slug":"kanajazz-traera-jazz-soul-y-bossa-nova-al-teatro-calderon-de-motril-ayuntamiento-de-motril","status":"publish","type":"post","link":"https:\/\/www.europesays.com\/es\/328258\/","title":{"rendered":"Kanajazz traer\u00e1 jazz, soul y bossa nova al Teatro Calder\u00f3n de Motril &#8211; Ayuntamiento de Motril"},"content":{"rendered":"<ol>\n<li><a href=\"https:\/\/news.google.com\/rss\/articles\/CBMikgFBVV95cUxOTDF1Q3FqNkRzZnZZMnh4aU8xLUZZSmJ0Q0xJUTJHU0RRMjl0NVB1dmZCc2M3bVB1UVIta0p1Z2lGR2lYbWdULXE2ZUdZanh2Y3Q2M3BPSWl4cE1fbFVpYmRFdmJQZUN4ak5Bd2hKQjNIdEllSVhoa09VZ2JBUFFTQ3dpb0U2aU1aMUNXdnNzVVplZw?oc=5\" target=\"_blank\" rel=\"nofollow noopener\">Kanajazz traer\u00e1 jazz, soul y bossa nova al Teatro Calder\u00f3n de Motril<\/a>&nbsp;&nbsp;Ayuntamiento de Motril<\/li>\n<li><a href=\"https:\/\/news.google.com\/rss\/articles\/CBMib0FVX3lxTFBkNGh1SnRENUJhV2k2akpsSzJwUmhPY0lEMGxfMXhGVTRpNzZkeEhCUDg3c3Nyb0xSSlJiY1ZrazRLeDhQaS1nMlhDcFgza3RITG8yT1RlSEFLU0xBQVZqV2FHTDBXLVNlN3Fqb3kwVQ?oc=5\" target=\"_blank\" rel=\"nofollow noopener\">Kanajazz estrena la agenda cultural en Motril, un concierto recomendado por M\u00f3nica Naranjo o Jos\u00e9 Merc\u00e9<\/a>&nbsp;&nbsp;GranadaDigital<\/li>\n<li><a href=\"https:\/\/news.google.com\/rss\/articles\/CBMi2wFBVV95cUxPVFJwdWNCdzFieTd6QlVZcU9jQWQ1WkpTR2NsajRhZlc3ckR1cFlINExRT1VQN01TZ3VzWjBmd042UWdKbGxOQkYweXFMbkVHMnlYUWpGVVNZRVBYM0x1YWdXdjlKYWpFV1h5dWc4S1FoODBvVlhZUDV3ajA0OENSWncwRlp4OVUwX2t3aUdMVUExSEF0bHBKbExhcGxLYVFKS0cxa3BCZ2xfdHZ6bkxSUE0wNE1YRXE2MWd5QjBNUWMwdVV4TGJBSlRBdk1zMmF0LWIwWl9SZ1dPWGM?oc=5\" target=\"_blank\" rel=\"nofollow noopener\">Motril: Kanajazz llega al Teatro Calder\u00f3n el 17 de enero con una noche de jazz y grandes cl\u00e1sicos reinterpretados<\/a>&nbsp;&nbsp;Motril Digital<\/li>\n<\/ol>\n","protected":false},"excerpt":{"rendered":"Kanajazz traer\u00e1 jazz, soul y bossa nova al Teatro Calder\u00f3n de Motril&nbsp;&nbsp;Ayuntamiento de Motril Kanajazz estrena la agenda&hellip;\n","protected":false},"author":2,"featured_media":328259,"comment_status":"","ping_status":"","sticky":false,"template":"","format":"standard","meta":{"footnotes":""},"categories":[91],"tags":[146,147,25,24,338,23],"class_list":{"0":"post-328258","1":"post","2":"type-post","3":"status-publish","4":"format-standard","5":"has-post-thumbnail","7":"category-entretenimiento","8":"tag-entertainment","9":"tag-entretenimiento","10":"tag-es","11":"tag-espana","12":"tag-portada","13":"tag-spain"},"share_on_mastodon":{"url":"https:\/\/pubeurope.com\/@es\/115855361651821282","error":""},"_links":{"self":[{"href":"https:\/\/www.europesays.com\/es\/wp-json\/wp\/v2\/posts\/328258","targetHints":{"allow":["GET"]}}],"collection":[{"href":"https:\/\/www.europesays.com\/es\/wp-json\/wp\/v2\/posts"}],"about":[{"href":"https:\/\/www.europesays.com\/es\/wp-json\/wp\/v2\/types\/post"}],"author":[{"embeddable":true,"href":"https:\/\/www.europesays.com\/es\/wp-json\/wp\/v2\/users\/2"}],"replies":[{"embeddable":true,"href":"https:\/\/www.europesays.com\/es\/wp-json\/wp\/v2\/comments?post=328258"}],"version-history":[{"count":0,"href":"https:\/\/www.europesays.com\/es\/wp-json\/wp\/v2\/posts\/328258\/revisions"}],"wp:featuredmedia":[{"embeddable":true,"href":"https:\/\/www.europesays.com\/es\/wp-json\/wp\/v2\/media\/328259"}],"wp:attachment":[{"href":"https:\/\/www.europesays.com\/es\/wp-json\/wp\/v2\/media?parent=328258"}],"wp:term":[{"taxonomy":"category","embeddable":true,"href":"https:\/\/www.europesays.com\/es\/wp-json\/wp\/v2\/categories?post=328258"},{"taxonomy":"post_tag","embeddable":true,"href":"https:\/\/www.europesays.com\/es\/wp-json\/wp\/v2\/tags?post=328258"}],"curies":[{"name":"wp","href":"https:\/\/api.w.org\/{rel}","templated":true}]}}