{"id":328272,"date":"2026-01-07T19:10:10","date_gmt":"2026-01-07T19:10:10","guid":{"rendered":"https:\/\/www.europesays.com\/es\/328272\/"},"modified":"2026-01-07T19:10:10","modified_gmt":"2026-01-07T19:10:10","slug":"las-favoritas-no-fallan-en-brisbane-a-la-espera-del-gran-duelo-de-badosa","status":"publish","type":"post","link":"https:\/\/www.europesays.com\/es\/328272\/","title":{"rendered":"Las favoritas no fallan en Brisbane a la espera del gran duelo de Badosa"},"content":{"rendered":"<p data-gtm-element-container=\"modulo-texto-link\" class=\"paragraph\"><strong>Amanda Anisimova<\/strong>, segunda cabeza de serie, lider\u00f3 una gran jornada para las favoritas en el torneo de Brisbane. La estadounidense\u00a0logr\u00f3 su primera victoria en el 2026 <strong>al ganar a la australiana Kimberly Birrell y acceder a los octavos de final.<\/strong><\/p>\n<p data-gtm-element-container=\"modulo-texto-link\" class=\"paragraph\">La tercera jugadora del mundo, finalista de dos torneos del Grand Slam en el 2025, Wimbledon y US Open, semifinalista de los otros dos, super\u00f3 sin problemas a Kimberly Birrell, por 6-1 y 6-3, y <strong>jugar\u00e1 en octavos con la ucraniana Marta Kostyuk<\/strong>, novena cabeza de serie.<\/p>\n<p data-gtm-element-container=\"modulo-texto-link\" class=\"paragraph\">Anisimova, candidata al triunfo junto a la bielorrusa Aryna Sabalenka, n\u00famero uno del mundo, apunta ahora al Abierto de Australia igual que su compatriota <strong>Jessica Pegula, cuarta favorita, que accedi\u00f3 a octavos de Brisbane con m\u00e1s apuros, en tres sets, frente a la rusa Anna Kalinskaya<\/strong> por 6-2, 2-6 y 6-4 y jugar\u00e1 con la ucraniana Dayana Yastremska, que gan\u00f3 a la canadiense Leylah Fernandez por 6-1 y 6-2.<\/p>\n<p data-gtm-element-container=\"modulo-texto-link\" class=\"paragraph\"><strong>Tambi\u00e9n necesit\u00f3 de una remontada la rusa Mirra Andreeva<\/strong>, sexta cabeza de serie, ante la australiana Olivia Gadecki, a la que super\u00f3 por 4-6, 6-1 y 6-2 para citarse con la checa Linda Noskova, novena, que sufri\u00f3 para imponerse a la polaca Magdalena Freche por 6-7(5), 6-4 y 6-4.<\/p>\n<p data-gtm-element-container=\"modulo-texto-link\" class=\"paragraph\">La jornada se complet\u00f3 con el pase a octavos de la rusa <strong>Aliaksandra Sasnovich despu\u00e9s de vencer a la danesa Clara Tauson por 6-2 y 6-3<\/strong>. Le espera su compatriota Liudmila Samsonova, d\u00e9cima, que gan\u00f3 a la australiana Emerson Jones por 6-4 y 6-1.<\/p>\n<p>    Lee tambi\u00e9n<\/p>\n<p data-gtm-element-container=\"modulo-texto-link\" class=\"paragraph\">De esta forma quedan servidos los octavos de final, ronda que se disputar\u00e1 este jueves y que tendr\u00e1 como partido estrella <strong>al duelo que enfrentar\u00e1 a Paula Badosa con Elena Rybakina.<\/strong><\/p>\n<p data-gtm-element-container=\"modulo-texto-link\" class=\"paragraph\">La catalana, que derrot\u00f3 en segunda ronda a la checa Marie Bouzkova en un duro encuentro, decidi\u00f3 abandonar en el cuadro de dobles, donde compet\u00eda junto a Aryna Sabalenka, para centrar sus esfuerzos en los individuales, donde espera seguir cogiendo ritmo de cara a la gran cita del mes de enero, <strong>el Open de Australia que arranca en Melbourne el pr\u00f3ximo 18 de enero.\u00a0<\/strong><\/p>\n","protected":false},"excerpt":{"rendered":"Amanda Anisimova, segunda cabeza de serie, lider\u00f3 una gran jornada para las favoritas en el torneo de Brisbane.&hellip;\n","protected":false},"author":2,"featured_media":328273,"comment_status":"","ping_status":"","sticky":false,"template":"","format":"standard","meta":{"footnotes":""},"categories":[274],"tags":[168,25,24,23,167,327,326],"class_list":{"0":"post-328272","1":"post","2":"type-post","3":"status-publish","4":"format-standard","5":"has-post-thumbnail","7":"category-tenis","8":"tag-deportes","9":"tag-es","10":"tag-espana","11":"tag-spain","12":"tag-sports","13":"tag-tenis","14":"tag-tennis"},"share_on_mastodon":{"url":"https:\/\/pubeurope.com\/@es\/115855400793372554","error":""},"_links":{"self":[{"href":"https:\/\/www.europesays.com\/es\/wp-json\/wp\/v2\/posts\/328272","targetHints":{"allow":["GET"]}}],"collection":[{"href":"https:\/\/www.europesays.com\/es\/wp-json\/wp\/v2\/posts"}],"about":[{"href":"https:\/\/www.europesays.com\/es\/wp-json\/wp\/v2\/types\/post"}],"author":[{"embeddable":true,"href":"https:\/\/www.europesays.com\/es\/wp-json\/wp\/v2\/users\/2"}],"replies":[{"embeddable":true,"href":"https:\/\/www.europesays.com\/es\/wp-json\/wp\/v2\/comments?post=328272"}],"version-history":[{"count":0,"href":"https:\/\/www.europesays.com\/es\/wp-json\/wp\/v2\/posts\/328272\/revisions"}],"wp:featuredmedia":[{"embeddable":true,"href":"https:\/\/www.europesays.com\/es\/wp-json\/wp\/v2\/media\/328273"}],"wp:attachment":[{"href":"https:\/\/www.europesays.com\/es\/wp-json\/wp\/v2\/media?parent=328272"}],"wp:term":[{"taxonomy":"category","embeddable":true,"href":"https:\/\/www.europesays.com\/es\/wp-json\/wp\/v2\/categories?post=328272"},{"taxonomy":"post_tag","embeddable":true,"href":"https:\/\/www.europesays.com\/es\/wp-json\/wp\/v2\/tags?post=328272"}],"curies":[{"name":"wp","href":"https:\/\/api.w.org\/{rel}","templated":true}]}}