{"id":328298,"date":"2026-01-07T19:26:08","date_gmt":"2026-01-07T19:26:08","guid":{"rendered":"https:\/\/www.europesays.com\/es\/328298\/"},"modified":"2026-01-07T19:26:08","modified_gmt":"2026-01-07T19:26:08","slug":"la-exposicion-temprana-a-pantallas-altera-el-desarrollo-infantil","status":"publish","type":"post","link":"https:\/\/www.europesays.com\/es\/328298\/","title":{"rendered":"La exposici\u00f3n temprana a pantallas altera el desarrollo infantil"},"content":{"rendered":"<p><strong>Redacci\u00f3n<\/strong><br \/>La <a href=\"https:\/\/www.a-star.edu.sg\/\" target=\"_blank\" rel=\"noopener nofollow\">Agencia para la Ciencia, la Tecnolog\u00eda y la Investigaci\u00f3n<\/a> (<strong>A*STAR<\/strong>) de <strong>Singapur<\/strong> <a href=\"https:\/\/www.thelancet.com\/journals\/ebiom\/article\/PIIS2352-3964(25)00543-2\/fulltext\" target=\"_blank\" rel=\"noopener nofollow\">ha publicado un estudio en <strong>eBioMedicine<\/strong><\/a> sobre la exposici\u00f3n temprana a pantallas. El estudio analiz\u00f3 a 168 ni\u00f1os desde antes de los dos a\u00f1os y durante m\u00e1s de una d\u00e9cada. Los resultados muestran que provoca una maduraci\u00f3n acelerada de las redes cerebrales responsables del procesamiento visual y el control cognitivo. Seg\u00fan el <strong>Dr. Huang Pei<\/strong>, esta aceleraci\u00f3n ocurre cuando las redes se especializan demasiado r\u00e1pido, sin consolidar conexiones eficientes para el pensamiento complejo. Esto reduce la flexibilidad cognitiva y la capacidad de adaptaci\u00f3n en etapas posteriores.<\/p>\n<p>La exposici\u00f3n temprana a pantallas genera que las redes cerebrales se desarrollen demasiado r\u00e1pido, sin consolidar conexiones eficientes para el pensamiento complejo<\/p>\n<p>La maduraci\u00f3n acelerada <strong>se considera una respuesta a est\u00edmulos intensos<\/strong>, como la estimulaci\u00f3n sensorial que proporcionan las pantallas. En condiciones normales, las redes cerebrales se desarrollan de forma gradual, permitiendo conexiones m\u00e1s eficientes para funciones cognitivas complejas. Cuando este proceso se altera, el cerebro pierde capacidad para adaptarse a nuevas situaciones.<\/p>\n<p>Es estudio tambi\u00e9n ha determinado que los efectos no son inmediatos. <strong>A los 8 a\u00f1os y medio, los ni\u00f1os con alta exposici\u00f3n temprana a pantallas tardaron m\u00e1s en tomar decisiones <\/strong>seg\u00fan los resultados de pruebas cognitivas realizadas. Este retraso indica menor eficiencia y flexibilidad cognitiva. A los 13 a\u00f1os, los mismos ni\u00f1os presentaron mayores s\u00edntomas de ansiedad, lo que confirma que el impacto se extiende m\u00e1s all\u00e1 de la primera infancia. Estos hallazgos sugieren que la exposici\u00f3n temprana a pantallas puede moldear el desarrollo cerebral y el comportamiento durante la adolescencia.<\/p>\n<p>El estudio destaca que el tiempo frente a pantallas a los tres y cuatro a\u00f1os no mostr\u00f3 el mismo efecto. La especializaci\u00f3n prematura limita la resiliencia y la capacidad de adaptaci\u00f3n del ni\u00f1o en etapas posteriores.<\/p>\n<p>La especializaci\u00f3n prematura limita la resiliencia y la capacidad de adaptaci\u00f3n del ni\u00f1o en etapas posteriores<\/p>\n<p>Un estudio complementario, <a href=\"https:\/\/www.cambridge.org\/core\/journals\/psychological-medicine\/article\/screen-time-brain-network-development-and-socioemotional-competence-in-childhood-moderation-of-associations-by-parentchild-reading\/D78E5BD54628940B752E35F609BA1FB4\" target=\"_blank\" rel=\"noopener nofollow\">publicado en <strong>Psychological Medicine<\/strong> en 2024<\/a>, se\u00f1ala que <strong>la lectura compartida entre padres e hijos puede contrarrestar los efectos negativos<\/strong>. Leer juntos proporciona interacci\u00f3n rec\u00edproca, exposici\u00f3n al lenguaje y conexi\u00f3n emocional. Estas experiencias enriquecedoras no se obtienen con el consumo pasivo de pantallas y pueden reducir el impacto de la especializaci\u00f3n prematura de las redes cerebrales. Los investigadores concluyen que limitar el tiempo frente a pantallas en los primeros dos a\u00f1os y fomentar actividades como la lectura compartida son estrategias clave para un desarrollo cerebral saludable.<\/p>\n","protected":false},"excerpt":{"rendered":"Redacci\u00f3nLa Agencia para la Ciencia, la Tecnolog\u00eda y la Investigaci\u00f3n (A*STAR) de Singapur ha publicado un estudio en&hellip;\n","protected":false},"author":2,"featured_media":328299,"comment_status":"","ping_status":"","sticky":false,"template":"","format":"standard","meta":{"footnotes":""},"categories":[42],"tags":[17,18,35809,13,14,11,61,62,63,64,1294,19,20,1567,9,10,15,16,17168,12,21,22,65,66,67],"class_list":{"0":"post-328298","1":"post","2":"type-post","3":"status-publish","4":"format-standard","5":"has-post-thumbnail","7":"category-internacional","8":"tag-breaking-news","9":"tag-breakingnews","10":"tag-c1","11":"tag-featured-news","12":"tag-featurednews","13":"tag-headlines","14":"tag-internacional","15":"tag-international","16":"tag-international-news","17":"tag-internationalnews","18":"tag-investigacion","19":"tag-latest-news","20":"tag-latestnews","21":"tag-menores","22":"tag-news","23":"tag-noticias","24":"tag-noticias-destacadas","25":"tag-noticiasdestacadas","26":"tag-pediatria","27":"tag-titulares","28":"tag-ultimas-noticias","29":"tag-ultimasnoticias","30":"tag-world","31":"tag-world-news","32":"tag-worldnews"},"share_on_mastodon":{"url":"https:\/\/pubeurope.com\/@es\/115855463849970686","error":""},"_links":{"self":[{"href":"https:\/\/www.europesays.com\/es\/wp-json\/wp\/v2\/posts\/328298","targetHints":{"allow":["GET"]}}],"collection":[{"href":"https:\/\/www.europesays.com\/es\/wp-json\/wp\/v2\/posts"}],"about":[{"href":"https:\/\/www.europesays.com\/es\/wp-json\/wp\/v2\/types\/post"}],"author":[{"embeddable":true,"href":"https:\/\/www.europesays.com\/es\/wp-json\/wp\/v2\/users\/2"}],"replies":[{"embeddable":true,"href":"https:\/\/www.europesays.com\/es\/wp-json\/wp\/v2\/comments?post=328298"}],"version-history":[{"count":0,"href":"https:\/\/www.europesays.com\/es\/wp-json\/wp\/v2\/posts\/328298\/revisions"}],"wp:featuredmedia":[{"embeddable":true,"href":"https:\/\/www.europesays.com\/es\/wp-json\/wp\/v2\/media\/328299"}],"wp:attachment":[{"href":"https:\/\/www.europesays.com\/es\/wp-json\/wp\/v2\/media?parent=328298"}],"wp:term":[{"taxonomy":"category","embeddable":true,"href":"https:\/\/www.europesays.com\/es\/wp-json\/wp\/v2\/categories?post=328298"},{"taxonomy":"post_tag","embeddable":true,"href":"https:\/\/www.europesays.com\/es\/wp-json\/wp\/v2\/tags?post=328298"}],"curies":[{"name":"wp","href":"https:\/\/api.w.org\/{rel}","templated":true}]}}