{"id":328312,"date":"2026-01-07T19:39:12","date_gmt":"2026-01-07T19:39:12","guid":{"rendered":"https:\/\/www.europesays.com\/es\/328312\/"},"modified":"2026-01-07T19:39:12","modified_gmt":"2026-01-07T19:39:12","slug":"mi-anterior-piso-lo-redecore-cuatro-veces","status":"publish","type":"post","link":"https:\/\/www.europesays.com\/es\/328312\/","title":{"rendered":"\u201cMi anterior piso lo redecor\u00e9 cuatro veces\u00bb"},"content":{"rendered":"<p data-journey-content=\"true\" data-node-id=\"2\" class=\"body-dropcap css-z34acw emevuu60\">Entre juguetes o muebles, si de ni\u00f1o me daban a escoger, prefer\u00eda los segundos\u201d, comienza <strong data-node-id=\"2.1\">Andre Mellone.<\/strong> Sobre todo si eran los del estudio de su padre, el c\u00e9lebre Oswaldo Mellone, en su S\u00e3o Paulo natal. \u201cAll\u00ed todo estaba lleno de bocetos, maquetas, modelos y prototipos (algunos de los que realiz\u00f3 con <a href=\"https:\/\/www.elledecor.com\/es\/noticias\/a33631877\/muere-jorge-zalszupin-disenador-arquitecto-movimiento-moderno-brasil\/\" target=\"_blank\" data-vars-ga-outbound-link=\"https:\/\/www.elledecor.com\/es\/noticias\/a33631877\/muere-jorge-zalszupin-disenador-arquitecto-movimiento-moderno-brasil\/\" data-vars-ga-ux-element=\"Hyperlink\" data-vars-ga-call-to-action=\"Jorge Zalszupin\" data-node-id=\"2.3\" class=\"body-link css-15fjk10 emevuu60\" rel=\"nofollow noopener\">Jorge Zalszupin<\/a>). Pasaba horas observ\u00e1ndole y aprendiendo de su curiosidad e inspiraci\u00f3n&#8230; Mientras \u00e9l dibujaba concentrado en su mesa, yo pon\u00eda las sillas boca abajo y levantaba viviendas\u201d, contin\u00faa. Evidentemente, a nadie le sorprendi\u00f3 que siguiera sus pasos. Primero se form\u00f3 como arquitecto y, gracias a unos bocetos realizados con acuarelas, consigui\u00f3 su primer trabajo en el estudio del arquitecto Robert A. M. Stern, al que le sigui\u00f3 su verdadera vocaci\u00f3n, el interiorismo, aquella que asomaba en sus juegos infantiles y que oficializ\u00f3 en el estudio de Mark Hampton.<\/p>\n<p data-journey-content=\"true\" data-node-id=\"5\" class=\"body-text css-6wxqfj emevuu60\"><strong data-node-id=\"5.0\">En 2012 inaugur\u00f3 el suyo propio, con su apellido<\/strong> y en Nueva York, donde une sus dos pasiones y al que ha acudido una clientela que se ha multiplicado exponencialmente, tanto en n\u00famero como en relevancia: The Row, Lauren Santo Domingo, Thom Browne o Carolina Herrera, am\u00e9n de intervenir el lobby del Rockefeller Plaza. Todos fascinados por su est\u00e9tica de un <a href=\"https:\/\/www.elledecor.com\/es\/decoracion\/a33665416\/mid-century-modern-estilo-decoracion-inspiracion\/\" target=\"_blank\" data-vars-ga-outbound-link=\"https:\/\/www.elledecor.com\/es\/decoracion\/a33665416\/mid-century-modern-estilo-decoracion-inspiracion\/\" data-vars-ga-ux-element=\"Hyperlink\" data-vars-ga-call-to-action=\"sobrio mid-century\" data-node-id=\"5.4\" class=\"body-link css-15fjk10 emevuu60\" rel=\"nofollow noopener\">sobrio mid-century<\/a>, tan culto y elegante como confortable. Hace cinco a\u00f1os, en plena ciclog\u00e9nesis laboral, supo que necesitaba un lugar donde estar tranquilo y as\u00ed lo encontr\u00f3 en Chelsea. \u201cMi anterior piso lo redecor\u00e9 cuatro veces en 12 a\u00f1os, necesitaba explorar cosas nuevas y encontr\u00e9 este apartamento en un edificio dise\u00f1ado por <a href=\"https:\/\/www.elledecor.com\/es\/arquitectura\/a20897408\/shigeru-ban-arquitecto-ecologista-edificios-carton\/\" target=\"_blank\" data-vars-ga-outbound-link=\"https:\/\/www.elledecor.com\/es\/arquitectura\/a20897408\/shigeru-ban-arquitecto-ecologista-edificios-carton\/\" data-vars-ga-ux-element=\"Hyperlink\" data-vars-ga-call-to-action=\"Shigeru Ban\" data-node-id=\"5.6\" class=\"body-link css-15fjk10 emevuu60\" rel=\"nofollow noopener\">Shigeru Ban<\/a>. Un espacio contenido y minimalista, sin acabados lujosos, de una sencillez que me fascin\u00f3 y que me recordaba a una galer\u00eda de arte o un aula. Un lugar tan blanco, austero, desnudo, que era muy estimulante\u201d. <\/p>\n<p><img draggable=\"true\" alt=\"casa de andre mellone interiorista\" title=\"casa de Andre Mellone interiorista\" loading=\"lazy\" width=\"2500\" height=\"3751\" decoding=\"async\" data-nimg=\"1\" style=\"color:transparent;width:100%;height:auto;\"   src=\"https:\/\/www.europesays.com\/es\/wp-content\/uploads\/2026\/01\/524w19st-amellone0264-c2101-r2190654-695e241195eb1.jpg\" class=\"css-0 e1g79fud0\"\/><a target=\"_blank\" rel=\"noopener nofollow\" data-theme-key=\"base-link\" href=\"https:\/\/pinterest.com\/pin\/create\/button\/?url=https:\/\/www.elledecor.com\/es\/casas\/a69931581\/casa-arquitecto-interiorista-andre-mellone\/&amp;description=elledecoresp&amp;media=https:\/\/hips.hearstapps.com\/hmg-prod\/images\/524w19st-amellone0264-c2101-r2190654-695e241195eb1.jpg?resize=1600:*\" class=\"pinterest css-on9hn5 e1c1bym14\"><img decoding=\"async\" data-dynamic-svg=\"true\" src=\"https:\/\/www.elledecor.com\/_assets\/design-tokens\/fre\/static\/icons\/social\/pinterest.e8cf655.svg?primary=%2523ffffff\" loading=\"lazy\" data-testid=\"dynamic-svg-base\" height=\"auto\" width=\"auto\" alt=\"pinterest\" class=\"css-4lml0h e1mlxuuw1\"\/><\/a>Cortes\u00eda estudio Mellone<\/p>\n<p>La arquitectura es obra de Shigeru Ban, con un espacio principal de casi seis metros de altura abierto al skyline. El sal\u00f3n est\u00e1 presidido por un sof\u00e1 a medida y una cama Pierre Chareau de 1926. <\/p>\n<p><img draggable=\"true\" alt=\"casa de andre mellone interiorista\" title=\"casa de Andre Mellone interiorista\" loading=\"lazy\" width=\"2500\" height=\"3751\" decoding=\"async\" data-nimg=\"1\" style=\"color:transparent;width:100%;height:auto;\"   src=\"https:\/\/www.europesays.com\/es\/wp-content\/uploads\/2026\/01\/524w19st-amellone0350-c2101-r2190655-695e24123deac.jpg\" class=\"css-0 e1g79fud0\"\/><a target=\"_blank\" rel=\"noopener nofollow\" data-theme-key=\"base-link\" href=\"https:\/\/pinterest.com\/pin\/create\/button\/?url=https:\/\/www.elledecor.com\/es\/casas\/a69931581\/casa-arquitecto-interiorista-andre-mellone\/&amp;description=elledecoresp&amp;media=https:\/\/hips.hearstapps.com\/hmg-prod\/images\/524w19st-amellone0350-c2101-r2190655-695e24123deac.jpg?resize=1600:*\" class=\"pinterest css-on9hn5 e1c1bym14\"><img decoding=\"async\" data-dynamic-svg=\"true\" src=\"https:\/\/www.elledecor.com\/_assets\/design-tokens\/fre\/static\/icons\/social\/pinterest.e8cf655.svg?primary=%2523ffffff\" loading=\"lazy\" data-testid=\"dynamic-svg-base\" height=\"auto\" width=\"auto\" alt=\"pinterest\" class=\"css-4lml0h e1mlxuuw1\"\/><\/a>Cortes\u00eda estudio Mellone<\/p>\n<p>Detalle del z\u00f3calo de nogal y estanter\u00edas que Andre Mellone dise\u00f1\u00f3 dividiendo los espacios. <\/p>\n<p><img draggable=\"true\" alt=\"casa de andre mellone interiorista\" title=\"casa de Andre Mellone interiorista\" loading=\"lazy\" width=\"2500\" height=\"3751\" decoding=\"async\" data-nimg=\"1\" style=\"color:transparent;width:100%;height:auto;\"   src=\"https:\/\/www.europesays.com\/es\/wp-content\/uploads\/2026\/01\/524w19st-amellone0305-c2101-r2190656-695e2411d6fa3.jpg\" class=\"css-0 e1g79fud0\"\/><a target=\"_blank\" rel=\"noopener nofollow\" data-theme-key=\"base-link\" href=\"https:\/\/pinterest.com\/pin\/create\/button\/?url=https:\/\/www.elledecor.com\/es\/casas\/a69931581\/casa-arquitecto-interiorista-andre-mellone\/&amp;description=elledecoresp&amp;media=https:\/\/hips.hearstapps.com\/hmg-prod\/images\/524w19st-amellone0305-c2101-r2190656-695e2411d6fa3.jpg?resize=1600:*\" class=\"pinterest css-on9hn5 e1c1bym14\"><img decoding=\"async\" data-dynamic-svg=\"true\" src=\"https:\/\/www.elledecor.com\/_assets\/design-tokens\/fre\/static\/icons\/social\/pinterest.e8cf655.svg?primary=%2523ffffff\" loading=\"lazy\" data-testid=\"dynamic-svg-base\" height=\"auto\" width=\"auto\" alt=\"pinterest\" class=\"css-4lml0h e1mlxuuw1\"\/><\/a>Cortes\u00eda estudio Mellone<\/p>\n<p>Aplique de Jean Prouv\u00e9 y una de sus piezas m\u00e1s queridas, la cama de Pierre Chareau  \u201cque llevaba d\u00e9cadas en mi familia y no sab\u00edamos d\u00f3nde colocarla; al final la incorporamos al sal\u00f3n como un sof\u00e1 seccional\u201d, explica.<\/p>\n<p><img draggable=\"true\" alt=\"casa de andre mellone interiorista\" title=\"casa de Andre Mellone interiorista\" loading=\"lazy\" width=\"2500\" height=\"3751\" decoding=\"async\" data-nimg=\"1\" style=\"color:transparent;width:100%;height:auto;\"   src=\"https:\/\/www.europesays.com\/es\/wp-content\/uploads\/2026\/01\/524w19st-amellone0238-c2101-r2190657-695e2417cc767.jpg\" class=\"css-0 e1g79fud0\"\/><a target=\"_blank\" rel=\"noopener nofollow\" data-theme-key=\"base-link\" href=\"https:\/\/pinterest.com\/pin\/create\/button\/?url=https:\/\/www.elledecor.com\/es\/casas\/a69931581\/casa-arquitecto-interiorista-andre-mellone\/&amp;description=elledecoresp&amp;media=https:\/\/hips.hearstapps.com\/hmg-prod\/images\/524w19st-amellone0238-c2101-r2190657-695e2417cc767.jpg?resize=1600:*\" class=\"pinterest css-on9hn5 e1c1bym14\"><img decoding=\"async\" data-dynamic-svg=\"true\" src=\"https:\/\/www.elledecor.com\/_assets\/design-tokens\/fre\/static\/icons\/social\/pinterest.e8cf655.svg?primary=%2523ffffff\" loading=\"lazy\" data-testid=\"dynamic-svg-base\" height=\"auto\" width=\"auto\" alt=\"pinterest\" class=\"css-4lml0h e1mlxuuw1\"\/><\/a>Cortes\u00eda estudio Mellone<\/p>\n<p>Un armario aparador de roble y laca de  Le Corbusier cierra el comedor. Sobre \u00e9ste, escultura de Nerone  &amp; Patuzzi. <\/p>\n<p><img draggable=\"true\" alt=\"casa de andre mellone interiorista\" title=\"casa de Andre Mellone interiorista\" loading=\"lazy\" width=\"2500\" height=\"3751\" decoding=\"async\" data-nimg=\"1\" style=\"color:transparent;width:100%;height:auto;\"   src=\"https:\/\/www.europesays.com\/es\/wp-content\/uploads\/2026\/01\/524w19st-amellone1135-c2101-r2190653-695e241495eda.jpg\" class=\"css-0 e1g79fud0\"\/><a target=\"_blank\" rel=\"noopener nofollow\" data-theme-key=\"base-link\" href=\"https:\/\/pinterest.com\/pin\/create\/button\/?url=https:\/\/www.elledecor.com\/es\/casas\/a69931581\/casa-arquitecto-interiorista-andre-mellone\/&amp;description=elledecoresp&amp;media=https:\/\/hips.hearstapps.com\/hmg-prod\/images\/524w19st-amellone1135-c2101-r2190653-695e241495eda.jpg?resize=1600:*\" class=\"pinterest css-on9hn5 e1c1bym14\"><img decoding=\"async\" data-dynamic-svg=\"true\" src=\"https:\/\/www.elledecor.com\/_assets\/design-tokens\/fre\/static\/icons\/social\/pinterest.e8cf655.svg?primary=%2523ffffff\" loading=\"lazy\" data-testid=\"dynamic-svg-base\" height=\"auto\" width=\"auto\" alt=\"pinterest\" class=\"css-4lml0h e1mlxuuw1\"\/><\/a>Cortes\u00eda estudio Mellone<\/p>\n<p><strong>C<\/strong>omedor de 1982 de Richard Meier para Knolly consola de Lodovico Acerbis.<\/p>\n<p data-journey-content=\"true\" data-node-id=\"12\" class=\"css-6wxqfj emevuu60\"> Este <strong data-node-id=\"12.1\">\u00e1tico con terraza de casi 300 m2 <\/strong>es su laboratorio y la casa que comparte con Kevin Baker (quien tambi\u00e9n es su socio en su estudio). Ha sido un espacio para experimentar. As\u00ed, en el sal\u00f3n ha situado una cama de Pierre Chareau de 1926 convertida en una daybed. \u201cEncontr\u00e9 la casa al comienzo de mi relaci\u00f3n y ambos barajamos dos opciones decorativas: mantenerla minimalista y con tres sillas o intentar algo m\u00e1s elaborado\u201d. Su elecci\u00f3n es evidente, la planta dividida en un gran sal\u00f3n \u201clargo y estrecho con unas <a href=\"https:\/\/www.elledecor.com\/es\/arquitectura\/a22881879\/casas-puertas-acristaladas-cerramientos-vistas\/\" target=\"_blank\" data-vars-ga-outbound-link=\"https:\/\/www.elledecor.com\/es\/arquitectura\/a22881879\/casas-puertas-acristaladas-cerramientos-vistas\/\" data-vars-ga-ux-element=\"Hyperlink\" data-vars-ga-call-to-action=\"puertas acristaladas\" data-node-id=\"12.5\" class=\"body-link css-15fjk10 emevuu60\" rel=\"nofollow noopener\">puertas acristaladas<\/a>, casi de garaje, que en los d\u00edas soleados permiten una conexi\u00f3n total con el exterior y tres dormitorios, el principal <a href=\"https:\/\/www.elledecor.com\/es\/decoracion\/a30675986\/altillos-ideas-aprovechar-espacio\/\" target=\"_blank\" data-vars-ga-outbound-link=\"https:\/\/www.elledecor.com\/es\/decoracion\/a30675986\/altillos-ideas-aprovechar-espacio\/\" data-vars-ga-ux-element=\"Hyperlink\" data-vars-ga-call-to-action=\"en un altillo\" data-node-id=\"12.7\" class=\"body-link css-15fjk10 emevuu60\" rel=\"nofollow noopener\">en un altillo<\/a>\u201d, como Andre explica ahora, es m\u00e1s amable gracias a que lo intervinieron inspir\u00e1ndose en la gama crom\u00e1tica del trabajo de Donald Judd: suelo negro, sumando estanter\u00edas a medida y un gran z\u00f3calo de nogal para acoger sus dise\u00f1os que conviven con gur\u00fas del siglo XX. Un eclecticismo con fecha de caducidad. Ya est\u00e1 buscando nuevo apartamento. <\/p>\n<p><img draggable=\"true\" alt=\"casa de andre mellone interiorista\" title=\"casa de Andre Mellone interiorista\" loading=\"lazy\" width=\"2500\" height=\"3751\" decoding=\"async\" data-nimg=\"1\" style=\"color:transparent;width:100%;height:auto;\"   src=\"https:\/\/www.europesays.com\/es\/wp-content\/uploads\/2026\/01\/524w19st-amellone0430-c2101-r2190658-695e240f9801b.jpg\" class=\"css-0 e1g79fud0\"\/><a target=\"_blank\" rel=\"noopener nofollow\" data-theme-key=\"base-link\" href=\"https:\/\/pinterest.com\/pin\/create\/button\/?url=https:\/\/www.elledecor.com\/es\/casas\/a69931581\/casa-arquitecto-interiorista-andre-mellone\/&amp;description=elledecoresp&amp;media=https:\/\/hips.hearstapps.com\/hmg-prod\/images\/524w19st-amellone0430-c2101-r2190658-695e240f9801b.jpg?resize=1600:*\" class=\"pinterest css-on9hn5 e1c1bym14\"><img decoding=\"async\" data-dynamic-svg=\"true\" src=\"https:\/\/www.elledecor.com\/_assets\/design-tokens\/fre\/static\/icons\/social\/pinterest.e8cf655.svg?primary=%2523ffffff\" loading=\"lazy\" data-testid=\"dynamic-svg-base\" height=\"auto\" width=\"auto\" alt=\"pinterest\" class=\"css-4lml0h e1mlxuuw1\"\/><\/a>Cortes\u00eda estudio Mellone<\/p>\n<p>Dormitorio con \u00f3leo de Reena Spaulings a modo de cabecero; mesitas de noche de Gio Ponti; l\u00e1mparas de Josef Frank y escultura bot\u00e1nica de Elaine Cameron-Weir.<\/p>\n<p><img draggable=\"true\" alt=\"casa de andre mellone interiorista\" title=\"casa de Andre Mellone interiorista\" loading=\"lazy\" width=\"2500\" height=\"3751\" decoding=\"async\" data-nimg=\"1\" style=\"color:transparent;width:100%;height:auto;\"   src=\"https:\/\/www.europesays.com\/es\/wp-content\/uploads\/2026\/01\/524w19st-amellone0470-c2101-r2190659-695e2410d160d.jpg\" class=\"css-0 e1g79fud0\"\/><a target=\"_blank\" rel=\"noopener nofollow\" data-theme-key=\"base-link\" href=\"https:\/\/pinterest.com\/pin\/create\/button\/?url=https:\/\/www.elledecor.com\/es\/casas\/a69931581\/casa-arquitecto-interiorista-andre-mellone\/&amp;description=elledecoresp&amp;media=https:\/\/hips.hearstapps.com\/hmg-prod\/images\/524w19st-amellone0470-c2101-r2190659-695e2410d160d.jpg?resize=1600:*\" class=\"pinterest css-on9hn5 e1c1bym14\"><img decoding=\"async\" data-dynamic-svg=\"true\" src=\"https:\/\/www.elledecor.com\/_assets\/design-tokens\/fre\/static\/icons\/social\/pinterest.e8cf655.svg?primary=%2523ffffff\" loading=\"lazy\" data-testid=\"dynamic-svg-base\" height=\"auto\" width=\"auto\" alt=\"pinterest\" class=\"css-4lml0h e1mlxuuw1\"\/><\/a>Cortes\u00eda estudio Mellone<\/p>\n<p>En un rinc\u00f3n del dormitorio de la planta superior, que funciona como un pied-\u00e0-terre independiente para las visitas, escritorio tocador de los a\u00f1os 50 con flexo de cromo de los 30 y espejo art d\u00e9co. <\/p>\n<p><img draggable=\"true\" alt=\"casa de andre mellone interiorista\" title=\"casa de Andre Mellone interiorista\" loading=\"lazy\" width=\"2500\" height=\"3752\" decoding=\"async\" data-nimg=\"1\" style=\"color:transparent;width:100%;height:auto;\"   src=\"https:\/\/www.europesays.com\/es\/wp-content\/uploads\/2026\/01\/524w19st-amellone0509-c2101-r2190660-695e24164f7c3.jpg\" class=\"css-0 e1g79fud0\"\/><a target=\"_blank\" rel=\"noopener nofollow\" data-theme-key=\"base-link\" href=\"https:\/\/pinterest.com\/pin\/create\/button\/?url=https:\/\/www.elledecor.com\/es\/casas\/a69931581\/casa-arquitecto-interiorista-andre-mellone\/&amp;description=elledecoresp&amp;media=https:\/\/hips.hearstapps.com\/hmg-prod\/images\/524w19st-amellone0509-c2101-r2190660-695e24164f7c3.jpg?resize=1600:*\" class=\"pinterest css-on9hn5 e1c1bym14\"><img decoding=\"async\" data-dynamic-svg=\"true\" src=\"https:\/\/www.elledecor.com\/_assets\/design-tokens\/fre\/static\/icons\/social\/pinterest.e8cf655.svg?primary=%2523ffffff\" loading=\"lazy\" data-testid=\"dynamic-svg-base\" height=\"auto\" width=\"auto\" alt=\"pinterest\" class=\"css-4lml0h e1mlxuuw1\"\/><\/a>Cortes\u00eda estudio Mellone<\/p>\n<p>En la zona de trabajo de la planta superior, estanter\u00eda a medida; mesa de c\u00f3ctel de Charles &amp; Ray Eames; butaca de Hans Wegner. En la pared, obra en negro de Tom Burr.<\/p>\n<p><img draggable=\"true\" alt=\"casa de andre mellone interiorista\" title=\"casa de Andre Mellone interiorista\" loading=\"lazy\" width=\"2500\" height=\"3751\" decoding=\"async\" data-nimg=\"1\" style=\"color:transparent;width:100%;height:auto;\"   src=\"https:\/\/www.europesays.com\/es\/wp-content\/uploads\/2026\/01\/524w19st-amellone1220-c2101-r2190661-695e24191243f.jpg\" class=\"css-0 e1g79fud0\"\/><a target=\"_blank\" rel=\"noopener nofollow\" data-theme-key=\"base-link\" href=\"https:\/\/pinterest.com\/pin\/create\/button\/?url=https:\/\/www.elledecor.com\/es\/casas\/a69931581\/casa-arquitecto-interiorista-andre-mellone\/&amp;description=elledecoresp&amp;media=https:\/\/hips.hearstapps.com\/hmg-prod\/images\/524w19st-amellone1220-c2101-r2190661-695e24191243f.jpg?resize=1600:*\" class=\"pinterest css-on9hn5 e1c1bym14\"><img decoding=\"async\" data-dynamic-svg=\"true\" src=\"https:\/\/www.elledecor.com\/_assets\/design-tokens\/fre\/static\/icons\/social\/pinterest.e8cf655.svg?primary=%2523ffffff\" loading=\"lazy\" data-testid=\"dynamic-svg-base\" height=\"auto\" width=\"auto\" alt=\"pinterest\" class=\"css-4lml0h e1mlxuuw1\"\/><\/a>Cortes\u00eda estudio Mellone<\/p>\n<p><strong>L<\/strong>a terraza, con banco de Donald Judd editado por  Salon 94 Design.<\/p>\n<p>Andr\u00e9 Mellone. Cuestionario de estilo<img draggable=\"true\" alt=\"casa de andre mellone interiorista\" title=\"casa de Andre Mellone interiorista\" loading=\"lazy\" width=\"2500\" height=\"3334\" decoding=\"async\" data-nimg=\"1\" style=\"color:transparent;width:100%;height:auto;\"   src=\"https:\/\/www.europesays.com\/es\/wp-content\/uploads\/2026\/01\/img-8719-c2101-r2190662-695e240ef28a8.jpg\" class=\"css-0 e1g79fud0\"\/><a target=\"_blank\" rel=\"noopener nofollow\" data-theme-key=\"base-link\" href=\"https:\/\/pinterest.com\/pin\/create\/button\/?url=https:\/\/www.elledecor.com\/es\/casas\/a69931581\/casa-arquitecto-interiorista-andre-mellone\/&amp;description=elledecoresp&amp;media=https:\/\/hips.hearstapps.com\/hmg-prod\/images\/img-8719-c2101-r2190662-695e240ef28a8.jpg?resize=1600:*\" class=\"pinterest css-on9hn5 e1c1bym14\"><img decoding=\"async\" data-dynamic-svg=\"true\" src=\"https:\/\/www.elledecor.com\/_assets\/design-tokens\/fre\/static\/icons\/social\/pinterest.e8cf655.svg?primary=%2523ffffff\" loading=\"lazy\" data-testid=\"dynamic-svg-base\" height=\"auto\" width=\"auto\" alt=\"pinterest\" class=\"css-4lml0h e1mlxuuw1\"\/><\/a>Cortes\u00eda estudio Mellone<\/p>\n<p>\u00e1ndem creativo. Andre Melloney Kevin Baker,pareja y sociosen MelloneStudio en elsal\u00f3n de su \u00e1tico.<\/p>\n<p data-journey-content=\"true\" data-node-id=\"27\" class=\"css-6wxqfj emevuu60\"><strong data-node-id=\"27.0\">\u00bfQui\u00e9n o qu\u00e9 te inspira?<\/strong> Algo que me parece inspirador es la bondad de la gente y, sobre todo, mi padre, Oswaldo Mellone. <strong data-node-id=\"27.2\"><br data-node-id=\"27.2.0\"\/>\u00bfPor qu\u00e9 eres interiorista? <\/strong>Por una raz\u00f3n muy sencilla, la intenci\u00f3n de mi trabajo es llevar alegr\u00eda a la vida de las personas.<strong data-node-id=\"27.4\"><br data-node-id=\"27.4.0\"\/>\u00bfQui\u00e9nes son tus h\u00e9roes?<\/strong> El arquitecto Louis Kahn, el compositor Philip Glass, pero tambi\u00e9n Alfred Hitchcock y Mark Rothko.<strong data-node-id=\"27.6\"><br data-node-id=\"27.6.0\"\/>\u00bfPalabra favorita?<\/strong> Saudade, que en portugu\u00e9s significa nostalgia.<strong data-node-id=\"27.8\"><br data-node-id=\"27.8.0\"\/>\u00bfLugares preferidos en tu ciudad?<\/strong> El edificio Seagram de Ludwig Mies van der Rohe y Philip Johnson, el vest\u00edbulo del Museo Nacional de Historia y la galer\u00eda Gagosian en la calle 21.<strong data-node-id=\"27.10\"><br data-node-id=\"27.10.0\"\/>\u00bfY para viajar? <\/strong>La costa norte de S\u00e3o Paulo, en mi pa\u00eds (Brasil) y el escarpado y acogedor Alentejo, en Portugal.<strong data-node-id=\"27.12\"><br data-node-id=\"27.12.0\"\/>\u00bfQu\u00e9 libro est\u00e1s leyendo ahora?<\/strong> Summer of our discontent, del escritor y cr\u00edtico cultural Thomas Chatterton Williams.<br data-node-id=\"27.14\"\/><strong data-node-id=\"27.15\">\u00bfM\u00fasica favorita?<\/strong> Cualquier tema de la d\u00e9cada de los 60, desde la Bossa Nova hasta el pop de Burt Bacharach.<strong data-node-id=\"27.17\"><br data-node-id=\"27.17.0\"\/>\u00bfA qu\u00e9 hora del d\u00eda prefieres trabajar?<\/strong> A \u00faltima hora de la noche. <strong data-node-id=\"27.19\"><br data-node-id=\"27.19.0\"\/>\u00bfQu\u00e9 haces a primera hora de la ma\u00f1ana? <\/strong>Mirar el sol. <strong data-node-id=\"27.21\"><br data-node-id=\"27.21.0\"\/>\u00bfQu\u00e9 desayunas y d\u00f3nde?<\/strong> No desayuno. <strong data-node-id=\"27.23\"><br data-node-id=\"27.23.0\"\/>\u00bfQu\u00e9 haces el fin de semana?<\/strong> Hago ejercicio, voy al cine y, sobre todo, disfruto del tiempo de calidad con mi marido. <br data-node-id=\"27.25\"\/>\u00bf<strong data-node-id=\"27.27\">Cu\u00e1les son tus artistas favoritos?<\/strong> Cy Twombly, Mark Rothko, Ren\u00e9 Magritte&#8230; <strong data-node-id=\"27.29\"><br data-node-id=\"27.29.0\"\/>\u00bfCu\u00e1l es tu olor favorito para la casa? <\/strong>Cualquier aroma c\u00edtrico o de higo. <strong data-node-id=\"27.31\"><br data-node-id=\"27.31.0\"\/>\u00bfA qu\u00e9 hotel no te importar\u00eda volver?<\/strong> Amanyara, en las islas Turcas y Caicos, un resort realizado por el arquitecto Jean Michel-Gathy. <br data-node-id=\"27.33\"\/><strong data-node-id=\"27.34\">\u00bfY a cu\u00e1l te gustar\u00eda ir?<\/strong> Post Ranch Inn en Big Sur, el \u00fanico hotel que proyect\u00f3 Mickey Muennig y que tiene una piscina infinita situada a m\u00e1s de 300 metros de altura que parece que se confunde con el Pac\u00edfico. <strong data-node-id=\"27.36\"><br data-node-id=\"27.36.0\"\/>\u00bfC\u00f3mo te relajas?<\/strong> Con el buen cine. <br data-node-id=\"27.38\"\/><strong data-node-id=\"27.39\">\u00bfQu\u00e9 objetos llevas siempre contigo?<\/strong> Hay uno que siempre me acompa\u00f1a, un cristal de roca que me regal\u00f3 un amigo muy querido. <strong data-node-id=\"27.41\"><br data-node-id=\"27.41.0\"\/>\u00bfCu\u00e1l es tu idea de la felicidad perfecta? <\/strong>La paz mental. <strong data-node-id=\"27.43\"><br data-node-id=\"27.43.0\"\/>Un plan perfecto en tu barrio&#8230;<\/strong> Ir temprano al gimnasio, almorzar, descansar y, para terminar, salir a bailar por la noche.<\/p>\n<p><img src=\"https:\/\/www.europesays.com\/es\/wp-content\/uploads\/2026\/01\/0a0b1622-6a69-46fb-adaf-3452beb84e95_1700567459.file.png\" alt=\"Headshot of Redacci\u00f3n Elle Decor\" title=\"Headshot of Redacci\u00f3n Elle Decor\" width=\"100%\" height=\"100%\" decoding=\"async\" loading=\"lazy\" class=\"css-o0wq4v ev8dhu53\"\/><\/p>\n<p>\u00a0Desde que lleg\u00f3 a los quioscos espa\u00f1oles por primera vez, en mayo de 1989, ELLE DECOR se ha convertido en una de las publicaciones de referencia en el sector del interiorismo y el dise\u00f1o. Cada d\u00eda en la web y todos los meses en la revista en papel ofrecemos las \u00faltimas novedades en decoraci\u00f3n, dise\u00f1o, arquitectura, arte y lifestyle.<\/p>\n<p>Adem\u00e1s de informarte sobre las \u00faltimas noticias, la redacci\u00f3n de ELLE DECOR selecciona las im\u00e1genes m\u00e1s inspiradoras de los mejores proyectos de interiorismo, entrevista a los dise\u00f1adores, artesanos y artistas del momento para que conozcas su obra y rastrea en busca de nuevas aperturas de restaurantes, hoteles y tiendas.<\/p>\n<p>A nivel internacional, ELLE DECOR est\u00e1 presente en 25 pa\u00edses y es la revista con m\u00e1s prestigio tanto entre los lectores como entre los profesionales del dise\u00f1o.\u00a0<\/p>\n","protected":false},"excerpt":{"rendered":"Entre juguetes o muebles, si de ni\u00f1o me daban a escoger, prefer\u00eda los segundos\u201d, comienza Andre Mellone. Sobre&hellip;\n","protected":false},"author":2,"featured_media":328313,"comment_status":"","ping_status":"","sticky":false,"template":"","format":"standard","meta":{"footnotes":""},"categories":[173],"tags":[229,233,231,230,232,234,146,147,25,24,12719,23],"class_list":{"0":"post-328312","1":"post","2":"type-post","3":"status-publish","4":"format-standard","5":"has-post-thumbnail","7":"category-arte-y-diseno","8":"tag-arte","9":"tag-arte-y-diseno","10":"tag-arts","11":"tag-arts-and-design","12":"tag-design","13":"tag-diseno","14":"tag-entertainment","15":"tag-entretenimiento","16":"tag-es","17":"tag-espana","18":"tag-print","19":"tag-spain"},"share_on_mastodon":{"url":"https:\/\/pubeurope.com\/@es\/115855515272248729","error":""},"_links":{"self":[{"href":"https:\/\/www.europesays.com\/es\/wp-json\/wp\/v2\/posts\/328312","targetHints":{"allow":["GET"]}}],"collection":[{"href":"https:\/\/www.europesays.com\/es\/wp-json\/wp\/v2\/posts"}],"about":[{"href":"https:\/\/www.europesays.com\/es\/wp-json\/wp\/v2\/types\/post"}],"author":[{"embeddable":true,"href":"https:\/\/www.europesays.com\/es\/wp-json\/wp\/v2\/users\/2"}],"replies":[{"embeddable":true,"href":"https:\/\/www.europesays.com\/es\/wp-json\/wp\/v2\/comments?post=328312"}],"version-history":[{"count":0,"href":"https:\/\/www.europesays.com\/es\/wp-json\/wp\/v2\/posts\/328312\/revisions"}],"wp:featuredmedia":[{"embeddable":true,"href":"https:\/\/www.europesays.com\/es\/wp-json\/wp\/v2\/media\/328313"}],"wp:attachment":[{"href":"https:\/\/www.europesays.com\/es\/wp-json\/wp\/v2\/media?parent=328312"}],"wp:term":[{"taxonomy":"category","embeddable":true,"href":"https:\/\/www.europesays.com\/es\/wp-json\/wp\/v2\/categories?post=328312"},{"taxonomy":"post_tag","embeddable":true,"href":"https:\/\/www.europesays.com\/es\/wp-json\/wp\/v2\/tags?post=328312"}],"curies":[{"name":"wp","href":"https:\/\/api.w.org\/{rel}","templated":true}]}}