{"id":328343,"date":"2026-01-07T20:02:08","date_gmt":"2026-01-07T20:02:08","guid":{"rendered":"https:\/\/www.europesays.com\/es\/328343\/"},"modified":"2026-01-07T20:02:08","modified_gmt":"2026-01-07T20:02:08","slug":"australia-presento-el-proyecto-del-estadio-sede-de-los-juegos-olimpicos-2032","status":"publish","type":"post","link":"https:\/\/www.europesays.com\/es\/328343\/","title":{"rendered":"Australia present\u00f3 el proyecto del estadio sede de los Juegos Ol\u00edmpicos 2032"},"content":{"rendered":"<p><img alt=\"El estadio ol\u00edmpico de Brisbane\" class=\"global-image\" decoding=\"async\" fetchpriority=\"high\" height=\"600\" loading=\"eager\" src=\"https:\/\/www.europesays.com\/es\/wp-content\/uploads\/2026\/01\/JAWMYIZRE5DMXH2MU5RXZLSO3M.jpg\" width=\"1200\"\/>El estadio ol\u00edmpico de Brisbane para los Juegos Ol\u00edmpicos 2032 contar\u00e1 con un dise\u00f1o inspirado en las casas tradicionales &#8216;Queenslanders&#8217; y costar\u00e1 2.300 millones de d\u00f3lares (Arquitectura Cox\/Hassell)<\/p>\n<p class=\"paragraph\">Las <b>autoridades de Brisbane<\/b> presentaron este lunes los planes para el estadio ol\u00edmpico de <a href=\"https:\/\/www.infobae.com\/america\/agencias\/2025\/01\/30\/la-rfea-presenta-sus-planes-estrategicos-con-la-mirada-en-2032-y-nombra-a-josu-gomez-nuevo-director-deportivo\/\" target=\"_blank\" rel=\"noreferrer nofollow noopener\" title=\"https:\/\/www.infobae.com\/america\/agencias\/2025\/01\/30\/la-rfea-presenta-sus-planes-estrategicos-con-la-mirada-en-2032-y-nombra-a-josu-gomez-nuevo-director-deportivo\/\">2032<\/a>, un proyecto de <b>USD 2.300 millones<\/b> que busca dejar huella tanto en la arquitectura como en la cultura local. El dise\u00f1o, obra conjunta de <b>Cox Architecture<\/b>, <b>Hassell<\/b> y el estudio japon\u00e9s Azusa Sekkei, se inspira en las tradicionales casas suburbanas \u201cQueenslanders\u201d, caracterizadas por sus galer\u00edas envolventes y su integraci\u00f3n con el entorno. Esta est\u00e9tica resulta familiar incluso para quienes conocen la ciudad a trav\u00e9s de la popular caricatura \u201cBluey\u201d, ambientada en la ciudad.<\/p>\n<p class=\"paragraph\">Las im\u00e1genes digitales difundidas muestran un <b>estadio rodeado por una plataforma transitable que evoca la <\/b><a href=\"https:\/\/www.infobae.com\/tendencias\/2025\/12\/26\/neurointeriorismo-el-puente-entre-ciencia-y-diseno-para-que-cada-ambiente-ayude-al-bienestar-mental\/\" target=\"_blank\" rel=\"noreferrer nofollow noopener\" title=\"https:\/\/www.infobae.com\/tendencias\/2025\/12\/26\/neurointeriorismo-el-puente-entre-ciencia-y-diseno-para-que-cada-ambiente-ayude-al-bienestar-mental\/\"><b>arquitectura<\/b><\/a><b> de las Queenslander<\/b>, elemento que los arquitectos consideran clave para capturar el clima y la cultura de la regi\u00f3n. \u201cQuer\u00edamos que el dise\u00f1o reflejara los espacios intermedios de estas casas, que no son ni interiores ni exteriores\u201d, explic\u00f3 <b>Lucy O\u2019Driscoll<\/b>, directora general de Hassell, en di\u00e1logo con CNN. \u201cLa gente disfruta mucho de estos espacios&#8230; Por eso, quer\u00edamos plasmar esto en el estadio, desmontando la fachada, construyendo <b>mucho menos y permitiendo un recinto que respire<\/b>\u201d, agreg\u00f3.<\/p>\n<p class=\"paragraph\">El recinto se ubicar\u00e1 en el <b>Parque Victoria<\/b>, un espacio de 63 hect\u00e1reas al norte del centro de Brisbane, y ser\u00e1 el escenario principal de los Juegos Ol\u00edmpicos y Paral\u00edmpicos de Atletismo, as\u00ed como de las ceremonias de apertura y clausura. Tras el evento, el estadio servir\u00e1 de sede para el cricket y el f\u00fatbol australiano, albergando equipos como los <b>Brisbane Lions<\/b> y dos conjuntos de cricket locales. \u201cEl hecho de que ambos deportes utilicen campos de juego circulares facilita la transici\u00f3n\u201d, se\u00f1al\u00f3 <b>Richard Coulson<\/b>, director de Cox Architecture.<\/p>\n<p class=\"paragraph\">Se prev\u00e9 que las obras comiencen este a\u00f1o y <b>concluyan en 2031<\/b>, justo a tiempo para el inicio de los Juegos.<\/p>\n<p><img alt=\"El proyecto del estadio fue\" class=\"global-image\" decoding=\"async\" fetchpriority=\"low\" height=\"3574\" loading=\"lazy\" src=\"https:\/\/www.europesays.com\/es\/wp-content\/uploads\/2026\/01\/KBD35AG3MC2NGMRSKFRSCDSFMU.jpg\" width=\"5361\"\/>El proyecto del estadio fue desarrollado por Cox Architecture, Hassell y el japon\u00e9s Azusa Sekkei, con un enfoque en la integraci\u00f3n con el entorno y la cultura local de Brisbane (REUTERS\/Jaimi Joy)<\/p>\n<p class=\"paragraph\">El proyecto no est\u00e1 exento de pol\u00e9mica. La decisi\u00f3n de construir un nuevo estadio en <b>Parque Victoria<\/b>, un \u00e1rea declarada patrimonio hist\u00f3rico y con profundo significado para las comunidades ind\u00edgenas, ha generado preocupaci\u00f3n entre ambientalistas y defensores del patrimonio. El grupo activista <b>Save Victoria Park<\/b> calific\u00f3 las im\u00e1genes digitales difundidas como \u201cim\u00e1genes digitales con efecto lavado de imagen\u201d y advirti\u00f3 sobre una \u201cp\u00e9rdida catastr\u00f3fica de parques patrimoniales\u201d.<\/p>\n<p class=\"paragraph\">Uno de los principales focos de cr\u00edtica es el posible da\u00f1o ecol\u00f3gico. Un informe del investigador en desarrollo sostenible, <b>Neil Peach<\/b>, advierte que hasta dos tercios del parque podr\u00edan quedar \u201cdestruidos\u201d y estima la tala de m\u00e1s de 1.200 \u00e1rboles durante la construcci\u00f3n. Aunque las autoridades sostienen que el estadio ocupar\u00e1 entre el 12 % y el 13 % del terreno, las dudas persisten. \u201cEstas im\u00e1genes b\u00e1sicamente venden una fantas\u00eda. Y la realidad del Parque Victoria es mucho m\u00e1s maravillosa. La realidad es que tenemos este hermoso parque c\u00e9ntrico lleno de historia\u201d, afirm\u00f3 <b>Andrea Lunt<\/b>, portavoz de Save Victoria Park.<\/p>\n<p class=\"paragraph\">El viceprimer ministro de Queensland, <b>Jarrod Bleijie<\/b>, respondi\u00f3 de manera contundente a las cr\u00edticas, calificando a los activistas de \u201cun grupo de ingenuos que no quieren que pase nada\u201d. Bleijie record\u00f3 que el parque funcion\u00f3 como campo de golf durante la mayor parte del siglo pasado y que su transformaci\u00f3n en parque p\u00fablico es reciente. \u201cAntes de ser un campo de golf, era un vertedero, \u00a1por Dios!\u201d, exclam\u00f3 en una conferencia de prensa.<\/p>\n<p class=\"paragraph\">La organizaci\u00f3n ind\u00edgena <b>Yagara Magandjin Aboriginal Corporation<\/b> tambi\u00e9n present\u00f3 una solicitud ante el Gobierno Federal para obtener protecci\u00f3n legal permanente para el parque, conocido en idioma tradicional como <b>Barrambin<\/b> (\u201cel lugar ventoso\u201d). La portavoz y anciana yagarabul, <b>Gaja Kerry Charlton<\/b>, describi\u00f3 el terreno como \u201cun lugar de gran importancia e historia\u201d, donde las comunidades abor\u00edgenes se reunieron durante miles de a\u00f1os antes de ser desplazadas por los colonos brit\u00e1nicos. \u201cNos preocupa mucho la existencia de \u00e1rboles antiguos, artefactos y ecosistemas muy importantes all\u00ed. Podr\u00eda haber restos ancestrales. Mantenemos nuestra firme responsabilidad de protegerlos\u201d, se\u00f1al\u00f3 en un comunicado.<\/p>\n<p><img alt=\"Brisbane se est\u00e1 preparando para\" class=\"global-image\" decoding=\"async\" fetchpriority=\"low\" height=\"5464\" loading=\"lazy\" src=\"https:\/\/www.europesays.com\/es\/wp-content\/uploads\/2026\/01\/J7HVZVI3ENESHKAMBTTQ3SGLAY.JPG\" width=\"8192\"\/>Brisbane se est\u00e1 preparando para recibir los Juegos Ol\u00edmpicos en 2032 (REUTERS\/Hollie Adams)<\/p>\n<p class=\"paragraph\">Frente al debate, los arquitectos ganadores subrayaron su compromiso con una \u201cparticipaci\u00f3n significativa y continua de las Primeras Naciones durante todo el proyecto\u201d, para lo cual contrataron a la consultora ind\u00edgena <b>Backlash<\/b>. \u201cAhora que hemos sido designados, tenemos la oportunidad de tener esa consulta con las partes interesadas\u201d, manifest\u00f3 Coulson.<\/p>\n<p class=\"paragraph\">El dise\u00f1o busca adaptarse al clima subtropical de Brisbane y maximizar el uso de los espacios verdes. \u201cEl parque es muy querido, pero no es muy concurrido porque no est\u00e1 tan bien conectado con otras partes de la ciudad como podr\u00eda estarlo\u201d, explic\u00f3 Coulson. \u201cCreo que el estadio es un catalizador para que m\u00e1s gente interact\u00fae con el parque, facilitando las conexiones hacia y dentro del parque\u201d.<\/p>\n<p class=\"paragraph\"><b>Cox Architecture<\/b> y <b>Hassell<\/b> ya cuentan con experiencia en grandes recintos deportivos, habiendo colaborado en el Estadio Optus de Perth y en la remodelaci\u00f3n del Adelaide Oval. La participaci\u00f3n de <b>Azusa Sekkei<\/b>, responsable del Estadio Nacional de Jap\u00f3n para los Juegos Ol\u00edmpicos de Tokio 2020, aporta una dimensi\u00f3n internacional al proyecto.<\/p>\n<p class=\"paragraph\">El legado del estadio tambi\u00e9n genera debate. Mientras que los Juegos Ol\u00edmpicos de Los \u00c1ngeles 2028 optar\u00e1n por recintos existentes o temporales para minimizar el impacto ambiental, en otras ciudades los estadios ol\u00edmpicos han quedado <b>subutilizados tras el evento<\/b>. En Brisbane, los responsables del proyecto conf\u00edan en que el estadio tendr\u00e1 una vida \u00fatil prolongada y una transici\u00f3n eficiente hacia su uso posterior. \u201cNo tenemos nada parecido a los desaf\u00edos que hemos visto en Londres y otros Juegos Ol\u00edmpicos\u201d, asegur\u00f3 Coulson.<\/p>\n<p class=\"paragraph\">Mientras tanto, Save Victoria Park contin\u00faa sus esfuerzos para <b>impedir la construcci\u00f3n y planea una protesta p\u00fablica a finales de mes.<\/b> \u201cSeguiremos luchando porque estamos realmente comprometidos a proteger este parque como un parque, no como un recinto de entretenimiento deportivo\u201d, afirm\u00f3 Lunt.<\/p>\n","protected":false},"excerpt":{"rendered":"El estadio ol\u00edmpico de Brisbane para los Juegos Ol\u00edmpicos 2032 contar\u00e1 con un dise\u00f1o inspirado en las casas&hellip;\n","protected":false},"author":2,"featured_media":328344,"comment_status":"","ping_status":"","sticky":false,"template":"","format":"standard","meta":{"footnotes":""},"categories":[173],"tags":[229,233,231,230,1237,4699,232,234,146,8117,147,25,24,23,167],"class_list":{"0":"post-328343","1":"post","2":"type-post","3":"status-publish","4":"format-standard","5":"has-post-thumbnail","7":"category-arte-y-diseno","8":"tag-arte","9":"tag-arte-y-diseno","10":"tag-arts","11":"tag-arts-and-design","12":"tag-asia","13":"tag-australia","14":"tag-design","15":"tag-diseno","16":"tag-entertainment","17":"tag-entertainment-and-lifestyle","18":"tag-entretenimiento","19":"tag-es","20":"tag-espana","21":"tag-spain","22":"tag-sports"},"share_on_mastodon":{"url":"https:\/\/pubeurope.com\/@es\/115855605334646605","error":""},"_links":{"self":[{"href":"https:\/\/www.europesays.com\/es\/wp-json\/wp\/v2\/posts\/328343","targetHints":{"allow":["GET"]}}],"collection":[{"href":"https:\/\/www.europesays.com\/es\/wp-json\/wp\/v2\/posts"}],"about":[{"href":"https:\/\/www.europesays.com\/es\/wp-json\/wp\/v2\/types\/post"}],"author":[{"embeddable":true,"href":"https:\/\/www.europesays.com\/es\/wp-json\/wp\/v2\/users\/2"}],"replies":[{"embeddable":true,"href":"https:\/\/www.europesays.com\/es\/wp-json\/wp\/v2\/comments?post=328343"}],"version-history":[{"count":0,"href":"https:\/\/www.europesays.com\/es\/wp-json\/wp\/v2\/posts\/328343\/revisions"}],"wp:featuredmedia":[{"embeddable":true,"href":"https:\/\/www.europesays.com\/es\/wp-json\/wp\/v2\/media\/328344"}],"wp:attachment":[{"href":"https:\/\/www.europesays.com\/es\/wp-json\/wp\/v2\/media?parent=328343"}],"wp:term":[{"taxonomy":"category","embeddable":true,"href":"https:\/\/www.europesays.com\/es\/wp-json\/wp\/v2\/categories?post=328343"},{"taxonomy":"post_tag","embeddable":true,"href":"https:\/\/www.europesays.com\/es\/wp-json\/wp\/v2\/tags?post=328343"}],"curies":[{"name":"wp","href":"https:\/\/api.w.org\/{rel}","templated":true}]}}