{"id":328357,"date":"2026-01-07T20:10:06","date_gmt":"2026-01-07T20:10:06","guid":{"rendered":"https:\/\/www.europesays.com\/es\/328357\/"},"modified":"2026-01-07T20:10:06","modified_gmt":"2026-01-07T20:10:06","slug":"marruecos-celebra-con-orgullo-el-hallazgo-sobre-el-origen-del-sapiens-en-africa-nada-tiene-que-ver-con-los-restos-de-atapuerca-el-pais","status":"publish","type":"post","link":"https:\/\/www.europesays.com\/es\/328357\/","title":{"rendered":"Marruecos celebra con orgullo el hallazgo sobre el origen del sapiens en \u00c1frica: \u201cNada tiene que ver con los restos de Atapuerca\u201d &#8211; EL PA\u00cdS"},"content":{"rendered":"<ol>\n<li><a href=\"https:\/\/news.google.com\/rss\/articles\/CBMi_gFBVV95cUxPMDM4ZlBiYlNUWXdGcVF5T1JGRjRndk56eTVRUHEyUlNEaGRCZnM5QlF4eEdySWpzdGtvNUczZEZhR2RvUHFIRW9WM24wVk1wRFVRTWVFUlQ4Y1NoNjVXbHR1VHBZRTNfN3IxNEpGYWhWZ3dudW1kM0VTMHVDOEdiYnpQQUxneXpNc2c5WjRQQUdZanAxbkZEcXVPV29wLUZyTVd1aHJFbFVBclpRek1fSjBCMHEtYmhxVDJmQTdrU284c0ZLMUllWHJsd0F2c2U2cWIzWC1ZRWtLU2dfN0lORVRUY2k5TjRNU1BScXRfdVdmLVN2QU9oYk11ODVvZ9IBkgJBVV95cUxOV0tJZ0U1NjBHSE5RdlFuMnljT3UxOUZ0SmtycmwwTjY5OGYta3N1bW1OX0JpdUxmaGl5ak1URFdVWDRMVkctcVliek4xdDJ1UXRtcjVWSGRqR2E0OXBjNFRPYXJxN3B0MDg3YlJlcHE0Ri0yWWVZMlN4TlBqR0dTWHZlRHpoUlVIOGc4ajlZRVdFVmxFbE5HdFR6MjAwVTBuYm9NS2ZZdkx0dmZEUGo4VTR0WmhNMG1LV2JhY0NVeTdkSVE4QV9kSjJMME9wWVRJRVhSa3ZYeFVUVlN1eC00Q3FkRTZ2NHRxanRuNVBaUjF0NU1vZnNYa2pxdV9DblJIVnVESEdpNEJWTWV4dGplRXp3?oc=5\" target=\"_blank\" rel=\"nofollow noopener\">Marruecos celebra con orgullo el hallazgo sobre el origen del sapiens en \u00c1frica: \u201cNada tiene que ver con los restos de Atapuerca\u201d<\/a>&nbsp;&nbsp;EL PA\u00cdS<\/li>\n<li><a href=\"https:\/\/news.google.com\/rss\/articles\/CBMizAFBVV95cUxNbGdLRjlvU3IwV0o5Vk5Pd2R3eTVrSllIM0JvT2h0TWNCWG16TFFTN3lTVWhjNEVEYVdXTUtDc0FGVDhiS0lHTHZpemR5b2g5N1AyS2lUMDFDaGxiTU1ZdENJLVVlRkJtMU5VR1FMMGRtLThPdlFKQ1JNV0Vjdld4OXNVcTFGNU5KdEVkRHBNbExxSnNDVm1ORHZOdXkzOU9CZm5wdS00R1VsVUFMUjF6U2Jod0x5bTEtYzU2eXI1N2hLNHFqRllLRHg2QzjSAdIBQVVfeXFMT1hwaGVqSnNJMUZxeVMwSFFadHNMS1kyYkVRX3ZHcGNYdVNWWjJmOWg0ckREcEM0eHlySmNXMTV3YTdsaEFzMFhmM1c5UTRjUEFnLWc3b2d1YmNIUm1yb1M3TWhKdHBTcGc2Y1Zpanl5RTN4aGQ3N0Z1eU5EMUcwaEZ5SDlTbGtvQ3Zta3RqSHVLbEQ0RXVXSU5yTDdlcEhqWk9lZGxCNUtBVVdxRzhwRFdSc3lvS2VWVjBJN0pFUmtGTmhQTGhtX0ZzWDF0cDJUSllR?oc=5\" target=\"_blank\" rel=\"nofollow noopener\">Casablanca frente a Atapuerca: \u00c1frica gana peso en el origen del linaje humano<\/a>&nbsp;&nbsp;El Independiente<\/li>\n<li><a href=\"https:\/\/news.google.com\/rss\/articles\/CBMiwAFBVV95cUxPdjB1a2FQRlVWMG8zTTVVMmcwTjhwWEl1Vm4xc2NYSlRYYnJDU0tXelp6WmtRRkZZaE9QUEUwM3FkVmRMOWdJZGVySHFVdExWLXBMVFpZRXZXNXQyYTQ1a3FmUUg1TlRqeWF0bXJKT2RxZ3o4TXIwQWVJQU1jbWZYYjRLbGxYdUQ5QVZ4dGFEXzl4WnhHaG5pQmRTdERsVHZEMkg5a1lUV0N1YnVYMThOdGJBN0tPWU1seEx3NEFrTkXSAcABQVVfeXFMT0M0aWt0MUk2bFdSemZoU1MybE5JTWtFbVAyOWZpSFVrclZpN0NZMHVHdDh2TGJKdG1tQVE0SmJpOExMRkhtdkJWOXcyWDB3WkNJcDBhV2tFSXpSNWhTZ0RpTVFlWEpWZ0RNQ2c3aFdKOTBPcWoyU1hvVXllUjQ4d2JZN01DNEdBUk9VQzhBdFpucjUwRjIzbjRJR3pLRkpTaDBaWTZ6YlZ0ZUJvUFhRSzdCRThNdXhCLVl1azlfUmVf?oc=5\" target=\"_blank\" rel=\"nofollow noopener\">Un hallazgo en Marruecos ofrece nuevas pistas sobre el \u00faltimo antepasado com\u00fan entre humanos y neandertales<\/a>&nbsp;&nbsp;RTVE.es<\/li>\n<li><a href=\"https:\/\/news.google.com\/rss\/articles\/CBMikAFBVV95cUxQeXNlb1pMYVAtYnB1clZiZWpuY3ljUHZfdmZ2MmhFR25KeFp4U25BN1MxeFZremFoVDVUcC03Q2pid0k3M0ZZMmlXa1EzazRXVXZWUWtqYUl4ZllxZWNUSUZwN3RQMDFwVGRkdllkeWFKZTJHSGFaOVdneEVBZXBnV19CYl9RSHIwSFBNZGQ2Wl_SAZABQVVfeXFMTVo0Slc2RUtFenY1RlhmTVR1bGxYUWZtQ0tnbUtWbEFZeTlsY1ptckhtUzZkZHMwSHFDWGZ6RDN1MVMxRGZqWVdxSzBKdEFxYTJ4ZVRtMlRUTEpKTk9GVHoyazBVQXZ5c212R2lWdU5LWXE5M2FuQldQTWRRMm0yN3hCSk9xZldBYzE3bExLOVJN?oc=5\" target=\"_blank\" rel=\"nofollow noopener\">F\u00f3siles de hom\u00ednidos descubiertos en Marruecos, nuevos ancestros m\u00e1s cercanos a los humanos modernos<\/a>&nbsp;&nbsp;El Mundo<\/li>\n<li><a href=\"https:\/\/news.google.com\/rss\/articles\/CBMiogFBVV95cUxQZDBvNFRsZGw0WE8yLS11RnNfc0k3bmFzS000NGtZVFotdGRJSldOc2dlNnQySzBTQlNqM3F4b3gyVWlkSXVfenRmZVVTYUdwckNrUFZTMVZVSkxlSEMwWEdJMXMxcEF2OHYtM25RWG5nUDY5dXRPSEc4OEFTUVpCeTZSbVlKTHlnWG9aS3gwQkUxUjJ4MDdUbVlWU05NanI1NkE?oc=5\" target=\"_blank\" rel=\"nofollow noopener\">Marruecos se confirma como el &#8216;laboratorio&#8217; de origen de Homo sapiens<\/a>&nbsp;&nbsp;ABC<\/li>\n<\/ol>\n","protected":false},"excerpt":{"rendered":"Marruecos celebra con orgullo el hallazgo sobre el origen del sapiens en \u00c1frica: \u201cNada tiene que ver con&hellip;\n","protected":false},"author":2,"featured_media":297172,"comment_status":"","ping_status":"","sticky":false,"template":"","format":"standard","meta":{"footnotes":""},"categories":[81],"tags":[119,123,124,25,24,117,121,122,23,118,120],"class_list":{"0":"post-328357","1":"post","2":"type-post","3":"status-publish","4":"format-standard","5":"has-post-thumbnail","7":"category-ciencia-y-tecnologia","8":"tag-ciencia","9":"tag-ciencia-y-tecnologia","10":"tag-cienciaytecnologia","11":"tag-es","12":"tag-espana","13":"tag-science","14":"tag-science-and-technology","15":"tag-scienceandtechnology","16":"tag-spain","17":"tag-technology","18":"tag-tecnologia"},"share_on_mastodon":{"url":"https:\/\/pubeurope.com\/@es\/115855636851400996","error":""},"_links":{"self":[{"href":"https:\/\/www.europesays.com\/es\/wp-json\/wp\/v2\/posts\/328357","targetHints":{"allow":["GET"]}}],"collection":[{"href":"https:\/\/www.europesays.com\/es\/wp-json\/wp\/v2\/posts"}],"about":[{"href":"https:\/\/www.europesays.com\/es\/wp-json\/wp\/v2\/types\/post"}],"author":[{"embeddable":true,"href":"https:\/\/www.europesays.com\/es\/wp-json\/wp\/v2\/users\/2"}],"replies":[{"embeddable":true,"href":"https:\/\/www.europesays.com\/es\/wp-json\/wp\/v2\/comments?post=328357"}],"version-history":[{"count":0,"href":"https:\/\/www.europesays.com\/es\/wp-json\/wp\/v2\/posts\/328357\/revisions"}],"wp:featuredmedia":[{"embeddable":true,"href":"https:\/\/www.europesays.com\/es\/wp-json\/wp\/v2\/media\/297172"}],"wp:attachment":[{"href":"https:\/\/www.europesays.com\/es\/wp-json\/wp\/v2\/media?parent=328357"}],"wp:term":[{"taxonomy":"category","embeddable":true,"href":"https:\/\/www.europesays.com\/es\/wp-json\/wp\/v2\/categories?post=328357"},{"taxonomy":"post_tag","embeddable":true,"href":"https:\/\/www.europesays.com\/es\/wp-json\/wp\/v2\/tags?post=328357"}],"curies":[{"name":"wp","href":"https:\/\/api.w.org\/{rel}","templated":true}]}}