{"id":328361,"date":"2026-01-07T20:13:41","date_gmt":"2026-01-07T20:13:41","guid":{"rendered":"https:\/\/www.europesays.com\/es\/328361\/"},"modified":"2026-01-07T20:13:41","modified_gmt":"2026-01-07T20:13:41","slug":"las-obras-de-la-piscina-universitaria-de-fuentenueva-estaran-terminadas-en-el-mes-de-marzo","status":"publish","type":"post","link":"https:\/\/www.europesays.com\/es\/328361\/","title":{"rendered":"Las obras de la piscina universitaria de Fuentenueva estar\u00e1n terminadas en el mes de marzo"},"content":{"rendered":"<p>La reforma integral de la piscina universitaria de Fuentenueva finalizar\u00e1n en el mes de marzo. As\u00ed lo ha avanzado la consejera de Fomento, Articulaci\u00f3n del Territorio y Vivienda, Roc\u00edo D\u00edaz, en una visita a las obras junto al rector de la Universidad de Granada, Pedro Mercado, donde ha informado del \u00faltimo avance: la colocaci\u00f3n de la cubierta textil desmontable en verano y el revestimiento del vaso de la piscina. Las obras, que lleva a cabo la Junta de Andaluc\u00eda a trav\u00e9s de la Agencia de Obra P\u00fablica, cuentan con una inversi\u00f3n de 5,3 millones de euros y est\u00e1n ejecutadas en un 74%.<\/p>\n<p><a href=\"https:\/\/canal.ugr.es\/noticia\/las-obras-de-la-piscina-universitaria-de-fuentenueva-estaran-terminadas-en-el-mes-de-marzo\/\" rel=\"nofollow noopener\" target=\"_blank\">Seguir leyendo<\/a><\/p>\n","protected":false},"excerpt":{"rendered":"La reforma integral de la piscina universitaria de Fuentenueva finalizar\u00e1n en el mes de marzo. As\u00ed lo ha&hellip;\n","protected":false},"author":2,"featured_media":328362,"comment_status":"","ping_status":"","sticky":false,"template":"","format":"standard","meta":{"footnotes":""},"categories":[8],"tags":[17,18,25,24,13,14,11,19,20,9,10,15,16,23,12,21,22],"class_list":{"0":"post-328361","1":"post","2":"type-post","3":"status-publish","4":"format-standard","5":"has-post-thumbnail","7":"category-espana","8":"tag-breaking-news","9":"tag-breakingnews","10":"tag-es","11":"tag-espana","12":"tag-featured-news","13":"tag-featurednews","14":"tag-headlines","15":"tag-latest-news","16":"tag-latestnews","17":"tag-news","18":"tag-noticias","19":"tag-noticias-destacadas","20":"tag-noticiasdestacadas","21":"tag-spain","22":"tag-titulares","23":"tag-ultimas-noticias","24":"tag-ultimasnoticias"},"share_on_mastodon":{"url":"https:\/\/pubeurope.com\/@es\/115855648724565110","error":""},"_links":{"self":[{"href":"https:\/\/www.europesays.com\/es\/wp-json\/wp\/v2\/posts\/328361","targetHints":{"allow":["GET"]}}],"collection":[{"href":"https:\/\/www.europesays.com\/es\/wp-json\/wp\/v2\/posts"}],"about":[{"href":"https:\/\/www.europesays.com\/es\/wp-json\/wp\/v2\/types\/post"}],"author":[{"embeddable":true,"href":"https:\/\/www.europesays.com\/es\/wp-json\/wp\/v2\/users\/2"}],"replies":[{"embeddable":true,"href":"https:\/\/www.europesays.com\/es\/wp-json\/wp\/v2\/comments?post=328361"}],"version-history":[{"count":0,"href":"https:\/\/www.europesays.com\/es\/wp-json\/wp\/v2\/posts\/328361\/revisions"}],"wp:featuredmedia":[{"embeddable":true,"href":"https:\/\/www.europesays.com\/es\/wp-json\/wp\/v2\/media\/328362"}],"wp:attachment":[{"href":"https:\/\/www.europesays.com\/es\/wp-json\/wp\/v2\/media?parent=328361"}],"wp:term":[{"taxonomy":"category","embeddable":true,"href":"https:\/\/www.europesays.com\/es\/wp-json\/wp\/v2\/categories?post=328361"},{"taxonomy":"post_tag","embeddable":true,"href":"https:\/\/www.europesays.com\/es\/wp-json\/wp\/v2\/tags?post=328361"}],"curies":[{"name":"wp","href":"https:\/\/api.w.org\/{rel}","templated":true}]}}