{"id":328365,"date":"2026-01-07T20:19:13","date_gmt":"2026-01-07T20:19:13","guid":{"rendered":"https:\/\/www.europesays.com\/es\/328365\/"},"modified":"2026-01-07T20:19:13","modified_gmt":"2026-01-07T20:19:13","slug":"jodar-arrasa-a-faria-y-sigue-adelante-en-camberra","status":"publish","type":"post","link":"https:\/\/www.europesays.com\/es\/328365\/","title":{"rendered":"J\u00f3dar arrasa a Faria y sigue adelante en Camberra"},"content":{"rendered":"<p class=\"\"><b>El tenista espa\u00f1ol Rafa J\u00f3dar <\/b>sigue demostrando en este inicio de 2026 el mismo gran nivel que ya despleg\u00f3 en el tramo final de 2025, donde acab\u00f3 jugando las NextGen Finals. J\u00f3dar ya est\u00e1 en cuartos de final del Workday Canberra International, el ATP Challenger de Camberra (Australia) despu\u00e9s de <b>superar con claridad al portugu\u00e9s Jaime Faria por 6-1 y 6-4 en poco m\u00e1s de una hora de partido.<\/b><\/p>\n<p class=\"\">Un encuentro en el que<b> J\u00f3dar se mostr\u00f3 muy s\u00f3lido en todos los aspectos, en especial al saque, rozando un 80% de puntos ganados con el primer servicio<\/b> y salvando la \u00fanica bola de break en contra que tuvo que afrontar en contra ante un Faria al que le lastraron sus 28 errores no forzados (por los 16 de J\u00f3dar) y que tambi\u00e9n acus\u00f3 las tres bolas de break convertidas por el espa\u00f1ol.<\/p>\n<p class=\"\">J\u00f3dar, que con este triunfo sube al puesto 158 del ranking ATP de manera virtual, buscar\u00e1 una <b>plaza en las semifinales del torneo ante el ganador del encuentro entre el japon\u00e9s Sho Shimabukuro y el luxemburgu\u00e9s Chris Rodesch <\/b>en su \u00faltimo test antes de buscar una plaza en el cuadro final del Open de Australia.<\/p>\n<p>Carball\u00e9s planta cara pero no puede con Blockx<\/p>\n<p class=\"\">El otro espa\u00f1ol que segu\u00eda en el cuadro del Workday Canberra International, <b>Roberto Carball\u00e9s<\/b>, no pudo seguir los pasos de J\u00f3dar, ya que cay\u00f3 en su partido de octavos de final ante otra de las j\u00f3venes perlas del tenis, <b>el belga Alexander Blockx, por 7-6 (8), 3-6 y 7-5<\/b> en dos horas y 51 minutos de partido.<\/p>\n<p class=\"\">Durante las casi tres horas de batalla <b>Carball\u00e9s plant\u00f3 cara e incluso lleg\u00f3 a poner en serios apuros a un Blockx que logr\u00f3 salvar 13 de las 16 bolas de break<\/b> que tuvo el espa\u00f1ol en el partido y que hizo valer su friolera de 49 golpes ganadores (por los 25 de Carball\u00e9s) pese a sus 65 errores no forzados para lograr otra importante victoria en su progresi\u00f3n y que frena a un Carball\u00e9s que ya mira a la previa del Open de Australia. <\/p>\n<p>Noticias relacionadas<\/p>\n<p class=\"\"><b>\u00a1Tus opiniones importan!<\/b> Comenta en los art\u00edculos y suscr\u00edbete gratis a nuestra <a href=\"https:\/\/asfan.as.com\/newsletters\/\" target=\"_blank\" rel=\"nofollow noopener\" title=\"https:\/\/asfan.as.com\/newsletters\/\">newsletter<\/a> y a las alertas informativas en la <a href=\"https:\/\/as.com\/aplicacion-de-as-n\/\" target=\"_blank\" rel=\"nofollow noopener\" title=\"https:\/\/as.com\/aplicacion-de-as-n\/\">App<\/a> o el canal de <a href=\"https:\/\/www.whatsapp.com\/channel\/0029VaAasdA7j6g745nz9M10\" target=\"_blank\" rel=\"nofollow noopener\" title=\"https:\/\/www.whatsapp.com\/channel\/0029VaAasdA7j6g745nz9M10\">WhatsApp<\/a>.<\/p>\n<p class=\"\">\u00bfBuscas licenciar contenido? Haz clic <a href=\"https:\/\/profesional.elpais.com\/soluciones-sindicacion?utm_medium=interno&amp;utm_source=crosslinking&amp;utm_campaign=sindicacion_as_pie_articulos\" target=\"_blank\" rel=\"nofollow noopener\" title=\"https:\/\/profesional.elpais.com\/soluciones-sindicacion?utm_medium=interno&amp;utm_source=crosslinking&amp;utm_campaign=sindicacion_as_pie_articulos\">aqu\u00ed<\/a><\/p>\n","protected":false},"excerpt":{"rendered":"El tenista espa\u00f1ol Rafa J\u00f3dar sigue demostrando en este inicio de 2026 el mismo gran nivel que ya&hellip;\n","protected":false},"author":2,"featured_media":328366,"comment_status":"","ping_status":"","sticky":false,"template":"","format":"standard","meta":{"footnotes":""},"categories":[274],"tags":[168,25,24,23,167,327,326],"class_list":{"0":"post-328365","1":"post","2":"type-post","3":"status-publish","4":"format-standard","5":"has-post-thumbnail","7":"category-tenis","8":"tag-deportes","9":"tag-es","10":"tag-espana","11":"tag-spain","12":"tag-sports","13":"tag-tenis","14":"tag-tennis"},"share_on_mastodon":{"url":"https:\/\/pubeurope.com\/@es\/115855672135298360","error":""},"_links":{"self":[{"href":"https:\/\/www.europesays.com\/es\/wp-json\/wp\/v2\/posts\/328365","targetHints":{"allow":["GET"]}}],"collection":[{"href":"https:\/\/www.europesays.com\/es\/wp-json\/wp\/v2\/posts"}],"about":[{"href":"https:\/\/www.europesays.com\/es\/wp-json\/wp\/v2\/types\/post"}],"author":[{"embeddable":true,"href":"https:\/\/www.europesays.com\/es\/wp-json\/wp\/v2\/users\/2"}],"replies":[{"embeddable":true,"href":"https:\/\/www.europesays.com\/es\/wp-json\/wp\/v2\/comments?post=328365"}],"version-history":[{"count":0,"href":"https:\/\/www.europesays.com\/es\/wp-json\/wp\/v2\/posts\/328365\/revisions"}],"wp:featuredmedia":[{"embeddable":true,"href":"https:\/\/www.europesays.com\/es\/wp-json\/wp\/v2\/media\/328366"}],"wp:attachment":[{"href":"https:\/\/www.europesays.com\/es\/wp-json\/wp\/v2\/media?parent=328365"}],"wp:term":[{"taxonomy":"category","embeddable":true,"href":"https:\/\/www.europesays.com\/es\/wp-json\/wp\/v2\/categories?post=328365"},{"taxonomy":"post_tag","embeddable":true,"href":"https:\/\/www.europesays.com\/es\/wp-json\/wp\/v2\/tags?post=328365"}],"curies":[{"name":"wp","href":"https:\/\/api.w.org\/{rel}","templated":true}]}}