{"id":328371,"date":"2026-01-07T20:24:09","date_gmt":"2026-01-07T20:24:09","guid":{"rendered":"https:\/\/www.europesays.com\/es\/328371\/"},"modified":"2026-01-07T20:24:09","modified_gmt":"2026-01-07T20:24:09","slug":"de-mar-flores-a-carlo-costanzia","status":"publish","type":"post","link":"https:\/\/www.europesays.com\/es\/328371\/","title":{"rendered":"de Mar Flores a Carlo Costanzia"},"content":{"rendered":"<p class=\"article-text\">\n        <strong>Laura Matamoros <\/strong>debut\u00f3 como colaboradora de <strong>Espejo P\u00fablico<\/strong> este mi\u00e9rcoles, 7 de enero, concediendo una breve entrevista en directo. Su familia se convirti\u00f3 en uno de los ejes de su conversaci\u00f3n con <strong>Gemma L\u00f3pez<\/strong>, abordando tanto las \u00faltimas pol\u00e9micas relacionadas con <strong>Mar Flores<\/strong> \u2014su t\u00eda\u2014 y <strong>Carlo Costanzia<\/strong> \u2014su primo\u2014 como la relaci\u00f3n con <strong>Mari\u00e1n Flores<\/strong> \u2014su madre\u2014. Adem\u00e1s, la influencer aprovech\u00f3 para explicar sus sensaciones tras incorporarse al espacio matinal de <strong>Antena 3<\/strong>. Por el momento, sigue sin desvelarse qui\u00e9n es el <a href=\"https:\/\/www.eldiario.es\/vertele\/noticias\/revolucion-espejo-publico-laura-matamoros-robo-competencia-nueva-seccion-emociones_1_12886940.html\" target=\"_blank\" data-mrf-recirculation=\"links-noticia\" class=\"link\" rel=\"nofollow noopener\">\u201crobo\u201d a la competencia<\/a> que se anunci\u00f3.\n    <\/p>\n<p>    <a href=\"https:\/\/www.eldiario.es\/vertele\/noticias\/revolucion-espejo-publico-laura-matamoros-robo-competencia-nueva-seccion-emociones_1_12886940.html\" data-mrf-recirculation=\"saber-mas\" data-dl-event=\"saber-mas\" rel=\"nofollow noopener\" target=\"_blank\"><\/p>\n<p class=\"know-more__title\">Revoluci\u00f3n en &#8216;Espejo P\u00fablico&#8217; con Laura Matamoros, un \u00abrobo\u00bb de la competencia y nueva secci\u00f3n &#8216;de las emociones&#8217;<\/p>\n<p>            <img decoding=\"async\" class=\"lazy\" loading=\"lazy\" data-src=\"https:\/\/static.eldiario.es\/clip\/94c6d4a6-9b76-4d4c-8389-13d0fd0a3c10_16-9-aspect-ratio_default_0.jpg\" src=\"data:image\/svg+xml,%3Csvg xmlns=\" http:=\"\" viewbox=\"0 0 880 495\" alt=\"Revoluci\u00f3n en 'Espejo P\u00fablico' con Laura Matamoros, un &quot;robo&quot; de la competencia y nueva secci\u00f3n 'de las emociones'\"\/><\/p>\n<p>                        <\/a><\/p>\n<p class=\"article-text\">\n        En primer lugar, la reci\u00e9n llegada confirm\u00f3 que afronta \u201c<strong>con naturalidad<\/strong>\u201d todos los temas que tienen que ver son su familia. Asumiendo que son un n\u00facleo \u201cmedi\u00e1tico\u201d, Matamoros insisti\u00f3 en que siempre se pronuncia \u201crespondiendo de la mejor manera\u201d que sabe hacer. Su interlocutora aprovech\u00f3 el momento para introducir las <strong>memorias <\/strong>de Mar Flores en la conversaci\u00f3n, donde se abord\u00f3 el \u201cmaltrato\u201d que sufri\u00f3 en el pasado. \u201c<strong>Son temas que ya se sab\u00edan. No los hemos tratado por su delicadeza<\/strong>\u201d, respondi\u00f3.\n    <\/p>\n<p class=\"article-text\">\n        La nueva colaboradora de Espejo P\u00fablico matiz\u00f3 que \u201chay ciertos temas puntuales\u201d que ella no conoc\u00eda. Por ese motivo, cuando los ley\u00f3 en las memorias en cuesti\u00f3n, se le puso \u201c<strong>la piel de gallina<\/strong>\u201d. \u201cLe he mandado siempre todo mi apoyo, tanto personal como p\u00fablicamente, y con eso es con lo que nos quedamos\u201d, sentenci\u00f3 a continuaci\u00f3n, tras escuchar la pregunta de Gemma L\u00f3pez. La publicaci\u00f3n de este libro gener\u00f3 gran pol\u00e9mica en esta familia, como ya qued\u00f3 patente en el programa De Viernes de Telecinco.\n    <\/p>\n<p class=\"article-text\">\n        En segundo lugar, la copresentadora del programa incluy\u00f3 en la ecuaci\u00f3n a Carlo Costanzia: \u201c\u00bfT\u00fa crees que en temas tan delicados se puede estar en medio?\u201d, a lo que Matamoros respondi\u00f3 que \u201c<strong>hay que posicionarse<\/strong>\u201d. \u201c<strong>Estamos hablando de cosas muy graves <\/strong>y, estar en medio\u2026 Luego te acaba salpicando\u201d, continu\u00f3 explicando en directo. De hecho, se plante\u00f3 que Matamoros tambi\u00e9n vivi\u00f3 el dr\u00e1stico distanciamiento de sus progenitores: \u201cA la larga se sufre mucho, porque, de peque\u00f1os y tan inmaduros, no sabemos gestionarlos\u201d.\n    <\/p>\n<p>    Laura Matamoros valora su incorporaci\u00f3n a &#8216;Espejo P\u00fablico&#8217;<\/p>\n<p class=\"article-text\">\n        La breve entrevista continu\u00f3 despu\u00e9s de una pausa publicitaria, con la influencer confesando sus sentimientos ante el debut en Espejo P\u00fablico. Conviene recordar que sus primeros pasos en televisi\u00f3n tienen que ver con Telecinco: se present\u00f3 ante el p\u00fablico como concursante de <strong>Gran Hermano VIP 4<\/strong>, edici\u00f3n que termin\u00f3 ganando frente a <strong>Carlos Lozano <\/strong>en 2016. Ahora, Laura Matamoros se enfrenta \u201c<strong>content\u00edsima<\/strong>\u201d y \u201c<strong>superfeliz<\/strong>\u201d a una nueva etapa en su carrera medi\u00e1tica.\n    <\/p>\n<p>    <a href=\"https:\/\/www.eldiario.es\/vertele\/noticias\/telecinco-aclara-cuando-acaba-agarrate-al-sillon-pone-fecha-entrega-premio-antes-relevo-concursos_1_12890966.html\" data-mrf-recirculation=\"saber-mas-abajo\" data-dl-event=\"saber-mas-abajo\" rel=\"nofollow noopener\" target=\"_blank\"><\/p>\n<p class=\"know-more__title\">Telecinco aclara cu\u00e1ndo acaba &#8216;Ag\u00e1rrate al sill\u00f3n&#8217; y pone fecha a la entrega de su premio antes del relevo de concursos<\/p>\n<p>            <img decoding=\"async\" class=\"lazy\" loading=\"lazy\" data-src=\"https:\/\/static.eldiario.es\/clip\/17c802f2-7fbf-4bf4-a152-6884e8279260_16-9-aspect-ratio_default_0.jpg\" src=\"data:image\/svg+xml,%3Csvg xmlns=\" http:=\"\" viewbox=\"0 0 880 495\" alt=\"Telecinco aclara cu\u00e1ndo acaba 'Ag\u00e1rrate al sill\u00f3n' y pone fecha a la entrega de su premio antes del relevo de concursos\"\/><\/p>\n<p>                        <\/a><\/p>\n<p class=\"article-text\">\n        \u201c<strong>Con muchas cosas que contar<\/strong>\u201d, la colaboradora se defini\u00f3 como una mujer \u201cnueva pero resabionda\u201d. \u201cHa habido un momento en el que casi me emociono. Se me han saltado un poquito las l\u00e1grimas\u201d, sentenci\u00f3 desde las redes sociales del programa. \u201cVoy a traer frescura, espontaneidad\u2026 \u00a1Y pienso mojarme en todo!\u201d, comunic\u00f3, para despu\u00e9s desvelar que se emocion\u00f3 cuando Gemma L\u00f3pez plante\u00f3 una conversaci\u00f3n sobre su madre en directo.\n    <\/p>\n","protected":false},"excerpt":{"rendered":"Laura Matamoros debut\u00f3 como colaboradora de Espejo P\u00fablico este mi\u00e9rcoles, 7 de enero, concediendo una breve entrevista en&hellip;\n","protected":false},"author":2,"featured_media":328372,"comment_status":"","ping_status":"","sticky":false,"template":"","format":"standard","meta":{"footnotes":""},"categories":[174],"tags":[35883,255,41186,13670,146,147,3141,25,24,5174,367,256,9646,3459,195,15185,1421,23],"class_list":{"0":"post-328371","1":"post","2":"type-post","3":"status-publish","4":"format-standard","5":"has-post-thumbnail","7":"category-famosos","8":"tag-carlo","9":"tag-celebrities","10":"tag-costanzia","11":"tag-debuto","12":"tag-entertainment","13":"tag-entretenimiento","14":"tag-entrevista","15":"tag-es","16":"tag-espana","17":"tag-espejo","18":"tag-familia","19":"tag-famosos","20":"tag-flores","21":"tag-laura","22":"tag-mar","23":"tag-matamoros","24":"tag-publico","25":"tag-spain"},"share_on_mastodon":{"url":"https:\/\/pubeurope.com\/@es\/115855691917692917","error":""},"_links":{"self":[{"href":"https:\/\/www.europesays.com\/es\/wp-json\/wp\/v2\/posts\/328371","targetHints":{"allow":["GET"]}}],"collection":[{"href":"https:\/\/www.europesays.com\/es\/wp-json\/wp\/v2\/posts"}],"about":[{"href":"https:\/\/www.europesays.com\/es\/wp-json\/wp\/v2\/types\/post"}],"author":[{"embeddable":true,"href":"https:\/\/www.europesays.com\/es\/wp-json\/wp\/v2\/users\/2"}],"replies":[{"embeddable":true,"href":"https:\/\/www.europesays.com\/es\/wp-json\/wp\/v2\/comments?post=328371"}],"version-history":[{"count":0,"href":"https:\/\/www.europesays.com\/es\/wp-json\/wp\/v2\/posts\/328371\/revisions"}],"wp:featuredmedia":[{"embeddable":true,"href":"https:\/\/www.europesays.com\/es\/wp-json\/wp\/v2\/media\/328372"}],"wp:attachment":[{"href":"https:\/\/www.europesays.com\/es\/wp-json\/wp\/v2\/media?parent=328371"}],"wp:term":[{"taxonomy":"category","embeddable":true,"href":"https:\/\/www.europesays.com\/es\/wp-json\/wp\/v2\/categories?post=328371"},{"taxonomy":"post_tag","embeddable":true,"href":"https:\/\/www.europesays.com\/es\/wp-json\/wp\/v2\/tags?post=328371"}],"curies":[{"name":"wp","href":"https:\/\/api.w.org\/{rel}","templated":true}]}}