{"id":328373,"date":"2026-01-07T20:25:12","date_gmt":"2026-01-07T20:25:12","guid":{"rendered":"https:\/\/www.europesays.com\/es\/328373\/"},"modified":"2026-01-07T20:25:12","modified_gmt":"2026-01-07T20:25:12","slug":"doscientos-euros-por-el-diseno-de-la-imagen-del-festival-internacional-de-cine-de-madrid-pnr","status":"publish","type":"post","link":"https:\/\/www.europesays.com\/es\/328373\/","title":{"rendered":"Doscientos euros por el dise\u00f1o de la imagen del Festival Internacional de Cine de Madrid\u2013PNR"},"content":{"rendered":"<p class=\"entradilla\">El Festival Internacional de Cine de Madrid\u2013PNR ha convocado un <a href=\"https:\/\/festivalcinemadrid.es\/concurso-de-carteles\/\" rel=\"nofollow noopener\" target=\"_blank\">concurso de carteles <\/a>para su 35\u00aa edici\u00f3n. La propuesta seleccionada ser\u00e1 la imagen oficial del festival en 2026 y se aplicar\u00e1 a todos sus soportes de comunicaci\u00f3n. La dotaci\u00f3n econ\u00f3mica prevista para ese trabajo es de 200 euros, sujetos adem\u00e1s a las retenciones fiscales correspondientes.<\/p>\n<p><img fetchpriority=\"high\" decoding=\"async\" width=\"819\" height=\"1024\" src=\"https:\/\/www.europesays.com\/es\/wp-content\/uploads\/2026\/01\/Cartel-Festival-de-Cine-34-Redes-1-980x1225-1-819x1024.webp.webp\" alt=\"\" class=\"wp-image-902012\"  \/><\/p>\n<p>La convocatoria est\u00e1 abierta a ilustradores e ilustradoras residentes en Espa\u00f1a y plantea un encargo con exigencias propias de un trabajo profesional completo: una obra original e in\u00e9dita, con solvencia t\u00e9cnica, adaptable a m\u00faltiples formatos, editable por capas y preparada para su uso continuado en carteler\u00eda, web, redes sociales, prensa y otros soportes promocionales. Es decir, una imagen que no solo debe funcionar como cartel, sino como sistema visual flexible durante toda la edici\u00f3n del festival.<\/p>\n<p>La pregunta que surge de forma inmediata no es t\u00e9cnica ni legal, sino conceptual: <strong>\u00bfpor qu\u00e9 un trabajo de estas caracter\u00edsticas se plantea como concurso y no como encargo directo?<\/strong> Y, sobre todo, \u00bfpor qu\u00e9 se considera razonable fijar su valor en 200 euros?<\/p>\n<p><img loading=\"lazy\" decoding=\"async\" width=\"1024\" height=\"824\" src=\"https:\/\/www.europesays.com\/es\/wp-content\/uploads\/2026\/01\/Captura-de-pantalla-2026-01-06-a-las-20.27.40-1024x824.png\" alt=\"\" class=\"wp-image-902010\"  \/><\/p>\n<p>La cifra resulta dif\u00edcil de sostener desde cualquier an\u00e1lisis m\u00ednimamente realista del proceso de trabajo que implica dise\u00f1ar una imagen de este tipo. Conceptualizaci\u00f3n, investigaci\u00f3n, desarrollo gr\u00e1fico, pruebas, ajustes, preparaci\u00f3n de archivos y adaptaci\u00f3n a distintos formatos requieren tiempo, criterio y experiencia. A ello se suma un dato que suele omitirse: de esos 200 euros hay que descontar impuestos, lo que reduce todav\u00eda m\u00e1s la compensaci\u00f3n real por el trabajo realizado.<\/p>\n<p>El planteamiento del concurso deja en el aire otra cuesti\u00f3n clave: <strong>qui\u00e9n cree que con ese presupuesto se obtendr\u00e1 un resultado medianamente aceptable<\/strong>. No excelente, no brillante, ni siquiera sobresaliente. Aceptable. Porque la cifra no se sostiene ni para un profesional con experiencia ni para un perfil en formaci\u00f3n que quiera tomarse el trabajo en serio. Tampoco para alguien que compagine esta actividad con otra, si se espera un m\u00ednimo de dedicaci\u00f3n y calidad.<\/p>\n<p><img loading=\"lazy\" decoding=\"async\" width=\"1024\" height=\"392\" src=\"https:\/\/www.europesays.com\/es\/wp-content\/uploads\/2026\/01\/Captura-de-pantalla-2026-01-06-a-las-20.27.53-1024x392.png\" alt=\"\" class=\"wp-image-902011\"  \/><\/p>\n<p>Resulta especialmente llamativo que este planteamiento proceda de un festival con una trayectoria consolidada, vinculado al \u00e1mbito cultural y audiovisual, y plenamente consciente de c\u00f3mo funciona el trabajo profesional creativo. No se trata de una convocatoria lanzada desde la ignorancia ni desde fuera del sector, sino desde dentro. Y eso es lo que convierte el caso en algo m\u00e1s que una simple cifra baja: lo convierte en un mensaje.<\/p>\n<p>Un mensaje que normaliza la idea de que el dise\u00f1o gr\u00e1fico y la ilustraci\u00f3n pueden resolverse mediante concursos abiertos, con presupuestos simb\u00f3licos, incluso cuando la pieza resultante es central para la identidad p\u00fablica de un evento. Un mensaje que transmite que el cartel \u2014la imagen\u2014 es importante\u2026 pero no lo suficiente como para pagarla en condiciones.<\/p>\n<p>En la edici\u00f3n anterior, la n\u00famero 34, el festival se present\u00f3 bajo el lema Miradas al futuro, acompa\u00f1ado de una imagen elocuente: una figura humana cayendo al vac\u00edo dentro de una espiral formada por una cinta de pel\u00edcula cinematogr\u00e1fica. La met\u00e1fora era clara, incluso bella en su dramatismo. Lo que resulta inquietante es que, visto desde hoy, esa imagen parece describir con bastante precisi\u00f3n el lugar al que se empuja a la profesi\u00f3n cuando se plantean concursos como este. Porque si de verdad se quiere hablar de futuro, no puede hacerse sosteniendo modelos que rebajan el valor del trabajo creativo hasta hacerlo inviable. No hay futuro posible para el dise\u00f1o, la ilustraci\u00f3n ni la cultura visual si quienes deber\u00edan comprender mejor su importancia siguen considerando aceptable pagar 200 euros por una imagen que lo representa todo. En ese contexto, la ca\u00edda no es simb\u00f3lica: es estructural.<\/p>\n","protected":false},"excerpt":{"rendered":"El Festival Internacional de Cine de Madrid\u2013PNR ha convocado un concurso de carteles para su 35\u00aa edici\u00f3n. La&hellip;\n","protected":false},"author":2,"featured_media":328374,"comment_status":"","ping_status":"","sticky":false,"template":"","format":"standard","meta":{"footnotes":""},"categories":[173],"tags":[229,233,231,230,232,234,146,147,25,24,23],"class_list":{"0":"post-328373","1":"post","2":"type-post","3":"status-publish","4":"format-standard","5":"has-post-thumbnail","7":"category-arte-y-diseno","8":"tag-arte","9":"tag-arte-y-diseno","10":"tag-arts","11":"tag-arts-and-design","12":"tag-design","13":"tag-diseno","14":"tag-entertainment","15":"tag-entretenimiento","16":"tag-es","17":"tag-espana","18":"tag-spain"},"share_on_mastodon":{"url":"https:\/\/pubeurope.com\/@es\/115855695809751525","error":""},"_links":{"self":[{"href":"https:\/\/www.europesays.com\/es\/wp-json\/wp\/v2\/posts\/328373","targetHints":{"allow":["GET"]}}],"collection":[{"href":"https:\/\/www.europesays.com\/es\/wp-json\/wp\/v2\/posts"}],"about":[{"href":"https:\/\/www.europesays.com\/es\/wp-json\/wp\/v2\/types\/post"}],"author":[{"embeddable":true,"href":"https:\/\/www.europesays.com\/es\/wp-json\/wp\/v2\/users\/2"}],"replies":[{"embeddable":true,"href":"https:\/\/www.europesays.com\/es\/wp-json\/wp\/v2\/comments?post=328373"}],"version-history":[{"count":0,"href":"https:\/\/www.europesays.com\/es\/wp-json\/wp\/v2\/posts\/328373\/revisions"}],"wp:featuredmedia":[{"embeddable":true,"href":"https:\/\/www.europesays.com\/es\/wp-json\/wp\/v2\/media\/328374"}],"wp:attachment":[{"href":"https:\/\/www.europesays.com\/es\/wp-json\/wp\/v2\/media?parent=328373"}],"wp:term":[{"taxonomy":"category","embeddable":true,"href":"https:\/\/www.europesays.com\/es\/wp-json\/wp\/v2\/categories?post=328373"},{"taxonomy":"post_tag","embeddable":true,"href":"https:\/\/www.europesays.com\/es\/wp-json\/wp\/v2\/tags?post=328373"}],"curies":[{"name":"wp","href":"https:\/\/api.w.org\/{rel}","templated":true}]}}