{"id":328381,"date":"2026-01-07T20:31:11","date_gmt":"2026-01-07T20:31:11","guid":{"rendered":"https:\/\/www.europesays.com\/es\/328381\/"},"modified":"2026-01-07T20:31:11","modified_gmt":"2026-01-07T20:31:11","slug":"validan-una-prueba-por-puncion-en-el-dedo-para-la-deteccion-precoz-del-alzheimer","status":"publish","type":"post","link":"https:\/\/www.europesays.com\/es\/328381\/","title":{"rendered":"Validan una prueba por punci\u00f3n en el dedo para la detecci\u00f3n precoz del Alzheimer"},"content":{"rendered":"<p class=\"mostrar_fragmento\">Un estudio internacional liderado por Ace Alzheimer Center Barcelona ha validado un procedimiento que permite detectar signos tempranos de Alzheimer mediante una punci\u00f3n en el dedo.El proyecto, denominado Drop-Ad y publicado en la revista cient\u00edfica &#8216;Nature Medicine&#8217;, ha analizado 6 poblaciones distintas en diferentes etapas de Alzheimer y 1 cohorte &#8230;            &#13;\n        <\/p>\n<p> &#13;<\/p>\n<p>Un estudio internacional liderado por Ace Alzheimer Center Barcelona ha validado un procedimiento que permite<strong> detectar signos tempranos de Alzheimer mediante una punci\u00f3n en el dedo<\/strong>.<\/p>\n<p>El proyecto, denominado Drop-Ad y publicado en la revista cient\u00edfica &#8216;Nature Medicine&#8217;, ha analizado 6 poblaciones distintas en diferentes etapas de Alzheimer y 1 cohorte de personas con s\u00edndrome de Down, con un total de 337 participantes, informa Ace Alzheimer en un comunicado de este mi\u00e9rcoles.<\/p>\n<p>En concreto, el trabjo valida la cuantificaci\u00f3n de prote\u00ednas como p-tau217, GFAP y NfL en sangre capilar seca, con una precisi\u00f3n diagn\u00f3stica del 86 %.<\/p>\n<p>El director de la Unidad de Ensayos Cl\u00ednicos de Ace Alzheimer Center, <strong>Xavier Morat\u00f3<\/strong>, ha se\u00f1alado que el m\u00e9todo podr\u00eda acelerar la identificaci\u00f3n de personas en riesgo de sufrir la enfermedad, agilizando su derivaci\u00f3n a las unidades especializadas donde se realizar\u00edan pruebas complementarias para confirmar el diagn\u00f3stico.<\/p>\n<p> &#13;<\/p>\n<p>\u00abEl objetivo es democratizar el acceso al diagn\u00f3stico precoz. Cuanto antes se detecte la enfermedad, m\u00e1s eficaz puede ser cualquier intervenci\u00f3n farmacol\u00f3gica o no farmacol\u00f3gica, y mejor se puede planificar la atenci\u00f3n del paciente\u00bb, ha apuntado.<\/p>\n<p><strong>Un m\u00e9todo menos invasivo<\/strong><\/p>\n<p>Hasta ahora, la confirmaci\u00f3n de la patolog\u00eda amiloide requer\u00eda punci\u00f3n lumbar o neuroimagen molecular, procedimientos \u00abinvasivos, costosos y con acceso limitado\u00bb.<\/p>\n<p>Recientemente, la <strong>detecci\u00f3n de los biomarcadores en plasma <\/strong>est\u00e1 adquiriendo \u00abuna sensibilidad y especificidad comparables con los m\u00e9todos considerados hasta ahora de referencia\u00bb, como LCR o PET amiloide, y ya existen en Europa tests para analizar los biomarcadores plasm\u00e1ticos aprobados.<\/p>\n<p>&#13;<br \/>\n            SEGUIR LEYENDO&#13;\n        <\/p>\n","protected":false},"excerpt":{"rendered":"Un estudio internacional liderado por Ace Alzheimer Center Barcelona ha validado un procedimiento que permite detectar signos tempranos&hellip;\n","protected":false},"author":2,"featured_media":328382,"comment_status":"","ping_status":"","sticky":false,"template":"","format":"standard","meta":{"footnotes":""},"categories":[92],"tags":[75827,40983,11539,3350,210,8763,6639,75829,6283,75828,30626,6525,6214,37837,8302,25,24,1292,48916,1080,165,61,3268,6302,12715,9856,2706,7292,2761,7776,75826,166,13967,23282,28675,23,9086,59250,18488,75825],"class_list":["post-328381","post","type-post","status-publish","format-standard","has-post-thumbnail","category-salud","tag-ace","tag-ad","tag-alcanza","tag-alzheimer","tag-barcelona","tag-biomarcadores","tag-capaz","tag-capilar","tag-center","tag-cuantificados","tag-dedo","tag-deteccion","tag-detectar","tag-diagnostica","tag-drop","tag-es","tag-espana","tag-estudio","tag-gota","tag-ha","tag-health","tag-internacional","tag-liderado","tag-medicine","tag-metodo","tag-nature","tag-precision","tag-precoz","tag-prueba","tag-publicado","tag-puncion","tag-salud","tag-sangre","tag-seca","tag-signos","tag-spain","tag-tecnica","tag-tempranos","tag-validado","tag-validan"],"share_on_mastodon":{"url":"https:\/\/pubeurope.com\/@es\/115855721174712831","error":""},"_links":{"self":[{"href":"https:\/\/www.europesays.com\/es\/wp-json\/wp\/v2\/posts\/328381","targetHints":{"allow":["GET"]}}],"collection":[{"href":"https:\/\/www.europesays.com\/es\/wp-json\/wp\/v2\/posts"}],"about":[{"href":"https:\/\/www.europesays.com\/es\/wp-json\/wp\/v2\/types\/post"}],"author":[{"embeddable":true,"href":"https:\/\/www.europesays.com\/es\/wp-json\/wp\/v2\/users\/2"}],"replies":[{"embeddable":true,"href":"https:\/\/www.europesays.com\/es\/wp-json\/wp\/v2\/comments?post=328381"}],"version-history":[{"count":0,"href":"https:\/\/www.europesays.com\/es\/wp-json\/wp\/v2\/posts\/328381\/revisions"}],"wp:featuredmedia":[{"embeddable":true,"href":"https:\/\/www.europesays.com\/es\/wp-json\/wp\/v2\/media\/328382"}],"wp:attachment":[{"href":"https:\/\/www.europesays.com\/es\/wp-json\/wp\/v2\/media?parent=328381"}],"wp:term":[{"taxonomy":"category","embeddable":true,"href":"https:\/\/www.europesays.com\/es\/wp-json\/wp\/v2\/categories?post=328381"},{"taxonomy":"post_tag","embeddable":true,"href":"https:\/\/www.europesays.com\/es\/wp-json\/wp\/v2\/tags?post=328381"}],"curies":[{"name":"wp","href":"https:\/\/api.w.org\/{rel}","templated":true}]}}