{"id":328389,"date":"2026-01-07T20:35:13","date_gmt":"2026-01-07T20:35:13","guid":{"rendered":"https:\/\/www.europesays.com\/es\/328389\/"},"modified":"2026-01-07T20:35:13","modified_gmt":"2026-01-07T20:35:13","slug":"francia-alemania-y-otros-paises-de-europa-preparan-un-plan-para-responder-a-las-amenazas-de-trump-sobre-groenlandia-internacional","status":"publish","type":"post","link":"https:\/\/www.europesays.com\/es\/328389\/","title":{"rendered":"Francia, Alemania y otros pa\u00edses de Europa preparan un plan para \u201cresponder\u201d a las amenazas de Trump sobre Groenlandia | Internacional"},"content":{"rendered":"<p class=\"\">Un grupo de aliados, encabezados por Francia y Alemania, trabaja en un plan para responder a las amenazas de Donald Trump, que pretende apoderarse de Groenlandia. El ministro de Exteriores franc\u00e9s, Jean-No\u00ebl Barrot, ha afirmado este mi\u00e9rcoles que tratar\u00e1 el tema con sus hom\u00f3logos alem\u00e1n y polaco, tras las \u00faltimas amenazas de Estados Unidos sobre la isla \u00e1rtica, un territorio aut\u00f3nomo perteneciente a Dinamarca, pa\u00eds miembro de la Uni\u00f3n Europea y, como EE UU, tambi\u00e9n de la OTAN. \u201cSea cual sea la forma y el origen de la intimidaci\u00f3n, hemos comenzado a trabajar en el ministerio de Exteriores para prepararnos para tomar represalias, para responder, y no para responder solos\u201d, ha dicho el jefe de la diplomacia francesa en radio France Inter, que ha hablado de adoptar medidas \u201cconvincentes\u201d.<\/p>\n<p class=\"\">Los comentarios de Barrot llegan <a href=\"https:\/\/elpais.com\/internacional\/2026-01-06\/los-grandes-paises-de-europa-reclaman-a-trump-que-respete-a-groenlandia-tras-las-amenazas-de-anexion.html\" target=\"_self\" rel=\"nofollow noopener\" title=\"https:\/\/elpais.com\/internacional\/2026-01-06\/los-grandes-paises-de-europa-reclaman-a-trump-que-respete-a-groenlandia-tras-las-amenazas-de-anexion.html\">despu\u00e9s de la declaraci\u00f3n de apoyo<\/a> a Groenlandia y Dinamarca de los grandes pa\u00edses de Europa: Francia, Alemania, Reino Unido, Espa\u00f1a, Italia y Polonia, junto al pa\u00eds n\u00f3rdico. Un texto que respaldaron despu\u00e9s otros pa\u00edses europeos y Canad\u00e1. \u201cAnte estas se\u00f1ales de intimidaci\u00f3n, queremos actuar, pero actuar con nuestros socios europeos\u201d, ha insistido el jefe de la diplomacia francesa. Una fuente del Gobierno alem\u00e1n ha asegurado a la agencia Reuters que Berl\u00edn \u201cest\u00e1 colaborando estrechamente con otros pa\u00edses europeos y Dinamarca en los pr\u00f3ximos pasos con respecto a Groenlandia\u201d.<\/p>\n<p><img decoding=\"auto\" class=\"_re lazyload a_m-h\" height=\"277\"  width=\"414\"  src=\"https:\/\/www.europesays.com\/es\/wp-content\/uploads\/2026\/01\/IDVETZZ3UNBRLEKCVL7Y7IX4FE.jpg\" loading=\"lazy\"\/>Jean-Noel Barrot, el 10 de diciembre en Francia.Anadolu (Anadolu via Getty Images)<\/p>\n<p class=\"\">\u201cNo me dedico a especulaciones pol\u00edticas ni diplom\u00e1ticas. No tendr\u00eda ning\u00fan sentido que un pa\u00eds de la OTAN atacara a otro; ser\u00eda completamente absurdo y, sobre todo, totalmente contrario a los intereses de Estados Unidos\u201c, ha dicho Barrot, que ha asegurado que ha hablado con el secretario de Estado de EE UU, Marco Rubio, y que este le ha asegurado que no se repetir\u00e1 en la isla \u00e1rtica un escenario similar al de la intervenci\u00f3n del pa\u00eds norteamericano en Venezuela. <\/p>\n<p class=\"\">El martes, sin embargo, la Casa Blanca reiter\u00f3 <a href=\"https:\/\/elpais.com\/internacional\/2026-01-07\/la-intervencion-en-venezuela-reaviva-la-obsesion-de-trump-por-groenlandia.html\" target=\"_self\" rel=\"nofollow noopener\" title=\"https:\/\/elpais.com\/internacional\/2026-01-07\/la-intervencion-en-venezuela-reaviva-la-obsesion-de-trump-por-groenlandia.html\">su intenci\u00f3n de hacerse con Groenlandia<\/a> y no descart\u00f3 el uso de la fuerza para conseguirlo. \u201cGroenlandia no est\u00e1 en venta. Pertenece a los groenlandeses, y su futuro lo definir\u00e1 el acuerdo entre las autoridades groenlandesas y danesas\u201d, ha dicho Barrot. \u201cEs un territorio europeo y as\u00ed lo seguir\u00e1 siendo\u201d, ha remarcado el ministro franc\u00e9s en radio France Inter.<\/p>\n<p class=\"\">En su declaraci\u00f3n de apoyo a Groenlandia, los l\u00edderes europeos ya hablaban de c\u00f3mo se ha reforzado la seguridad del \u00c1rtico y de que puede elevarse, pero colectivamente, <a href=\"https:\/\/elpais.com\/internacional\/2026-01-06\/el-asesor-de-trump-stephen-miller-justifica-que-ee-uu-se-haga-con-groenlandia-somos-una-superpotencia.html\" target=\"_self\" rel=\"nofollow noopener\" title=\"https:\/\/elpais.com\/internacional\/2026-01-06\/el-asesor-de-trump-stephen-miller-justifica-que-ee-uu-se-haga-con-groenlandia-somos-una-superpotencia.html\">junto a EE UU. <\/a>\u201cLa OTAN ha dejado claro que la regi\u00f3n del \u00c1rtico es una prioridad y los aliados europeos est\u00e1n intensificando su labor. Nosotros y muchos otros aliados hemos aumentado nuestra presencia, actividades e inversiones para mantener la seguridad del \u00c1rtico y disuadir a los adversarios. El Reino de Dinamarca, incluida Groenlandia, forma parte de la OTAN\u201d, dice el texto. <\/p>\n<p><img decoding=\"auto\" class=\"_re lazyload a_m-h\" height=\"276\"  width=\"414\"  src=\"https:\/\/www.europesays.com\/es\/wp-content\/uploads\/2026\/01\/G64F7QYT65DATBPEXKFPIFUZGI.jpg\" loading=\"lazy\"\/>Banderas de Groenlandia, en Nuuk, en abril de 2025.Juliette Pavy (Bloomberg)<\/p>\n<p class=\"\">\u201cPor lo tanto, la seguridad en el \u00c1rtico debe lograrse colectivamente, junto con los aliados de la OTAN, incluido Estados Unidos, defendiendo los principios de la Carta de las Naciones Unidas, incluida la soberan\u00eda, la integridad territorial y la inviolabilidad de las fronteras. Estos son principios universales y no dejaremos de defenderlos\u201d, remarcan los europeos.<\/p>\n<p class=\"\">La situaci\u00f3n es cada vez m\u00e1s delicada. El ministro de Asuntos Exteriores de Dinamarca, Lars Lokke Rasmussen, y su hom\u00f3loga groenlandesa, Vivian Motzfeldt, han solicitado una reuni\u00f3n urgente con Rubio para abordar la situaci\u00f3n. \u201cEl intercambio de gritos debe ser reemplazado por un di\u00e1logo m\u00e1s sensato\u201d, ha se\u00f1alado el jefe de la diplomacia danesa en un comunicado difundido en las redes sociales.<\/p>\n","protected":false},"excerpt":{"rendered":"Un grupo de aliados, encabezados por Francia y Alemania, trabaja en un plan para responder a las amenazas&hellip;\n","protected":false},"author":2,"featured_media":328390,"comment_status":"","ping_status":"","sticky":false,"template":"","format":"standard","meta":{"footnotes":""},"categories":[42],"tags":[1660,74750,17,18,1196,1708,47619,72,26254,352,629,700,13,14,317,29392,11,61,62,63,64,19,20,1804,9,1194,10,15,16,1613,6939,2959,952,12,21,22,1617,1192,65,66,67],"class_list":{"0":"post-328389","1":"post","2":"type-post","3":"status-publish","4":"format-standard","5":"has-post-thumbnail","7":"category-internacional","8":"tag-alemania","9":"tag-ataque-estados-unidos-a-venezuela","10":"tag-breaking-news","11":"tag-breakingnews","12":"tag-chavismo","13":"tag-comision-europea","14":"tag-conflictos-diplomaticos","15":"tag-conflictos-internacionales","16":"tag-consejo-europeo","17":"tag-donald-trump","18":"tag-estados-unidos","19":"tag-europa","20":"tag-featured-news","21":"tag-featurednews","22":"tag-francia","23":"tag-groenlandia","24":"tag-headlines","25":"tag-internacional","26":"tag-international","27":"tag-international-news","28":"tag-internationalnews","29":"tag-latest-news","30":"tag-latestnews","31":"tag-latinoamerica","32":"tag-news","33":"tag-nicolas-maduro","34":"tag-noticias","35":"tag-noticias-destacadas","36":"tag-noticiasdestacadas","37":"tag-otan","38":"tag-parlamento-europeo","39":"tag-pedro-sanchez","40":"tag-politica","41":"tag-titulares","42":"tag-ultimas-noticias","43":"tag-ultimasnoticias","44":"tag-union-europea","45":"tag-venezuela","46":"tag-world","47":"tag-world-news","48":"tag-worldnews"},"share_on_mastodon":{"url":"","error":"Validation failed: Text character limit of 500 exceeded"},"_links":{"self":[{"href":"https:\/\/www.europesays.com\/es\/wp-json\/wp\/v2\/posts\/328389","targetHints":{"allow":["GET"]}}],"collection":[{"href":"https:\/\/www.europesays.com\/es\/wp-json\/wp\/v2\/posts"}],"about":[{"href":"https:\/\/www.europesays.com\/es\/wp-json\/wp\/v2\/types\/post"}],"author":[{"embeddable":true,"href":"https:\/\/www.europesays.com\/es\/wp-json\/wp\/v2\/users\/2"}],"replies":[{"embeddable":true,"href":"https:\/\/www.europesays.com\/es\/wp-json\/wp\/v2\/comments?post=328389"}],"version-history":[{"count":0,"href":"https:\/\/www.europesays.com\/es\/wp-json\/wp\/v2\/posts\/328389\/revisions"}],"wp:featuredmedia":[{"embeddable":true,"href":"https:\/\/www.europesays.com\/es\/wp-json\/wp\/v2\/media\/328390"}],"wp:attachment":[{"href":"https:\/\/www.europesays.com\/es\/wp-json\/wp\/v2\/media?parent=328389"}],"wp:term":[{"taxonomy":"category","embeddable":true,"href":"https:\/\/www.europesays.com\/es\/wp-json\/wp\/v2\/categories?post=328389"},{"taxonomy":"post_tag","embeddable":true,"href":"https:\/\/www.europesays.com\/es\/wp-json\/wp\/v2\/tags?post=328389"}],"curies":[{"name":"wp","href":"https:\/\/api.w.org\/{rel}","templated":true}]}}