{"id":328391,"date":"2026-01-07T20:36:16","date_gmt":"2026-01-07T20:36:16","guid":{"rendered":"https:\/\/www.europesays.com\/es\/328391\/"},"modified":"2026-01-07T20:36:16","modified_gmt":"2026-01-07T20:36:16","slug":"el-supremo-deniega-la-autorizacion-a-abalos-para-comparecer-manana-en-el-senado-el-mundo","status":"publish","type":"post","link":"https:\/\/www.europesays.com\/es\/328391\/","title":{"rendered":"El Supremo deniega la autorizaci\u00f3n a \u00c1balos para comparecer ma\u00f1ana en el Senado &#8211; El Mundo"},"content":{"rendered":"<ol>\n<li><a href=\"https:\/\/news.google.com\/rss\/articles\/CBMiekFVX3lxTE9sbXJkOVBpYWIyNWxBdUhpRUhrdHNqd2ZDWUgwYm5YQW5vQlhEcm5CS1kzSTNkZ1NQSENqRDgybmlPLUFsb3hNWWcwbWg2LU96eEU1YU9WM2FHNW0ycENweUN0cUhXTU5tWEEwMmx0OGMwMU9BTnZNb3NB0gF6QVVfeXFMTTN3Vk9nSm1aYXdwMGVzcGs4MVVlUzZVdmhCcVZxOUJqbTg2ZTBGMUc5MVZ3MndOMDNGdXRfaGpvWFJVX2VxOENfdVMxNlpWdU9zYjVtNVZJNUlpQVpyZEttdDNyaTNJSzVPQkVlOW9wOTR2RlZTbDRNQ0E?oc=5\" target=\"_blank\" rel=\"nofollow noopener\">El Supremo deniega la autorizaci\u00f3n a \u00c1balos para comparecer ma\u00f1ana en el Senado<\/a>&nbsp;&nbsp;El Mundo<\/li>\n<li><a href=\"https:\/\/news.google.com\/rss\/articles\/CBMisAFBVV95cUxNdkFNbm55NGEtLXVMXzBPS0ltSmpmS3RkeXI4S2VXdm0zalVKZGNyR3czTFFsSVowdVdISnJZUjNMR3dlRDluSUdPUTNMbUxzWUNOZFJ6M0lHeU81OVpXOV9TVDRwdmVLT2ZVRy1ucXBVUEl6VGc2WDRnWmt2M3czMS1SMzlzalp3ZmtQT0xaV2hLNk1LOHRMVEVUOEVveXlMMzdtTWpFellIZktJNmdJbQ?oc=5\" target=\"_blank\" rel=\"nofollow noopener\">El Supremo deniega que \u00c1balos acuda a la comisi\u00f3n del \u2018caso Koldo\u2019 en el Senado<\/a>&nbsp;&nbsp;EL PA\u00cdS<\/li>\n<li><a href=\"https:\/\/news.google.com\/rss\/articles\/CBMiqAFBVV95cUxPOGFHRE5OY0RuM0t2SGRsOW0yb0gzTktVRU94RkpXTV9NVktMd2RUU0haemdEeHNfek9qRklsRmtiZ2YtY09EWl9qeDdPRGFFcndkMWVRVkpfQkg1bGQ4d1RwLUltVmxRNkZ2SEhDQjBVNUJiSmNFaUU5ZTRGd2kxdXdUQm9ydG1TVXVRbWJBSzRERkEwQUFDSU45UzlUMUhLSTRicTNoUWs?oc=5\" target=\"_blank\" rel=\"nofollow noopener\">El juez del Supremo rechaza la comparecencia de \u00c1balos en el Senado forzada por el PP<\/a>&nbsp;&nbsp;elDiario.es<\/li>\n<li><a href=\"https:\/\/news.google.com\/rss\/articles\/CBMiugFBVV95cUxOZE9yelVUNHhnZkM2U1pVZGNzei1IenVNS3ZGVVhXLXdlRTNhZHBnQWtWN1gxdVdsRy1fNXM5X3dNUklaaDVMc0ZSYVcxdU5qZHhtWmVIR0JwaEswYk5USEdOdVAzaVh5MlNRS0pZc01oaGFsVHZKZWtmOUhVYXZ3T2JNWG5aRzkwa3hXT0JNWHVPSDU4aDdKNjFkVzl2N2J2ZXAxeEt2M0pCVWJ4ckNvdDdpU21pMW44WGfSAb8BQVVfeXFMUFpKM1FFTmJIRWFnS2FfRGFBa1Y4UndyaXgzWkVYWjhEYWxNOHVMRjRoNnk1UzNyZFVQczFaWHZuV25hbC0yaG5nbFVUTkF4RDBDZjBrUnNsNmxDR0NQTkpEdklQTHFKb0t6NnM3YVhJODEtUm50Zll5QzVmVHNRVUR3dGxna2d5ajFLUkNQY2pHUG9zZWVPUmF0cFdiR0RTcWRqMW5UaXo2Z0pzTkxOOE9vX29DaDNMR3ZpemMwaTA?oc=5\" target=\"_blank\" rel=\"nofollow noopener\">El TS rechaza que \u00c1balos comparezca en el Senado y que le juzgue un jurado popular por el caso mascarillas<\/a>&nbsp;&nbsp;El Confidencial<\/li>\n<li><a href=\"https:\/\/news.google.com\/rss\/articles\/CBMisAFBVV95cUxOUlhKLVNDQ2pvMHJkNFpNdE1TWHNLaWpZRHhaSXNURWEtMlVZcDFYVWRUU2VXaGZFb2Y1MHVONHFlc1R3RmtjZkVfLS1lZmlEOXBjckhuc0JJYUdZTjB0TFRTemk1aUZZM3NSOUxuMHRsbE9rV2ItSmRvLVl0aC1hNWpCd1hkV0dSWXhELUJ4N1RoREJkS25NUkpfWlhZR1BTcVZiSFF3Qy1SaTVOSWVCTdIBsAFBVV95cUxPLV9rcTlMOHhicW1BZGt4T1dGSXFVTWs2VjdNdUN2eTd1bUxPTWZhTUl6QmNVQ0d0Y2lJTHJnb0hSMldyVnhRbXJtX2F3WWZRaXNacW1wLVVjYThZUk5IYVZ2SXlPX3ZOaGhGYVhRa282a0J4eGZLY1A4YWotLWhZd3ZaOGh2Rm1kelVkR1I2X3JlRGU4bVBmYmFMekZoa3drQkhxTlBLVEtUY3Jqc0x5Rg?oc=5\" target=\"_blank\" rel=\"nofollow noopener\">El juez Puente deniega la autorizaci\u00f3n para que \u00c1balos asista a la comisi\u00f3n Koldo en el Senado como pidi\u00f3 el PP<\/a>&nbsp;&nbsp;El Peri\u00f3dico<\/li>\n<\/ol>\n","protected":false},"excerpt":{"rendered":"El Supremo deniega la autorizaci\u00f3n a \u00c1balos para comparecer ma\u00f1ana en el Senado&nbsp;&nbsp;El Mundo El Supremo deniega que&hellip;\n","protected":false},"author":2,"featured_media":328392,"comment_status":"","ping_status":"","sticky":false,"template":"","format":"standard","meta":{"footnotes":""},"categories":[8],"tags":[17,18,25,24,13,14,11,5610,5611,19,20,9,10,15,16,956,6912,23,12,4874,21,22],"class_list":{"0":"post-328391","1":"post","2":"type-post","3":"status-publish","4":"format-standard","5":"has-post-thumbnail","7":"category-espana","8":"tag-breaking-news","9":"tag-breakingnews","10":"tag-es","11":"tag-espana","12":"tag-featured-news","13":"tag-featurednews","14":"tag-headlines","15":"tag-jose-luis-abalos","16":"tag-koldo-garcia","17":"tag-latest-news","18":"tag-latestnews","19":"tag-news","20":"tag-noticias","21":"tag-noticias-destacadas","22":"tag-noticiasdestacadas","23":"tag-pp","24":"tag-senado","25":"tag-spain","26":"tag-titulares","27":"tag-tribunal-supremo","28":"tag-ultimas-noticias","29":"tag-ultimasnoticias"},"share_on_mastodon":{"url":"https:\/\/pubeurope.com\/@es\/115855739154411328","error":""},"_links":{"self":[{"href":"https:\/\/www.europesays.com\/es\/wp-json\/wp\/v2\/posts\/328391","targetHints":{"allow":["GET"]}}],"collection":[{"href":"https:\/\/www.europesays.com\/es\/wp-json\/wp\/v2\/posts"}],"about":[{"href":"https:\/\/www.europesays.com\/es\/wp-json\/wp\/v2\/types\/post"}],"author":[{"embeddable":true,"href":"https:\/\/www.europesays.com\/es\/wp-json\/wp\/v2\/users\/2"}],"replies":[{"embeddable":true,"href":"https:\/\/www.europesays.com\/es\/wp-json\/wp\/v2\/comments?post=328391"}],"version-history":[{"count":0,"href":"https:\/\/www.europesays.com\/es\/wp-json\/wp\/v2\/posts\/328391\/revisions"}],"wp:featuredmedia":[{"embeddable":true,"href":"https:\/\/www.europesays.com\/es\/wp-json\/wp\/v2\/media\/328392"}],"wp:attachment":[{"href":"https:\/\/www.europesays.com\/es\/wp-json\/wp\/v2\/media?parent=328391"}],"wp:term":[{"taxonomy":"category","embeddable":true,"href":"https:\/\/www.europesays.com\/es\/wp-json\/wp\/v2\/categories?post=328391"},{"taxonomy":"post_tag","embeddable":true,"href":"https:\/\/www.europesays.com\/es\/wp-json\/wp\/v2\/tags?post=328391"}],"curies":[{"name":"wp","href":"https:\/\/api.w.org\/{rel}","templated":true}]}}