{"id":328393,"date":"2026-01-07T20:37:10","date_gmt":"2026-01-07T20:37:10","guid":{"rendered":"https:\/\/www.europesays.com\/es\/328393\/"},"modified":"2026-01-07T20:37:10","modified_gmt":"2026-01-07T20:37:10","slug":"la-federacion-judia-exige-que-el-real-madrid-maccabi-tel-aviv-se-dispute-a-puerta-abierta","status":"publish","type":"post","link":"https:\/\/www.europesays.com\/es\/328393\/","title":{"rendered":"La Federaci\u00f3n jud\u00eda exige que el Real Madrid-Maccabi Tel Aviv se dispute a puerta abierta"},"content":{"rendered":"<p data-mrf-recirculation=\"Links P\u00e1rrafos\" class=\"ue-c-article__paragraph paragraph ue-c-article--first-letter-highlighted\">La <strong>Federaci\u00f3n de Comunidades Jud\u00edas de Espa\u00f1a <\/strong>(FCJE) ha exigido este mi\u00e9rcoles que el partido de la <strong>Euroliga<\/strong> de baloncesto entre el <strong>Real Madrid<\/strong> y el <strong>Maccabi Tel Aviv<\/strong>, previsto para este jueves en el Movistar Arena, se dispute a puerta abierta, y han instado a las autoridades a garantizar el normal desarrollo del evento.<\/p>\n<p><img decoding=\"async\" width=\"1024\" height=\"682\" class=\"ue-c-article__image lazyload\" alt=\"El delegado del Gobierno en Madrid, Francisco Mart\u00edn, anunciando las medidas a tomar.\" loading=\"lazy\" src=\"https:\/\/www.europesays.com\/es\/wp-content\/uploads\/2026\/01\/695e75bf137b9.jpeg\"\/><\/p>\n<p>El delegado del Gobierno en Madrid, Francisco Mart\u00edn, anunciando las medidas a tomar.EFE<\/p>\n<p data-mrf-recirculation=\"Links P\u00e1rrafos\" class=\"ue-c-article__paragraph paragraph\">En un comunicado, la Federaci\u00f3n ha respondido as\u00ed a la decisi\u00f3n de la Delegaci\u00f3n de Gobierno en Madrid de que <strong>el partido se dispute a puerta cerrada \u00abpor motivos de seguridad\u00bb <\/strong>y siguiendo la recomendaci\u00f3n de la Polic\u00eda Nacional.<\/p>\n<p>Consideran \u00abinaceptable\u00bb la presi\u00f3n ideol\u00f3gica<\/p>\n<p data-mrf-recirculation=\"Links P\u00e1rrafos\" class=\"ue-c-article__paragraph paragraph\">La Federaci\u00f3n <strong>ha considerado \u00abinaceptable\u00bb que el normal desarrollo de las competiciones deportivas se vea condicionado <\/strong>por presiones de car\u00e1cter ideol\u00f3gico o por declaraciones que fomenten el odio contra equipos israel\u00edes, \u00ab<strong>como las realizadas -han precisado- por los l\u00edderes de Podemos Ione Belarra y Pablo Fern\u00e1ndez<\/strong>\u00ab.<\/p>\n<blockquote class=\"ue-c-article__blockquote\">\n<p>Los equipos israel\u00edes merecen el mismo trato y consideraci\u00f3n que cualquier otro equipo internacional que visita Espa\u00f1a\u00bb<\/p>\n<p>Comunicado de la FCJE<\/p><\/blockquote>\n<p data-mrf-recirculation=\"Links P\u00e1rrafos\" class=\"ue-c-article__paragraph paragraph\">Por ello, desde la FCJE han insistido en que <strong>el partido debe disputarse a puerta abierta <\/strong>\u00abgarantizando la seguridad del evento y el derecho de los aficionados a disfrutar del deporte\u00bb.<\/p>\n<p data-mrf-recirculation=\"Links P\u00e1rrafos\" class=\"ue-c-article__paragraph paragraph\">\u00ab<strong>Los equipos israel\u00edes merecen el mismo trato y consideraci\u00f3n que cualquier otro equipo internacional que visita Espa\u00f1a\u00bb<\/strong>, han se\u00f1alado desde la federaci\u00f3n de comunidades jud\u00edas, que ha reiterado su compromiso con el deporte como espacio de encuentro y convivencia.<\/p>\n<p>Una decisi\u00f3n consensuada<\/p>\n<p data-mrf-recirculation=\"Links P\u00e1rrafos\" class=\"ue-c-article__paragraph paragraph\">Este lunes, <strong>el delegado de Gobierno en Madrid, Francisco Mart\u00edn<\/strong>, anunci\u00f3 la decisi\u00f3n de que el evento se celebre a puerta cerrada tras mantener una reuni\u00f3n con responsables de la <strong>Brigada Provincial de la Seguridad Ciudadana<\/strong>, la Brigada Provincial de Informaci\u00f3n, la UIP, la <strong>Polic\u00eda Municipal de Madrid, SAMUR, Bomberos<\/strong> y Movilidad del Ayuntamiento de Madrid y <strong>seguridad del Real Madrid <\/strong>y del Movistar Arena.<\/p>\n","protected":false},"excerpt":{"rendered":"La Federaci\u00f3n de Comunidades Jud\u00edas de Espa\u00f1a (FCJE) ha exigido este mi\u00e9rcoles que el partido de la Euroliga&hellip;\n","protected":false},"author":2,"featured_media":328394,"comment_status":"","ping_status":"","sticky":false,"template":"","format":"standard","meta":{"footnotes":""},"categories":[5],"tags":[17,18,25,24,13,14,11,19,20,9,10,15,16,23,12,21,22],"class_list":{"0":"post-328393","1":"post","2":"type-post","3":"status-publish","4":"format-standard","5":"has-post-thumbnail","7":"category-titulares","8":"tag-breaking-news","9":"tag-breakingnews","10":"tag-es","11":"tag-espana","12":"tag-featured-news","13":"tag-featurednews","14":"tag-headlines","15":"tag-latest-news","16":"tag-latestnews","17":"tag-news","18":"tag-noticias","19":"tag-noticias-destacadas","20":"tag-noticiasdestacadas","21":"tag-spain","22":"tag-titulares","23":"tag-ultimas-noticias","24":"tag-ultimasnoticias"},"share_on_mastodon":{"url":"https:\/\/pubeurope.com\/@es\/115855742906363422","error":""},"_links":{"self":[{"href":"https:\/\/www.europesays.com\/es\/wp-json\/wp\/v2\/posts\/328393","targetHints":{"allow":["GET"]}}],"collection":[{"href":"https:\/\/www.europesays.com\/es\/wp-json\/wp\/v2\/posts"}],"about":[{"href":"https:\/\/www.europesays.com\/es\/wp-json\/wp\/v2\/types\/post"}],"author":[{"embeddable":true,"href":"https:\/\/www.europesays.com\/es\/wp-json\/wp\/v2\/users\/2"}],"replies":[{"embeddable":true,"href":"https:\/\/www.europesays.com\/es\/wp-json\/wp\/v2\/comments?post=328393"}],"version-history":[{"count":0,"href":"https:\/\/www.europesays.com\/es\/wp-json\/wp\/v2\/posts\/328393\/revisions"}],"wp:featuredmedia":[{"embeddable":true,"href":"https:\/\/www.europesays.com\/es\/wp-json\/wp\/v2\/media\/328394"}],"wp:attachment":[{"href":"https:\/\/www.europesays.com\/es\/wp-json\/wp\/v2\/media?parent=328393"}],"wp:term":[{"taxonomy":"category","embeddable":true,"href":"https:\/\/www.europesays.com\/es\/wp-json\/wp\/v2\/categories?post=328393"},{"taxonomy":"post_tag","embeddable":true,"href":"https:\/\/www.europesays.com\/es\/wp-json\/wp\/v2\/tags?post=328393"}],"curies":[{"name":"wp","href":"https:\/\/api.w.org\/{rel}","templated":true}]}}