{"id":328420,"date":"2026-01-07T20:58:09","date_gmt":"2026-01-07T20:58:09","guid":{"rendered":"https:\/\/www.europesays.com\/es\/328420\/"},"modified":"2026-01-07T20:58:09","modified_gmt":"2026-01-07T20:58:09","slug":"cuales-son-las-3-fases-del-plan-de-cambio-de-ee-uu-para-venezuela","status":"publish","type":"post","link":"https:\/\/www.europesays.com\/es\/328420\/","title":{"rendered":"Cu\u00e1les son las 3 fases del plan de cambio de EE.UU. para Venezuela"},"content":{"rendered":"<p><img fetchpriority=\"high\" decoding=\"async\" src=\"https:\/\/www.europesays.com\/es\/wp-content\/uploads\/2026\/01\/2039cf20-ec00-11f0-b35a-ab7e077318c5.png.webp.webp\"   alt=\"El secretario de Estado de EE. UU., Marco Rubio (C), junto al Secretario de Defensa, Pete Hegseth (I), habla con los periodistas tras informar a los senadores de EE. UU. sobre la captura del presidente venezolano Nicol\u00e1s Maduro en el Capitolio de EE. UU. en Washington, DC, EE. UU., el 07 de enero de 2026. (Foto de JIM LO SCALZO\/EPA\/Shutterstock) &#10;\" loading=\"eager\" width=\"1176\" height=\"662\" style=\"aspect-ratio:1176 \/ 662\" class=\"css-1seqhu9\"\/><\/p>\n<p class=\"css-by8ykd\" role=\"text\">Fuente de la imagen, EPA\/Shutterstock<\/p>\n<p>Pie de foto, El secretario de Estado de EE.UU., Marco Rubio.<strong id=\"article-byline\" aria-hidden=\"true\" class=\"css-2ozlq5\">Informaci\u00f3n del art\u00edculo<\/strong><\/p>\n<ul class=\"css-1dlgp3z\">\n<li class=\"css-1s1df59\">\n<ul role=\"list\" class=\"css-z50d25\">\n<li class=\"css-0\">Autor, Leire Ventas<\/li>\n<li class=\"css-k1irjw\">T\u00edtulo del autor,  Corresponsal de BBC News Mundo en Los \u00c1ngeles<\/li>\n<\/ul>\n<\/li>\n<li>\n<p>46 minutos<\/p>\n<\/li>\n<li>\n<p>Tiempo de lectura: 4 min<\/p>\n<\/li>\n<\/ul>\n<p dir=\"ltr\" class=\"css-s4cjt0 e1yuyadm0\"><b>Estabilizaci\u00f3n, recuperaci\u00f3n y transici\u00f3n.<\/b><\/p>\n<p dir=\"ltr\" class=\"css-s4cjt0 e1yuyadm0\">As\u00ed detall\u00f3 el secretario de Estado de Estados Unidos, Marco Rubio, las tres fases del plan del gobierno de su pa\u00eds para consolidar el cambio en Venezuela.<\/p>\n<p dir=\"ltr\" class=\"css-s4cjt0 e1yuyadm0\">Lo ha hecho este mi\u00e9rcoles, al exponer la estrategia ante el Congreso de su pa\u00eds, cuatro d\u00edas despu\u00e9s de la captura del l\u00edder venezolano Nicol\u00e1s Maduro y su esposa, Cilia Flores, y su traslado a Nueva York para responder por cargos de \u00abnarcoterrorismo\u00bb ante la Justicia.<\/p>\n<p dir=\"ltr\" class=\"css-s4cjt0 e1yuyadm0\">Ya el presidente de EE.UU., Donald Trump, hab\u00eda adelantado que ser\u00e1 \u00e9l quien <a href=\"https:\/\/www.bbc.com\/mundo\/articles\/cjrz4lx4g30o\" class=\"focusIndicatorReducedWidth css-n8oauk e1h2ur550\" rel=\"nofollow noopener\" target=\"_blank\">\u00abgobernar\u00e1\u00bb Venezuela<\/a> hasta que se complete all\u00ed \u00abuna transici\u00f3n segura, apropiada y juiciosa\u00bb.<\/p>\n<p dir=\"ltr\" class=\"css-s4cjt0 e1yuyadm0\">\u00abNo queremos que esto descienda en el caos\u00bb, confirm\u00f3 ahora su secretario de Estado.<\/p>\n<p dir=\"ltr\" class=\"css-s4cjt0 e1yuyadm0\">As\u00ed, Rubio explic\u00f3 que la primera fase del plan estar\u00e1 enfocada en la estabilizaci\u00f3n del pa\u00eds.<\/p>\n<p dir=\"ltr\" class=\"css-s4cjt0 e1yuyadm0\">\u00abParte de esa estabilizaci\u00f3n, y la raz\u00f3n por la que entendemos y creemos que tenemos la mayor influencia posible, es nuestra cuarentena\u00bb, sostuvo el funcionario.<\/p>\n<p dir=\"ltr\" class=\"css-s4cjt0 e1yuyadm0\">En ese punto, Rubio adelant\u00f3 que EE.UU. tomar\u00e1 entre 30 y 50 millones de barriles de petr\u00f3leo venezolano, los vender\u00e1 en el mercado a precios internacionales y controlar\u00e1 la forma en que se distribuyan los ingresos obtenidos de esas transacciones.<\/p>\n<p dir=\"ltr\" class=\"css-s4cjt0 e1yuyadm0\">Seg\u00fan destac\u00f3 el colaborador de BBC Mundo en Venezuela Gustavo Ocando, el anuncio de Trump ocurr\u00eda horas despu\u00e9s de que algunos medios informaran de que 11 buques cisterna de Chevron, la \u00fanica compa\u00f1\u00eda petrolera estadounidense que opera en Venezuela, iban de camino hacia el pa\u00eds sudamericano.<\/p>\n<p dir=\"ltr\" class=\"css-s4cjt0 e1yuyadm0\">De acuerdo a Ocando, la cifra de entre 30 y 50 millones de barriles equivaldr\u00eda a la del petr\u00f3leo venezolano que est\u00e1 retenido desde que EE.UU. impuso un bloqueo en diciembre.<\/p>\n<p><img decoding=\"async\" src=\"https:\/\/www.europesays.com\/es\/wp-content\/uploads\/2026\/01\/a6816b60-ec00-11f0-b35a-ab7e077318c5.png.webp.webp\"   alt=\"El buque Marinera, antes Bella 1, tras cambiar su bandera de Guyana por la de Rusia.\" loading=\"lazy\" width=\"888\" height=\"500\" style=\"aspect-ratio:888 \/ 500\" class=\"css-1seqhu9\"\/><\/p>\n<p class=\"css-by8ykd\" role=\"text\">Fuente de la imagen, Hakon Rimmereid v\u00eda Reuters<\/p>\n<p>Pie de foto, El Bella 1 cambi\u00f3 recientemente su nombre a Marinera, y su bandera de Guyana por la de Rusia.<\/p>\n<p dir=\"ltr\" class=\"css-s4cjt0 e1yuyadm0\">\u00abEse dinero se manejar\u00e1 de tal manera que controlaremos su distribuci\u00f3n para beneficiar al pueblo venezolano, no a la corrupci\u00f3n ni al r\u00e9gimen\u00bb, aclar\u00f3 este mi\u00e9rcoles Rubio.<\/p>\n<p dir=\"ltr\" class=\"css-s4cjt0 e1yuyadm0\">E hizo referencia a la incautaci\u00f3n, apenas horas antes, de dos petroleros vinculados al crudo venezolano.<\/p>\n<p dir=\"ltr\" class=\"css-s4cjt0 e1yuyadm0\">\u00abComo han visto hoy, dos barcos m\u00e1s fueron incautados. Estamos en medio de este proceso y, de hecho, a punto de cerrar un acuerdo para tomar todo el petr\u00f3leo que tienen, el petr\u00f3leo que est\u00e1 estancado en Venezuela\u00bb, explic\u00f3 Rubio.<\/p>\n<p dir=\"ltr\" class=\"css-s4cjt0 e1yuyadm0\">Uno de los buques, el Marinera (previamente denominado Bella 1), navegaba por las aguas del Atl\u00e1ntico Norte bajo bandera rusa, mientras que el segundo, conocido como M\/T Sofia, operaba en el mar Caribe.<\/p>\n<p dir=\"ltr\" class=\"css-s4cjt0 e1yuyadm0\">Ambos, alega el pa\u00eds norteamericano, violaban sus sanciones.<\/p>\n<p><img decoding=\"async\" src=\"https:\/\/www.europesays.com\/es\/wp-content\/uploads\/2026\/01\/cc358810-ec04-11f0-a422-4ba8a094a8fa.jpg.webp.webp\"   alt=\"Delcy Rodr\u00edguez es la presidenta interina de Venezuela.\" loading=\"lazy\" width=\"1024\" height=\"683\" style=\"aspect-ratio:1024 \/ 683\" class=\"css-1seqhu9\"\/><\/p>\n<p class=\"css-by8ykd\" role=\"text\">Fuente de la imagen, Getty Images<\/p>\n<p>Pie de foto, Delcy Rodr\u00edguez es la presidenta interina de Venezuela.<\/p>\n<p>Tras la estabilizaci\u00f3n, una transici\u00f3n<\/p>\n<p dir=\"ltr\" class=\"css-s4cjt0 e1yuyadm0\">Rubio visualiz\u00f3 la segunda etapa de la intervenci\u00f3n bajo el t\u00e9rmino \u00abrecuperaci\u00f3n\u00bb, vinculada a la reintegraci\u00f3n de Venezuela al mercado global.<\/p>\n<p dir=\"ltr\" class=\"css-s4cjt0 e1yuyadm0\">\u00abLa segunda fase ser\u00e1 la llamada recuperaci\u00f3n, que consiste en garantizar que las empresas estadounidenses, occidentales y de otros pa\u00edses tengan acceso al mercado venezolano de forma justa\u00bb, precis\u00f3. <\/p>\n<p dir=\"ltr\" class=\"css-s4cjt0 e1yuyadm0\">El secretario de Estado estadounidense adelant\u00f3 que, paralelamente, se impulsar\u00e1 un marco de reconciliaci\u00f3n pol\u00edtica.<\/p>\n<p dir=\"ltr\" class=\"css-s4cjt0 e1yuyadm0\">\u00abSe comenzar\u00e1 a generar un proceso de reconciliaci\u00f3n nacional en Venezuela para que las fuerzas de la oposici\u00f3n puedan ser amnistiadas y liberadas de las c\u00e1rceles o repatriadas al pa\u00eds y comenzar a reconstruir la sociedad civil\u00bb, enfatiz\u00f3 Rubio.<\/p>\n<p dir=\"ltr\" class=\"css-s4cjt0 e1yuyadm0\">La secuencia planeada por el gobierno de Trump culminar\u00e1, seg\u00fan el secretario de Estado, en una etapa definitiva que consolidar\u00eda la transformaci\u00f3n pol\u00edtica interna del pa\u00eds.<\/p>\n<p dir=\"ltr\" class=\"css-s4cjt0 e1yuyadm0\">\u00abY la tercera fase, por supuesto, ser\u00e1 de transici\u00f3n. Parte de esto se solapar\u00e1. Se lo he descrito con gran detalle\u00bb, concluy\u00f3.<\/p>\n<p><img decoding=\"async\" src=\"https:\/\/www.europesays.com\/es\/wp-content\/uploads\/2026\/01\/2e1d10d0-ebff-11f0-b385-5f48925de19a.jpg.webp.webp\"   alt=\"L\u00ednea\" loading=\"lazy\" width=\"800\" height=\"100\" style=\"aspect-ratio:800 \/ 100\" class=\"css-1seqhu9\"\/><\/p>\n<p dir=\"ltr\" class=\"css-s4cjt0 e1yuyadm0\"><a href=\"https:\/\/www.bbc.com\/mundo\/send\/u184973209\" class=\"focusIndicatorReducedWidth css-n8oauk e1h2ur550\" rel=\"nofollow noopener\" target=\"_blank\">Suscr\u00edbete aqu\u00ed<\/a> a nuestro nuevo newsletter para recibir cada viernes una selecci\u00f3n de nuestro mejor contenido de la semana.<\/p>\n<p dir=\"ltr\" class=\"css-s4cjt0 e1yuyadm0\">Y recuerda que puedes recibir notificaciones en nuestra app. Descarga la \u00faltima versi\u00f3n y act\u00edvalas.<\/p>\n","protected":false},"excerpt":{"rendered":"Fuente de la imagen, EPA\/Shutterstock Pie de foto, El secretario de Estado de EE.UU., Marco Rubio.Informaci\u00f3n del art\u00edculo&hellip;\n","protected":false},"author":2,"featured_media":328421,"comment_status":"","ping_status":"","sticky":false,"template":"","format":"standard","meta":{"footnotes":""},"categories":[42],"tags":[17,18,13,14,11,61,62,63,64,19,20,9,10,15,16,12,21,22,65,66,67],"class_list":{"0":"post-328420","1":"post","2":"type-post","3":"status-publish","4":"format-standard","5":"has-post-thumbnail","7":"category-internacional","8":"tag-breaking-news","9":"tag-breakingnews","10":"tag-featured-news","11":"tag-featurednews","12":"tag-headlines","13":"tag-internacional","14":"tag-international","15":"tag-international-news","16":"tag-internationalnews","17":"tag-latest-news","18":"tag-latestnews","19":"tag-news","20":"tag-noticias","21":"tag-noticias-destacadas","22":"tag-noticiasdestacadas","23":"tag-titulares","24":"tag-ultimas-noticias","25":"tag-ultimasnoticias","26":"tag-world","27":"tag-world-news","28":"tag-worldnews"},"share_on_mastodon":{"url":"https:\/\/pubeurope.com\/@es\/115855825684353308","error":""},"_links":{"self":[{"href":"https:\/\/www.europesays.com\/es\/wp-json\/wp\/v2\/posts\/328420","targetHints":{"allow":["GET"]}}],"collection":[{"href":"https:\/\/www.europesays.com\/es\/wp-json\/wp\/v2\/posts"}],"about":[{"href":"https:\/\/www.europesays.com\/es\/wp-json\/wp\/v2\/types\/post"}],"author":[{"embeddable":true,"href":"https:\/\/www.europesays.com\/es\/wp-json\/wp\/v2\/users\/2"}],"replies":[{"embeddable":true,"href":"https:\/\/www.europesays.com\/es\/wp-json\/wp\/v2\/comments?post=328420"}],"version-history":[{"count":0,"href":"https:\/\/www.europesays.com\/es\/wp-json\/wp\/v2\/posts\/328420\/revisions"}],"wp:featuredmedia":[{"embeddable":true,"href":"https:\/\/www.europesays.com\/es\/wp-json\/wp\/v2\/media\/328421"}],"wp:attachment":[{"href":"https:\/\/www.europesays.com\/es\/wp-json\/wp\/v2\/media?parent=328420"}],"wp:term":[{"taxonomy":"category","embeddable":true,"href":"https:\/\/www.europesays.com\/es\/wp-json\/wp\/v2\/categories?post=328420"},{"taxonomy":"post_tag","embeddable":true,"href":"https:\/\/www.europesays.com\/es\/wp-json\/wp\/v2\/tags?post=328420"}],"curies":[{"name":"wp","href":"https:\/\/api.w.org\/{rel}","templated":true}]}}