{"id":32843,"date":"2025-08-08T02:09:11","date_gmt":"2025-08-08T02:09:11","guid":{"rendered":"https:\/\/www.europesays.com\/es\/32843\/"},"modified":"2025-08-08T02:09:11","modified_gmt":"2025-08-08T02:09:11","slug":"una-dosis-de-optimismo-para-fernando-alonso-antes-de-las-vacaciones-es-muy-alentador-el-mundo","status":"publish","type":"post","link":"https:\/\/www.europesays.com\/es\/32843\/","title":{"rendered":"Una dosis de optimismo para Fernando Alonso antes de las vacaciones: &quot;Es muy alentador&quot; &#8211; El Mundo"},"content":{"rendered":"<ol>\n<li><a href=\"https:\/\/news.google.com\/rss\/articles\/CBMiigFBVV95cUxNY05iZHBsZS12Mm8yU1R2c3JtdFh1SWhnZjB0QW1NYXl1TVNMQ0dra0c1S0RNZGJua0FORTlGTWlBaUc4ZlYzaFZMN0tLa3F0RmI3WVdqUVlucE4tc25NVWsxWGh0TTFZdk0tOGF2bWNpMzZrUDlaTDEybGxmWG1TNDE5RnRXVGJwQ2fSAYoBQVVfeXFMTzFZYjlLbDV4bFNzRHlGWFJIMm92d083MjYzcjExWU90alE0X2RmZEdBQWd5R0hfVndlV0NvdC0yMGRDbnlZaU5YY1Q5OHd2QUdQMVJfZTNPNkNZYWZQT1dnWnQ0ZmVKZGQ3ZzBaeTVVZVo0TC1xUjNMYU5tc1lHR2lGZkJwQTdwRU1B?oc=5\" target=\"_blank\" rel=\"nofollow noopener\">Una dosis de optimismo para Fernando Alonso antes de las vacaciones: \u00abEs muy alentador\u00bb<\/a>&nbsp;&nbsp;El Mundo<\/li>\n<li><a href=\"https:\/\/news.google.com\/rss\/articles\/CBMixgFBVV95cUxOejR1akpsbEJzdGg1VWNSTy05QUh0dzRQUV82dTVyNXVFc3owT3MyczJHZ2pldG5ST25wMlhDYndLbnJ5WmR3TW5jV1lQLVpCeVZMNnR1Y1VmdHVlZWRPRk1pVDBZVHVGNWN5SUN2UTNJYVowM0xLQWkwUkJtWkd6andHVmVrTkNrRC0za2UxX2dtQTR2LWFidFRHQTE5anlTLTEwYlhZcG9JQkRBRmN5emRRT2ZnRnNENjZ4TFJhYWlNRG9iVFE?oc=5\" target=\"_blank\" rel=\"nofollow noopener\">Fernando Alonso y su mayor preocupaci\u00f3n en Aston Martin F1 tras el GP de Hungr\u00eda: \u00abNo sabemos el por qu\u00e9&#8230;\u00bb<\/a>&nbsp;&nbsp;Car and Driver<\/li>\n<li><a href=\"https:\/\/news.google.com\/rss\/articles\/CBMijAFBVV95cUxQZmJaUWQ1WU9xM0d3cGJ4NmgxU3JlNU56UllTSW56TG5KWlJNSUdTR0oyMjhaWWoyTzN4M01vUVZJLWc2SGprLXFOYnJwYTNWQkNrdmNVdFd0dUVlQVA5eTVKM19ZbXpVTXEtTVViWVI0VUNNZlQ5THJUb0ZOV1hsanZLQmFJblNTRmFjcw?oc=5\" target=\"_blank\" rel=\"nofollow noopener\">\u201cNo se puede pasar de \u00faltimo a quinto en siete d\u00edas\u2026\u201d<\/a>&nbsp;&nbsp;Diario AS<\/li>\n<li><a href=\"https:\/\/news.google.com\/rss\/articles\/CBMiqAFBVV95cUxPS1hYRUtZeVVibmJic0FGMG1Jdjlkei1rSzE2aGpENUV5M2FpUGZWSTkzT2tOdDVxZVFmZVdackNKaDdDY1FxSkhhWVB3UGhKM1l1T3VScllMU3poeGplbVVLR1VPdUFLMENHWjNhSTV1ZG1rLTFrajFFN2hydE9jamRhYzhiQUJ3U2lTLVA0UG5McXNSUThuamwya2I2MkVzSHUzWXRyS3XSAa4BQVVfeXFMUGxLNXhSUWN4cG5ka2QwNUVoRlVJWUx5RUlYNi1Na0c3Vl9OaDc3Z2ktcXNUa1kzWm5kalZROThQOHpMTE9EcUduSFJpUGl0aGltc1B0blJ5SXA1NUlTVFQ1ajQ1R2F5X2o5OGk0YV9UdFplVzQ1eG9admp4U0pLSDNsMlQ4dW8tLW5FSVBvSnY4YWJqSXozNWJFc3NPRHVoRFZORUhTSng1Z1Z0OHNB?oc=5\" target=\"_blank\" rel=\"nofollow noopener\">\u00bfQu\u00e9 hay detr\u00e1s del gran rendimiento de Aston Martin y Alonso en Hungr\u00eda?<\/a>&nbsp;&nbsp;SoyMotor.com<\/li>\n<li><a href=\"https:\/\/news.google.com\/rss\/articles\/CBMisgFBVV95cUxQLUJwSVR3R2piR1BrTjk0d3NBaHRaTXk3ZnI5SDRFTTBFeTV6MlZXeXhxSzV4WUNVelktR011WTFaalVPdHFMMHQ4VXhBQmtHQmlCa3FrYjlwTjdPckQ4OVBVT0ctTHVNV0FSTGpwQW5mUzN5eV96YVlfcy1ZMW50eFdodkQ1enVoMkd4UDFmT2RzZEZkQXNtb3BoX2FxSkhONldtc2RXOUh5cHVVWEhzdjVB0gG3AUFVX3lxTE9oLThaWVlSeThaa0h6bkhuRDhGUXUwcWY1M1RPdUwwTEFoc01XWVRHeXNZdDFuM245R1UtZmNRdnRvQnpSOWJlNVZtSzk5aUZmRmh2ZmJiR0FUaXdrTHNiUVAtVGVfTGtqVi1NajZ2N0JzdDhZVi10ZldzZHhfcmR0T1U1Sm9sSkIxVVhBMFpkSXcybUF5bFhGMXBLNE9VdE5kc05VVUE2SHFtd1RycXY5blhBY3dhZw?oc=5\" target=\"_blank\" rel=\"nofollow noopener\">Aston Martin echa el freno de mano a la euforia con Alonso: \u00abNo es un cambio radical\u00bb<\/a>&nbsp;&nbsp;El Confidencial<\/li>\n<\/ol>\n","protected":false},"excerpt":{"rendered":"Una dosis de optimismo para Fernando Alonso antes de las vacaciones: \u00abEs muy alentador\u00bb&nbsp;&nbsp;El Mundo Fernando Alonso y&hellip;\n","protected":false},"author":2,"featured_media":32844,"comment_status":"","ping_status":"","sticky":false,"template":"","format":"standard","meta":{"footnotes":""},"categories":[270],"tags":[16969,2365,168,4531,25,24,306,2096,271,272,11962,2101,23,167],"class_list":{"0":"post-32843","1":"post","2":"type-post","3":"status-publish","4":"format-standard","5":"has-post-thumbnail","7":"category-formula-1","8":"tag-andy-cowell","9":"tag-aston-martin-f1","10":"tag-deportes","11":"tag-deportes-formula-1","12":"tag-es","13":"tag-espana","14":"tag-f1","15":"tag-fernando-alonso","16":"tag-formula-1","17":"tag-formula1","18":"tag-gp-hungria-f1","19":"tag-lance-stroll","20":"tag-spain","21":"tag-sports"},"share_on_mastodon":{"url":"","error":""},"_links":{"self":[{"href":"https:\/\/www.europesays.com\/es\/wp-json\/wp\/v2\/posts\/32843","targetHints":{"allow":["GET"]}}],"collection":[{"href":"https:\/\/www.europesays.com\/es\/wp-json\/wp\/v2\/posts"}],"about":[{"href":"https:\/\/www.europesays.com\/es\/wp-json\/wp\/v2\/types\/post"}],"author":[{"embeddable":true,"href":"https:\/\/www.europesays.com\/es\/wp-json\/wp\/v2\/users\/2"}],"replies":[{"embeddable":true,"href":"https:\/\/www.europesays.com\/es\/wp-json\/wp\/v2\/comments?post=32843"}],"version-history":[{"count":0,"href":"https:\/\/www.europesays.com\/es\/wp-json\/wp\/v2\/posts\/32843\/revisions"}],"wp:featuredmedia":[{"embeddable":true,"href":"https:\/\/www.europesays.com\/es\/wp-json\/wp\/v2\/media\/32844"}],"wp:attachment":[{"href":"https:\/\/www.europesays.com\/es\/wp-json\/wp\/v2\/media?parent=32843"}],"wp:term":[{"taxonomy":"category","embeddable":true,"href":"https:\/\/www.europesays.com\/es\/wp-json\/wp\/v2\/categories?post=32843"},{"taxonomy":"post_tag","embeddable":true,"href":"https:\/\/www.europesays.com\/es\/wp-json\/wp\/v2\/tags?post=32843"}],"curies":[{"name":"wp","href":"https:\/\/api.w.org\/{rel}","templated":true}]}}