{"id":328452,"date":"2026-01-07T21:21:09","date_gmt":"2026-01-07T21:21:09","guid":{"rendered":"https:\/\/www.europesays.com\/es\/328452\/"},"modified":"2026-01-07T21:21:09","modified_gmt":"2026-01-07T21:21:09","slug":"venezuela-delcy-rodriguez-destituye-al-general-que-estaba-a-cargo-de-la-seguridad-de-maduro","status":"publish","type":"post","link":"https:\/\/www.europesays.com\/es\/328452\/","title":{"rendered":"Venezuela: Delcy Rodr\u00edguez destituye al general que estaba a cargo de la seguridad de Maduro"},"content":{"rendered":"<p><img fetchpriority=\"high\" decoding=\"async\" src=\"https:\/\/www.europesays.com\/es\/wp-content\/uploads\/2026\/01\/2e4244b0-ec02-11f0-b5f7-49f0357294ff.png.webp.webp\"   alt=\"El general Javier Marcano T\u00e1bata.\" loading=\"eager\" width=\"1389\" height=\"723\" style=\"aspect-ratio:1389 \/ 723\" class=\"css-1seqhu9\"\/><\/p>\n<p class=\"css-by8ykd\" role=\"text\">Fuente de la imagen, REDI<\/p>\n<p>Pie de foto, El general Javier Marcano T\u00e1bata.<strong id=\"article-byline\" aria-hidden=\"true\" class=\"css-2ozlq5\">Informaci\u00f3n del art\u00edculo<\/strong><\/p>\n<ul class=\"css-1dlgp3z\">\n<li class=\"css-1s1df59\"\/>\n<li>7 enero 2026, 20:01 GMT\n<p>Actualizado 47 minutos<\/p>\n<\/li>\n<li>\n<p>Tiempo de lectura: 5 min<\/p>\n<\/li>\n<\/ul>\n<p dir=\"ltr\" class=\"css-s4cjt0 e1yuyadm0\"><b>El general Javier Marcano T\u00e1bata, comandante de la guardia de honor presidencial de Venezuela, fue destituido d\u00edas despu\u00e9s de que el l\u00edder venezolano Nicol\u00e1s Maduro fuera capturado por fuerzas estadounidenses en una redada en Caracas y trasladado a Nueva York para ser juzgado por cargos de narcoterrorismo.<\/b><\/p>\n<p dir=\"ltr\" class=\"css-s4cjt0 e1yuyadm0\">La guardia de honor presidencial es la fuerza militar encargada de la protecci\u00f3n del jefe de Estado.<\/p>\n<p dir=\"ltr\" class=\"css-s4cjt0 e1yuyadm0\">Aunque el gobierno venezolano a\u00fan no ha proporcionado un balance detallado de v\u00edctimas, se cree que varios miembros de la guardia se encuentran entre las decenas de personas fallecidas durante la operaci\u00f3n estadounidense para capturar a Maduro.<\/p>\n<p dir=\"ltr\" class=\"css-s4cjt0 e1yuyadm0\">La orden de reemplazar al general Marcano T\u00e1bata fue emitida por la nueva presidenta interina, Delcy Rodr\u00edguez.<\/p>\n<p dir=\"ltr\" class=\"css-s4cjt0 e1yuyadm0\">Rodr\u00edguez jur\u00f3 el lunes su cargo ante la Asamblea Nacional, dominada por partidarios del gobierno.<\/p>\n<p dir=\"ltr\" class=\"css-s4cjt0 e1yuyadm0\">Se desempe\u00f1\u00f3 como vicepresidenta de Maduro y es considerada una estrecha aliada del l\u00edder detenido.<\/p>\n<p dir=\"ltr\" class=\"css-s4cjt0 e1yuyadm0\">El presidente estadounidense Donald Trump declar\u00f3 en la conferencia de prensa posterior a la captura de Maduro que Estados Unidos \u00abcontrolar\u00eda\u00bb Venezuela y que estaba en conversaciones con Rodr\u00edguez.<\/p>\n<p><img decoding=\"async\" src=\"https:\/\/www.europesays.com\/es\/wp-content\/uploads\/2026\/01\/361a84d0-ec03-11f0-b385-5f48925de19a.jpg.webp.webp\"   alt=\"Rodr\u00edguez orden\u00f3 la destituci\u00f3n del general.\" loading=\"lazy\" width=\"1024\" height=\"683\" style=\"aspect-ratio:1024 \/ 683\" class=\"css-1seqhu9\"\/><\/p>\n<p class=\"css-by8ykd\" role=\"text\">Fuente de la imagen, Getty Images<\/p>\n<p>Pie de foto, Rodr\u00edguez orden\u00f3 la destituci\u00f3n del general.<\/p>\n<p dir=\"ltr\" class=\"css-s4cjt0 e1yuyadm0\">Tambi\u00e9n dijo que Rodr\u00edguez enfrentar\u00eda \u00abun destino peor que el de Maduro\u00bb si no cumpl\u00eda con las exigencias de Estados Unidos, incluidas las relacionadas con el petr\u00f3leo, del cual Venezuela posee las mayores reservas probadas del mundo.<\/p>\n<p dir=\"ltr\" class=\"css-s4cjt0 e1yuyadm0\">El martes, el presidente estadounidense afirm\u00f3 que Venezuela entregar\u00eda hasta 50 millones de barriles de petr\u00f3leo a Estados Unidos, pero el gobierno interino venezolano a\u00fan no se ha pronunciado al respecto.<\/p>\n<p dir=\"ltr\" class=\"css-s4cjt0 e1yuyadm0\">El tono de Rodr\u00edguez ha oscilado entre desafiante y conciliador desde que fue designada presidenta interina por el Tribunal Supremo de Justicia de Venezuela.<\/p>\n<p dir=\"ltr\" class=\"css-s4cjt0 e1yuyadm0\">Denunci\u00f3 la detenci\u00f3n de Maduro como un \u00absecuestro ilegal\u00bb, pero tambi\u00e9n ha declarado que su gobierno hab\u00eda \u00abinvitado al gobierno estadounidense a trabajar conjuntamente en una agenda de cooperaci\u00f3n\u00bb.<\/p>\n<p dir=\"ltr\" class=\"css-s4cjt0 e1yuyadm0\">Sus acciones est\u00e1n siendo observadas de cerca tanto dentro como fuera de Venezuela para evaluar el rumbo que tomar\u00e1 ahora que est\u00e1 al frente del pa\u00eds y para detectar posibles divisiones en su gobierno.<\/p>\n<p><img decoding=\"async\" src=\"https:\/\/www.europesays.com\/es\/wp-content\/uploads\/2026\/01\/5c8d3360-ec03-11f0-b385-5f48925de19a.png.webp.webp\"   alt=\"Maduro fue detenido por fuerzas estadounidenses y trasladado a Nueva York.\" loading=\"lazy\" width=\"622\" height=\"784\" style=\"aspect-ratio:622 \/ 784\" class=\"css-1seqhu9\"\/><\/p>\n<p class=\"css-by8ykd\" role=\"text\">Fuente de la imagen, Reuters<\/p>\n<p>Pie de foto, Maduro fue detenido por fuerzas estadounidenses y trasladado a Nueva York.<\/p>\n<p>Represi\u00f3n<\/p>\n<p dir=\"ltr\" class=\"css-s4cjt0 e1yuyadm0\">El cese del general es uno de los primeros cambios en los altos cargos del c\u00edrculo cercano a la presidenta interina.<\/p>\n<p dir=\"ltr\" class=\"css-s4cjt0 e1yuyadm0\">Adem\u00e1s de estar al mando de la guardia presidencial, Marcano T\u00e1bata tambi\u00e9n encabezaba la Direcci\u00f3n General de Contrainteligencia Militar (DGCIM) de Venezuela.<\/p>\n<p dir=\"ltr\" class=\"css-s4cjt0 e1yuyadm0\">Seg\u00fan Naciones Unidas, la DGCIM ha desempe\u00f1ado un papel clave en la represi\u00f3n de las personas cr\u00edticas con el gobierno de Maduro.<\/p>\n<p dir=\"ltr\" class=\"css-s4cjt0 e1yuyadm0\">Una Misi\u00f3n Independiente de Determinaci\u00f3n de los Hechos de la ONU constat\u00f3 que la unidad de contrainteligencia hab\u00eda cometido numerosas violaciones de los derechos humanos desde 2013.<\/p>\n<p dir=\"ltr\" class=\"css-s4cjt0 e1yuyadm0\">Document\u00f3 decenas de casos en los que los detenidos fueron sometidos a \u00abtortura, violencia sexual y\/o otros tratos crueles, inhumanos o degradantes\u00bb en la sede de la DGCIM y en una red de centros de detenci\u00f3n clandestinos en todo el pa\u00eds.<\/p>\n<p dir=\"ltr\" class=\"css-s4cjt0 e1yuyadm0\">Sin embargo, su destituci\u00f3n no parece estar relacionada con la represi\u00f3n llevada a cabo por la DGCIM bajo su mando, ya que la persona nombrada para sucederle, el general Gustavo Gonz\u00e1lez L\u00f3pez, dirig\u00eda un servicio de inteligencia que se enfrenta a acusaciones similares.<\/p>\n<p dir=\"ltr\" class=\"css-s4cjt0 e1yuyadm0\">Gonz\u00e1lez L\u00f3pez estuvo al frente del servicio nacional de inteligencia de Venezuela, el Sebin, durante muchos a\u00f1os.<\/p>\n<p dir=\"ltr\" class=\"css-s4cjt0 e1yuyadm0\">El Sebin controla la tristemente c\u00e9lebre prisi\u00f3n de El Helicoide en Caracas, donde la ONU document\u00f3 abusos cometidos contra \u00abpol\u00edticos de la oposici\u00f3n, periodistas, manifestantes y defensores de los derechos humanos\u00bb.<\/p>\n<p><img decoding=\"async\" src=\"https:\/\/www.europesays.com\/es\/wp-content\/uploads\/2026\/01\/7550c510-ec03-11f0-b5f7-49f0357294ff.jpg.webp.webp\"   alt=\"EE.UU. quiere controlar el petr\u00f3leo de Venezuela.\" loading=\"lazy\" width=\"1024\" height=\"681\" style=\"aspect-ratio:1024 \/ 681\" class=\"css-1seqhu9\"\/><\/p>\n<p class=\"css-by8ykd\" role=\"text\">Fuente de la imagen, Getty Images<\/p>\n<p>Pie de foto, EE.UU. quiere controlar el petr\u00f3leo de Venezuela.<\/p>\n<p>\u00abHumillados\u00bb<\/p>\n<p dir=\"ltr\" class=\"css-s4cjt0 e1yuyadm0\">Analistas venezolanos afirman que el cese del general Marcano T\u00e1bata probablemente est\u00e9 relacionado con el fracaso de la guardia presidencial en impedir la captura de Maduro.<\/p>\n<p dir=\"ltr\" class=\"css-s4cjt0 e1yuyadm0\">Cuba, estrecho aliado de Venezuela que desde hace tiempo proporciona servicios de seguridad e inteligencia a Maduro, inform\u00f3 que 32 de sus ciudadanos murieron en la incursi\u00f3n estadounidense.<\/p>\n<p dir=\"ltr\" class=\"css-s4cjt0 e1yuyadm0\">Se cree que muchos de ellos estaban integrados en la guardia presidencial.<\/p>\n<p dir=\"ltr\" class=\"css-s4cjt0 e1yuyadm0\">El ej\u00e9rcito venezolano ha informado que 23 de sus miembros, incluyendo cinco generales, murieron en los ataques estadounidenses.<\/p>\n<p dir=\"ltr\" class=\"css-s4cjt0 e1yuyadm0\">Algunos partidarios del gobierno expresaron sentirse \u00abhumillados\u00bb por la forma en que las fuerzas estadounidenses superaron los sistemas de defensa de Venezuela y la guardia personal de Maduro para capturar al l\u00edder venezolano, quien posteriormente fue exhibido ante las c\u00e1maras con uniforme de prisi\u00f3n y las manos atadas.<\/p>\n<p dir=\"ltr\" class=\"css-s4cjt0 e1yuyadm0\">El reemplazo del general Marcano T\u00e1bata podr\u00eda ser un intento de la presidenta interina de rodearse de personas de su confianza en un momento en que la amenaza de otro ataque estadounidense se cierne sobre ella.<\/p>\n<p dir=\"ltr\" class=\"css-s4cjt0 e1yuyadm0\">Trump declar\u00f3 el s\u00e1bado que las fuerzas estadounidenses hab\u00edan preparado una segunda oleada de ataques, pero consideraron que no era necesaria en ese momento.<\/p>\n<p dir=\"ltr\" class=\"css-s4cjt0 e1yuyadm0\">Sin embargo, ha reiterado en varias ocasiones que el incumplimiento de las exigencias implicar\u00eda que Rodr\u00edguez \u00abpagar\u00eda un precio muy alto\u00bb.<\/p>\n<p dir=\"ltr\" class=\"css-s4cjt0 e1yuyadm0\">Ella no es la \u00fanica en el gobierno interino que podr\u00eda ser blanco de un segundo ataque.<\/p>\n<p dir=\"ltr\" class=\"css-s4cjt0 e1yuyadm0\">Seg\u00fan informa la agencia de noticias Reuters, citando fuentes an\u00f3nimas familiarizadas con el asunto, la administraci\u00f3n Trump le habr\u00eda exigido al ministro del Interior de Venezuela, Diosdado Cabello, que acatara sus \u00f3rdenes.<\/p>\n<p dir=\"ltr\" class=\"css-s4cjt0 e1yuyadm0\">Estados Unidos ha acusado a Cabello desde hace tiempo de participar en una \u00abnarcoconspiraci\u00f3n\u00bb, supuestamente ayudando a rebeldes de izquierda a enviar coca\u00edna a Estados Unidos.<\/p>\n<p dir=\"ltr\" class=\"css-s4cjt0 e1yuyadm0\">En enero, el Departamento de Estado de Estados Unidos aument\u00f3 la recompensa por informaci\u00f3n que condujera a su captura a US$25 millones.<\/p>\n<p><img decoding=\"async\" src=\"https:\/\/www.europesays.com\/es\/wp-content\/uploads\/2026\/01\/cd5e4e50-eb0c-11f0-b5f7-49f0357294ff.png.webp.webp\"   alt=\"&quot;&quot;\" loading=\"lazy\" width=\"800\" height=\"100\" style=\"aspect-ratio:800 \/ 100\" class=\"css-1seqhu9\"\/><\/p>\n<p dir=\"ltr\" class=\"css-s4cjt0 e1yuyadm0\"><a href=\"https:\/\/www.bbc.com\/mundo\/send\/u184973209\" class=\"focusIndicatorReducedWidth css-n8oauk e1h2ur550\" rel=\"nofollow noopener\" target=\"_blank\">Suscr\u00edbete aqu\u00ed<\/a> a nuestro nuevo newsletter para recibir cada viernes una selecci\u00f3n de nuestro mejor contenido de la semana.<\/p>\n<p dir=\"ltr\" class=\"css-s4cjt0 e1yuyadm0\">Y recuerda que puedes recibir notificaciones en nuestra app. Descarga la \u00faltima versi\u00f3n y act\u00edvalas.<\/p>\n","protected":false},"excerpt":{"rendered":"Fuente de la imagen, REDI Pie de foto, El general Javier Marcano T\u00e1bata.Informaci\u00f3n del art\u00edculo 7 enero 2026,&hellip;\n","protected":false},"author":2,"featured_media":328453,"comment_status":"","ping_status":"","sticky":false,"template":"","format":"standard","meta":{"footnotes":""},"categories":[42],"tags":[17,18,13,14,11,61,62,63,64,19,20,9,10,15,16,12,21,22,65,66,67],"class_list":{"0":"post-328452","1":"post","2":"type-post","3":"status-publish","4":"format-standard","5":"has-post-thumbnail","7":"category-internacional","8":"tag-breaking-news","9":"tag-breakingnews","10":"tag-featured-news","11":"tag-featurednews","12":"tag-headlines","13":"tag-internacional","14":"tag-international","15":"tag-international-news","16":"tag-internationalnews","17":"tag-latest-news","18":"tag-latestnews","19":"tag-news","20":"tag-noticias","21":"tag-noticias-destacadas","22":"tag-noticiasdestacadas","23":"tag-titulares","24":"tag-ultimas-noticias","25":"tag-ultimasnoticias","26":"tag-world","27":"tag-world-news","28":"tag-worldnews"},"share_on_mastodon":{"url":"https:\/\/pubeurope.com\/@es\/115855916090431782","error":""},"_links":{"self":[{"href":"https:\/\/www.europesays.com\/es\/wp-json\/wp\/v2\/posts\/328452","targetHints":{"allow":["GET"]}}],"collection":[{"href":"https:\/\/www.europesays.com\/es\/wp-json\/wp\/v2\/posts"}],"about":[{"href":"https:\/\/www.europesays.com\/es\/wp-json\/wp\/v2\/types\/post"}],"author":[{"embeddable":true,"href":"https:\/\/www.europesays.com\/es\/wp-json\/wp\/v2\/users\/2"}],"replies":[{"embeddable":true,"href":"https:\/\/www.europesays.com\/es\/wp-json\/wp\/v2\/comments?post=328452"}],"version-history":[{"count":0,"href":"https:\/\/www.europesays.com\/es\/wp-json\/wp\/v2\/posts\/328452\/revisions"}],"wp:featuredmedia":[{"embeddable":true,"href":"https:\/\/www.europesays.com\/es\/wp-json\/wp\/v2\/media\/328453"}],"wp:attachment":[{"href":"https:\/\/www.europesays.com\/es\/wp-json\/wp\/v2\/media?parent=328452"}],"wp:term":[{"taxonomy":"category","embeddable":true,"href":"https:\/\/www.europesays.com\/es\/wp-json\/wp\/v2\/categories?post=328452"},{"taxonomy":"post_tag","embeddable":true,"href":"https:\/\/www.europesays.com\/es\/wp-json\/wp\/v2\/tags?post=328452"}],"curies":[{"name":"wp","href":"https:\/\/api.w.org\/{rel}","templated":true}]}}