{"id":328454,"date":"2026-01-07T21:22:48","date_gmt":"2026-01-07T21:22:48","guid":{"rendered":"https:\/\/www.europesays.com\/es\/328454\/"},"modified":"2026-01-07T21:22:48","modified_gmt":"2026-01-07T21:22:48","slug":"la-diputacion-de-sevilla-presenta-la-xiii-olimpiada-interescolar-y-el-ii-torneo-femenino-en-el-abierto-internacional-de-ajedrez-ciudad-de-sevilla","status":"publish","type":"post","link":"https:\/\/www.europesays.com\/es\/328454\/","title":{"rendered":"La Diputaci\u00f3n de Sevilla presenta la XIII Olimpiada Interescolar y el II Torneo femenino en el Abierto Internacional de Ajedrez \u00abCiudad de Sevilla\u00bb"},"content":{"rendered":"<p align=\"justify\">Del 9 al 17 de enero se celebra en nuestra ciudad la 51\u00aa edici\u00f3n del Abierto Internacional de Ajedrez \u201cCiudad de Sevilla\u201d, en FIBES &#8211; Palacio de Exposiciones y Congresos. El torneo se complementa con un amplio programa de actividades paralelas de car\u00e1cter deportivo, cultural y solidario, como la XIII Olimpiada Interescolar y el II Torneo Internacional Femenino de la Diputaci\u00f3n de Sevilla, que se celebrar\u00e1n el s\u00e1bado 10 y domingo 11 de enero por la ma\u00f1ana.<\/p>\n<p align=\"justify\">En esta nueva edici\u00f3n, la Diputaci\u00f3n de Sevilla reafirma su compromiso con el Abierto Internacional de Ajedrez \u201cCiudad de Sevilla\u201d, una cita que destaca como plenamente consolidada en el calendario deportivo de nuestra provincia, y una buena prueba del prestigio y de la calidad de este torneo es que est\u00e1 reconocido entre los diez m\u00e1s importantes de Espa\u00f1a, seg\u00fan la clasificaci\u00f3n de la Federaci\u00f3n Espa\u00f1ola de Ajedrez.<\/p>\n<p align=\"justify\">\u201cEs un aut\u00e9ntico orgullo, en nombre de la Diputaci\u00f3n de Sevilla y de su presidente, Javier Fern\u00e1ndez de los R\u00edos, volver a contribuir a una nueva edici\u00f3n del Abierto Internacional de Ajedrez \u201cCiudad de Sevilla\u201d, en este caso la n\u00famero 51. Un torneo que, tras m\u00e1s de medio siglo de historia, sigue proyectando el nombre de Sevilla y de su provincia dentro y fuera de nuestras fronteras\u201d, ha expresado en la presentaci\u00f3n del torneo Casimiro Fern\u00e1ndez, diputado de Cultura de la Diputaci\u00f3n de Sevilla, resaltando que \u201cdesde la Diputaci\u00f3n nos sentimos especialmente satisfechos por poner en marcha la decimotercera Olimpiada Interescolar de Ajedrez, que se celebrar\u00e1 los d\u00edas 10 y 11 de enero, dentro del Programa de Actividades F\u00edsicas y Deportivas del Servicio T\u00e9cnico de Deportes. Este a\u00f1o, adem\u00e1s, la Olimpiada bate r\u00e9cords de participaci\u00f3n, con 98 equipos y m\u00e1s de 560 ni\u00f1os y ni\u00f1as inscritos, procedentes tanto de la capital como de numerosos municipios de la provincia. Unos datos que nos llenan de felicidad y que demuestran que el ajedrez goza de una magn\u00edfica salud entre nuestra juventud\u201d.<\/p>\n<p align=\"justify\">El diputado de Cultura ha subrayado tambi\u00e9n la evoluci\u00f3n y la importancia del II Torneo Internacional Femenino, \u201cuna iniciativa que cuenta con el respaldo de nuestra instituci\u00f3n a trav\u00e9s de la l\u00ednea de ayudas a la promoci\u00f3n de la Igualdad de G\u00e9nero en el deporte. Hasta el momento, son ya 32 las jugadoras inscritas de 10 nacionalidades diferentes, una cifra que refleja el avance hacia una participaci\u00f3n cada vez m\u00e1s igualitaria y diversa, y que nos anima a seguir impulsando iniciativas que favorezcan la presencia de la mujer en el deporte y, en particular, en el ajedrez\u201d.<\/p>\n<p align=\"justify\">A lo largo de todo el a\u00f1o, la Diputaci\u00f3n de Sevilla mantiene su compromiso con el ajedrez base a trav\u00e9s del Circuito Provincial de Ajedrez, que moviliza a cerca de 700 j\u00f3venes, en distintas jornadas de competici\u00f3n repartidas por la provincia. \u201cTodo ello ser\u00eda imposible sin el trabajo conjunto y la implicaci\u00f3n de muchas personas y entidades\u201d, ha agradecido el diputado.<\/p>\n<p align=\"justify\"><strong>El programa de la 51\u00aa edici\u00f3n del Abierto Internacional de Ajedrez \u201cCiudad de Sevilla\u201d<br \/><\/strong>Un a\u00f1o m\u00e1s, el torneo se complementa con un amplio programa de actividades paralelas de\u00a0car\u00e1cter deportivo, cultural y solidario. El programa comienza en la tarde del 7 de enero con una Master Class a cargo del GM Jos\u00e9 Manuel L\u00f3pez, dirigida a los ni\u00f1os del programa de tecnificaci\u00f3n del ajedrez sevillano, que se celebrar\u00e1 en las instalaciones del C\u00edrculo Mercantil. El jueves 8 de enero tendr\u00e1 lugar un torneo presentaci\u00f3n de partidas blitz en las instalaciones de TUSSAM, mientras que el s\u00e1bado y domingo por la ma\u00f1ana se celebrar\u00e1n la XII Olimpiada Interescolar y el II Torneo Internacional Femenino de la Diputaci\u00f3n de Sevilla.<\/p>\n<p align=\"justify\">El lunes 12, los participantes podr\u00e1n realizar una visita cultural al Real Alc\u00e1zar de Sevilla. El martes 13, el GM Carlos Matamoros compartir\u00e1 un desayuno con los ni\u00f1os del Colegio Tabladilla. El mi\u00e9rcoles 14 se llevar\u00e1 a cabo la entrega del material del \u201cTrebejo Solidario\u201d, una iniciativa que consiste en regalar a los ni\u00f1os hospitalizados un juego de ajedrez junto con un libro de iniciaci\u00f3n. Finalmente, el jueves 15 y viernes 16 se celebrar\u00e1n dos conferencias destacadas: \u201cRuy L\u00f3pez de Segura. La cara oculta del Tablero\u201d en el Palacio de los Marqueses de La Algaba, dedicada a la figura del c\u00e9lebre sacerdote y ajedrecista espa\u00f1ol, considerado el primer campe\u00f3n oficioso del mundo del ajedrez. \u201cLo mucho que la Inteligencia Artificial le debe al ajedrez\u201d, en FIBES, a cargo de Leontxo Garc\u00eda en FIBES, uno de los periodistas especializados en ajedrez m\u00e1s prestigiosos del mundo.<\/p>\n<p align=\"justify\">Durante la celebraci\u00f3n del torneo, se podr\u00e1 visitar tambi\u00e9n una exposici\u00f3n de cuadros realizados por Francisco Jes\u00fas Ballesteros Prieto, jugador de ajedrez y artista con par\u00e1lisis cerebral.<\/p>\n<p align=\"justify\">En esta edici\u00f3n, el torneo vuelve a batir todos los r\u00e9cords de participaci\u00f3n, superando las cifras alcanzadas en 2025 con motivo de la 50 edici\u00f3n. El evento contar\u00e1 con 360 jugadores (el m\u00e1ximo anterior de 342), procedentes de hasta 43 nacionalidades diferentes. Entre los participantes se encuentran 75 jugadores titulados (el m\u00e1ximo anterior es de 64), de los cuales son: 17 GM, 21 IM, 24 FM, 1 WGM, 2 WIM, 4 WFM, 4 CM y 2 WCM. De los favoritos para alzarse con el triunfo final en esta edici\u00f3n detaca la presencia de los Grandes Maestros estadounidenses Joshua Friedel (2552 ELO) y Praveen Balakrishnan (2488 ELO), el GM indio Vignesh NR (2505 ELO), vencedor de la edici\u00f3n de 2022, as\u00ed como el GM espa\u00f1ol Jos\u00e9 Manuel L\u00f3pez Mart\u00ednez (2499 ELO).<\/p>\n","protected":false},"excerpt":{"rendered":"Del 9 al 17 de enero se celebra en nuestra ciudad la 51\u00aa edici\u00f3n del Abierto Internacional de&hellip;\n","protected":false},"author":2,"featured_media":328455,"comment_status":"","ping_status":"","sticky":false,"template":"","format":"standard","meta":{"footnotes":""},"categories":[8],"tags":[17,18,25,24,13,14,11,19,20,9,10,15,16,23,12,21,22],"class_list":{"0":"post-328454","1":"post","2":"type-post","3":"status-publish","4":"format-standard","5":"has-post-thumbnail","7":"category-espana","8":"tag-breaking-news","9":"tag-breakingnews","10":"tag-es","11":"tag-espana","12":"tag-featured-news","13":"tag-featurednews","14":"tag-headlines","15":"tag-latest-news","16":"tag-latestnews","17":"tag-news","18":"tag-noticias","19":"tag-noticias-destacadas","20":"tag-noticiasdestacadas","21":"tag-spain","22":"tag-titulares","23":"tag-ultimas-noticias","24":"tag-ultimasnoticias"},"share_on_mastodon":{"url":"https:\/\/pubeurope.com\/@es\/115855923783219854","error":""},"_links":{"self":[{"href":"https:\/\/www.europesays.com\/es\/wp-json\/wp\/v2\/posts\/328454","targetHints":{"allow":["GET"]}}],"collection":[{"href":"https:\/\/www.europesays.com\/es\/wp-json\/wp\/v2\/posts"}],"about":[{"href":"https:\/\/www.europesays.com\/es\/wp-json\/wp\/v2\/types\/post"}],"author":[{"embeddable":true,"href":"https:\/\/www.europesays.com\/es\/wp-json\/wp\/v2\/users\/2"}],"replies":[{"embeddable":true,"href":"https:\/\/www.europesays.com\/es\/wp-json\/wp\/v2\/comments?post=328454"}],"version-history":[{"count":0,"href":"https:\/\/www.europesays.com\/es\/wp-json\/wp\/v2\/posts\/328454\/revisions"}],"wp:featuredmedia":[{"embeddable":true,"href":"https:\/\/www.europesays.com\/es\/wp-json\/wp\/v2\/media\/328455"}],"wp:attachment":[{"href":"https:\/\/www.europesays.com\/es\/wp-json\/wp\/v2\/media?parent=328454"}],"wp:term":[{"taxonomy":"category","embeddable":true,"href":"https:\/\/www.europesays.com\/es\/wp-json\/wp\/v2\/categories?post=328454"},{"taxonomy":"post_tag","embeddable":true,"href":"https:\/\/www.europesays.com\/es\/wp-json\/wp\/v2\/tags?post=328454"}],"curies":[{"name":"wp","href":"https:\/\/api.w.org\/{rel}","templated":true}]}}