{"id":328456,"date":"2026-01-07T21:23:12","date_gmt":"2026-01-07T21:23:12","guid":{"rendered":"https:\/\/www.europesays.com\/es\/328456\/"},"modified":"2026-01-07T21:23:12","modified_gmt":"2026-01-07T21:23:12","slug":"los-abogados-de-abalos-renuncian-a-su-defensa-por-discrepancias-economicas","status":"publish","type":"post","link":"https:\/\/www.europesays.com\/es\/328456\/","title":{"rendered":"Los abogados de \u00c1balos renuncian a su defensa por discrepancias econ\u00f3micas"},"content":{"rendered":"<p style=\"\">La representaci\u00f3n legal de Jos\u00e9 Luis \u00c1balos, dirigida por el despacho Chabaneix Abogados Penalistas, ha notificado este mi\u00e9rcoles al juez del Tribunal Supremo Leopoldo Puente que r<strong>enuncia a llevar la defensa del exministro de Transportes<\/strong>, quien est\u00e1 inmerso tanto en el caso mascarillas -ya  &#8230; pendiente de ser enviado a juicio- como en la causa en la que se investiga el cobro de posibles comisiones irregulares a cambio del ama\u00f1o de adjudicaciones de obra p\u00fablica. <\/p>\n<p class=\"voc-p\" style=\"\">Fuentes consultadas por ABC explican que la causa por la que los letrados renuncian a la defensa es porque<strong> el pol\u00edtico ha incurrido en impagos de los honorarios del despacho<\/strong> y que, tras un ultim\u00e1tum que venc\u00eda el 31 de diciembre, desde el bufete se decidi\u00f3 no dar m\u00e1s margen a \u00c1balos dado que es pol\u00edtica de ese despacho <strong>no hacer excepciones con ning\u00fan tipo de cliente<\/strong>.<\/p>\n<p class=\"voc-p\" style=\"\">As\u00ed, de haber continuado con esa representaci\u00f3n legal -que se inici\u00f3 en octubre de 2025 despu\u00e9s de que \u00c1balos rompiera tambi\u00e9n con su anterior letrado, Jos\u00e9 An\u00edbal \u00c1lvarez- se habr\u00eda contravenido la pol\u00edtica del despacho, por lo que detr\u00e1s de esta decisi\u00f3n no habr\u00eda tacticismo para dilatar el procedimiento. No obstante, en ese escrito de renuncia presentado ante el juez, la defensa solicita <strong>que se paralicen los plazos por el momento para no causar indefensi\u00f3n al exministro<\/strong>.<\/p>\n<p class=\"voc-p\" style=\"\">Seg\u00fan estas mismas fuentes, la decisi\u00f3n ha sido comunicada al exministro en prisi\u00f3n este mismo mi\u00e9rcoles por su letrado Carlos Bautista, y se ha notificado al magistrado del Alto Tribunal a la vez que se presentaba el escrito de defensa de quien fuera secretario de organizaci\u00f3n del PSOE, habida cuenta que el plazo de entrega del mismo expiraba este 8 de enero. <\/p>\n<p class=\"voc-p\" style=\"\">A pesar de esta renuncia, es previsible que el exfiscal Bautista, quien dirig\u00eda desde el despacho la defensa del pol\u00edtico hasta ahora, deba continuar con esa representaci\u00f3n legal hasta que otro abogado pida la venia en el Supremo. Y esto, teniendo en cuenta que el pr\u00f3ximo 15 de enero hay una vista programada en la Sala de lo Penal del Supremo para valorar los recursos tanto de \u00c1balos como de su asesor Koldo Garc\u00eda contra la decisi\u00f3n de Puente de enviarles a prisi\u00f3n provisional sin fianza el pasado 27 de noviembre. <\/p>\n<p>\nNo ve delito\n<\/p>\n<p class=\"voc-p\" style=\"\">En el escrito de defensa, de 72 p\u00e1ginas y al que tambi\u00e9n ha tenido acceso ABC, se pide exonerar al exministro de los delitos que se le imputan ya que los contratos para la adquisici\u00f3n de mascarillas se llevaron a cabo desde la legalidad; que no hubo pagos il\u00edcitos por los mismos; que no se dio trato de favor en el rescato de Air Europa ni hubo gestiones para lograr una licencia para la operadora de hidrocarburos Villafuel; y que no se dieron d\u00e1divas o recompensas por su actuaci\u00f3n.<\/p>\n<p class=\"voc-p\" style=\"\">Adem\u00e1s, se indica que \u00abse ha cercenado de manera brutal\u00bb el derecho de defensa del exministro al cerrarse la instrucci\u00f3n sin dar a sus letrados acceso al material incautado y sin haberles dejado proponer o practicar diligencias de an\u00e1lisis de esa documentaci\u00f3n para contrarrestar la versi\u00f3n acusatoria plasmada en el auto de procedimiento.<\/p>\n<p class=\"voc-p\" style=\"\">Lamenta el exfiscal que se ha concluido la investigaci\u00f3n sin aceptar ninguna de las pruebas propuestas por la defensa. \u00abSe ha amputado\u00bb ese derecho, por ejemplo, cuando se impidi\u00f3 analizar si \u00c1balos se refer\u00eda a billetes cuando en mensajes recogidos por la Unidad Central Operativa (UCO) de la Guardia Civil hablaba de que Koldo Garc\u00eda le trajera &#8216;folios&#8217;.<\/p>\n<p class=\"voc-p\" style=\"\">Insiste en que se comenz\u00f3 a investigar al diputado \u00absin la previa autorizaci\u00f3n del Congreso de los Diputados\u00bb y que se incautaron en el domicilio de Koldo Garc\u00eda dispositivos de almacenamiento que eran de su defendido y que no fueron devueltos.<\/p>\n<p class=\"voc-p\" style=\"\">A esto a\u00f1ade la defensa que se da una falta de credibilidad en lo aportado a la causa por el empresario V\u00edctor de Aldama y solicita que en el juicio oral deba responder a todas las partes a pesar de constar como investigado ya que le atribuye car\u00e1cter de testigo con obligaci\u00f3n de contestar de acuerdo a jurisprudencia del tribunal Europeo de Derechos Humanos.<\/p>\n<p class=\"voc-p\" style=\"\">Entre los m\u00e1s de 60 testigos propuestos para el juicio, la defensa de \u00c1balos incluye al ministro del Interior, Fernando Grande-Marlaska; a quien fuera su n\u00famero dos Rafael P\u00e9rez; a la presidenta del Congreso, Francina Armengol; al ministro \u00c1ngel V\u00edctor Torres; al ex-CEO de Air Europa Javier Hidalgo; o a la presidenta del Tribunal de Cuentas, Enriqueta Chicano.<\/p>\n","protected":false},"excerpt":{"rendered":"La representaci\u00f3n legal de Jos\u00e9 Luis \u00c1balos, dirigida por el despacho Chabaneix Abogados Penalistas, ha notificado este mi\u00e9rcoles&hellip;\n","protected":false},"author":2,"featured_media":328457,"comment_status":"","ping_status":"","sticky":false,"template":"","format":"standard","meta":{"footnotes":""},"categories":[5],"tags":[32397,12242,17,18,1616,73478,34440,25,24,13,14,11,19,20,9,10,15,16,75832,23,12,21,22],"class_list":{"0":"post-328456","1":"post","2":"type-post","3":"status-publish","4":"format-standard","5":"has-post-thumbnail","7":"category-titulares","8":"tag-abalos","9":"tag-abogados","10":"tag-breaking-news","11":"tag-breakingnews","12":"tag-defensa","13":"tag-discrepancias","14":"tag-economicas","15":"tag-es","16":"tag-espana","17":"tag-featured-news","18":"tag-featurednews","19":"tag-headlines","20":"tag-latest-news","21":"tag-latestnews","22":"tag-news","23":"tag-noticias","24":"tag-noticias-destacadas","25":"tag-noticiasdestacadas","26":"tag-renuncian","27":"tag-spain","28":"tag-titulares","29":"tag-ultimas-noticias","30":"tag-ultimasnoticias"},"share_on_mastodon":{"url":"https:\/\/pubeurope.com\/@es\/115855923854490663","error":""},"_links":{"self":[{"href":"https:\/\/www.europesays.com\/es\/wp-json\/wp\/v2\/posts\/328456","targetHints":{"allow":["GET"]}}],"collection":[{"href":"https:\/\/www.europesays.com\/es\/wp-json\/wp\/v2\/posts"}],"about":[{"href":"https:\/\/www.europesays.com\/es\/wp-json\/wp\/v2\/types\/post"}],"author":[{"embeddable":true,"href":"https:\/\/www.europesays.com\/es\/wp-json\/wp\/v2\/users\/2"}],"replies":[{"embeddable":true,"href":"https:\/\/www.europesays.com\/es\/wp-json\/wp\/v2\/comments?post=328456"}],"version-history":[{"count":0,"href":"https:\/\/www.europesays.com\/es\/wp-json\/wp\/v2\/posts\/328456\/revisions"}],"wp:featuredmedia":[{"embeddable":true,"href":"https:\/\/www.europesays.com\/es\/wp-json\/wp\/v2\/media\/328457"}],"wp:attachment":[{"href":"https:\/\/www.europesays.com\/es\/wp-json\/wp\/v2\/media?parent=328456"}],"wp:term":[{"taxonomy":"category","embeddable":true,"href":"https:\/\/www.europesays.com\/es\/wp-json\/wp\/v2\/categories?post=328456"},{"taxonomy":"post_tag","embeddable":true,"href":"https:\/\/www.europesays.com\/es\/wp-json\/wp\/v2\/tags?post=328456"}],"curies":[{"name":"wp","href":"https:\/\/api.w.org\/{rel}","templated":true}]}}