{"id":328473,"date":"2026-01-07T21:41:21","date_gmt":"2026-01-07T21:41:21","guid":{"rendered":"https:\/\/www.europesays.com\/es\/328473\/"},"modified":"2026-01-07T21:41:21","modified_gmt":"2026-01-07T21:41:21","slug":"el-musical-infantil-blancanieves-y-el-espejo-magico-este-sabado-en-lauditori","status":"publish","type":"post","link":"https:\/\/www.europesays.com\/es\/328473\/","title":{"rendered":"El Musical Infantil \u201cBlancanieves y el Espejo M\u00e1gico\u201d este s\u00e1bado en l\u2019Auditori"},"content":{"rendered":"<p>Los m\u00e1s peque\u00f1os podr\u00e1n disfrutar de<b>l nuevo musical infantil <a href=\"https:\/\/culturalanucia.com\/eventos\/blancanieves-y-el-espejo-magico\/\" target=\"_blank\" rel=\"nofollow noopener\">\u201cBlancanieves y el Espejo M\u00e1gico\u201d <\/a>este s\u00e1bado 10 de enero a las 18 horas en l\u2019Auditori de La Nuc\u00eda.<\/b> <b><a href=\"https:\/\/taulesteatre.com\/#1\" target=\"_blank\" rel=\"nofollow noopener\">Taules Teatre<\/a><\/b> reinterpreta el cl\u00e1sico cuento de Blancanieves con nuevos personajes. <b>Se trata de una actuaci\u00f3n con entrada gratuita con invitaci\u00f3n, a recoger durante esta semana en las taquillas de l\u2019Auditori de La Nuc\u00eda.<\/b><\/p>\n<p>La concejal\u00eda de Cultura ha programado este <b>musical infantil para cerrar la programaci\u00f3n del \u201cNadal Infantil Cultural\u201d,<\/b> que ha tenido un gran \u00e9xito de p\u00fablico durante las pasadas vacaciones. <b>Un \u201cregalo\u201d especial de la <a href=\"https:\/\/culturalanucia.com\/\" target=\"_blank\" rel=\"nofollow noopener\">Concejal\u00eda de Cultura <\/a>para acercar las artes esc\u00e9nicas a las familias, ya que la entrada es gratuita con invitaci\u00f3n.<\/b><\/p>\n<p><b>Blancanieves y el Espejo M\u00e1gico<\/b><\/p>\n<p><b>\u201cBlancanieves y el Espejo M\u00e1gico\u201d es un nuevo musical infantil de <a href=\"https:\/\/www.instagram.com\/grupotaulesteatre\/\" target=\"_blank\" rel=\"nofollow noopener\">Taules Teatre<\/a>, dirigido por Jos\u00e9 Antonio P\u00e9rez Fresco, con libreto y m\u00fasica de Juan Luis Mira.<\/b> En el participa el siguiente elenco de actores y actrices: Ana Arrarte (Blancanieves), Alba Aracil (Mal\u00e9fica), Sof\u00eda L\u00f3pez (Anciana\/Bella\/Elsa) Jos\u00e9 Fern\u00e1ndez (Pr\u00edncipe), Andreas Lozano (Ratero), Iker Garc\u00eda (Ratero\/Duende espejo), Jos\u00e9 A. P\u00e9rez (Lacayo).<\/p>\n<p>Este musical no es una r\u00e9plica del cuento original, puesto que introduce elementos novedosos en la historia como el poder de Mal\u00e9fica de traer personajes de otros cuentos para ayudarle en su equivocada b\u00fasqueda de la belleza exterior. Esta fantas\u00eda musical con canciones totalmente originales, destaca los valores sobre la apariencia, la bondad sobre la soberbia y realza que el bien debe triunfar siempre sobre el mal, todo en clave infantil y para todos los p\u00fablicos.<\/p>\n<p><b>Blancanieves con nuevos personajes<\/b><\/p>\n<p><b>\t\u201cBlancanieves y el Espejo M\u00e1gico\u201d es un musical infantil en castellano enfocado al p\u00fablico familiar<\/b>. Una reinterpretaci\u00f3n del cl\u00e1sico cuento, creado por los hermanos Grimm, en la que Taules Teatre con la creatividad y la calidad que caracteriza a este grupo, introduce nuevos personajes para dar un giro inesperado a la conocida historia de Blancanieves.<\/p>\n<p><b>Taules Teatre<\/b><\/p>\n<p>Taules Teatre es una compa\u00f1\u00eda de teatro amateur, semi profesional, de Pinoso que tiene, entre los m\u00e1s de cien premios recibidos el prestigioso<b> Premio Max a la Trayectoria Teatral<\/b>. En esta ocasi\u00f3n el director Juan Luis Mira, que ha presentado montajes teatrales en Auditori La Nucia, es el autor del libreto y de las canciones de este musical encantador. Mira es un autor y director prol\u00edfico de larga trayectoria, tambi\u00e9n muy galardonada.<\/p>\n<p>                        <script async src=\"\/\/www.instagram.com\/embed.js\"><\/script><\/p>\n","protected":false},"excerpt":{"rendered":"Los m\u00e1s peque\u00f1os podr\u00e1n disfrutar del nuevo musical infantil \u201cBlancanieves y el Espejo M\u00e1gico\u201d este s\u00e1bado 10 de&hellip;\n","protected":false},"author":2,"featured_media":40078,"comment_status":"","ping_status":"","sticky":false,"template":"","format":"standard","meta":{"footnotes":""},"categories":[91],"tags":[146,147,25,24,19427,23],"class_list":{"0":"post-328473","1":"post","2":"type-post","3":"status-publish","4":"format-standard","5":"has-post-thumbnail","7":"category-entretenimiento","8":"tag-entertainment","9":"tag-entretenimiento","10":"tag-es","11":"tag-espana","12":"tag-la-nuca-ayuntamiento-noticias-agenda-trmites-municipio-pueblo-ciudad-lanuciatv-noticias-la-nucia","13":"tag-spain"},"share_on_mastodon":{"url":"https:\/\/pubeurope.com\/@es\/115855994581055653","error":""},"_links":{"self":[{"href":"https:\/\/www.europesays.com\/es\/wp-json\/wp\/v2\/posts\/328473","targetHints":{"allow":["GET"]}}],"collection":[{"href":"https:\/\/www.europesays.com\/es\/wp-json\/wp\/v2\/posts"}],"about":[{"href":"https:\/\/www.europesays.com\/es\/wp-json\/wp\/v2\/types\/post"}],"author":[{"embeddable":true,"href":"https:\/\/www.europesays.com\/es\/wp-json\/wp\/v2\/users\/2"}],"replies":[{"embeddable":true,"href":"https:\/\/www.europesays.com\/es\/wp-json\/wp\/v2\/comments?post=328473"}],"version-history":[{"count":0,"href":"https:\/\/www.europesays.com\/es\/wp-json\/wp\/v2\/posts\/328473\/revisions"}],"wp:featuredmedia":[{"embeddable":true,"href":"https:\/\/www.europesays.com\/es\/wp-json\/wp\/v2\/media\/40078"}],"wp:attachment":[{"href":"https:\/\/www.europesays.com\/es\/wp-json\/wp\/v2\/media?parent=328473"}],"wp:term":[{"taxonomy":"category","embeddable":true,"href":"https:\/\/www.europesays.com\/es\/wp-json\/wp\/v2\/categories?post=328473"},{"taxonomy":"post_tag","embeddable":true,"href":"https:\/\/www.europesays.com\/es\/wp-json\/wp\/v2\/tags?post=328473"}],"curies":[{"name":"wp","href":"https:\/\/api.w.org\/{rel}","templated":true}]}}