{"id":328479,"date":"2026-01-07T21:45:16","date_gmt":"2026-01-07T21:45:16","guid":{"rendered":"https:\/\/www.europesays.com\/es\/328479\/"},"modified":"2026-01-07T21:45:16","modified_gmt":"2026-01-07T21:45:16","slug":"pilar-de-38-anos-la-primera-victima-mortal-en-el-estado-por-violencia-de-genero-de-2026","status":"publish","type":"post","link":"https:\/\/www.europesays.com\/es\/328479\/","title":{"rendered":"Pilar, de 38 a\u00f1os, la primera v\u00edctima mortal en el Estado por violencia de g\u00e9nero de 2026"},"content":{"rendered":"<p>\n        <strong>Pilar<\/strong>, de 38 a\u00f1os y asesinada presuntamente por su expareja el pasado domingo en <strong>Quesada (<\/strong><a href=\"https:\/\/www.noticiasdenavarra.com\/sucesos\/2026\/01\/04\/hallan-cuerpo-vida-mujer-signos-jaen-10539422.html\" title=\"Ja\u00e9n\" class=\"link copy\" rel=\"nofollow noopener\" target=\"_blank\"><strong>Ja\u00e9n<\/strong><\/a><strong>)<\/strong>, es la <strong>primera v\u00edctima mortal<\/strong> de la violencia de g\u00e9nero en el <a href=\"https:\/\/www.noticiasdenavarra.com\/tags\/estado\/\" title=\"Estado\" class=\"link copy\" rel=\"nofollow noopener\" target=\"_blank\">Estado<\/a> en <strong>2026<\/strong> y la n\u00famero <strong>1.342<\/strong> desde que se empezaron a contabilizar los feminicidios en 2003.\n<\/p>\n<p>  Confirmaci\u00f3n del crimen y antecedentes<\/p>\n<p>            <a href=\"https:\/\/www.noticiasdenavarra.com\/sucesos\/2026\/01\/04\/hallan-cuerpo-vida-mujer-signos-jaen-10539422.html\" title=\"La mujer hallada muerta en Ja\u00e9n figuraba en el sistema VioG\u00e9n\" class=\"new__media\" rel=\"nofollow noopener\" target=\"_blank\"><\/p>\n<p>                <img alt=\"La mujer hallada muerta en Ja\u00e9n figuraba en el sistema VioG\u00e9n\" data-src=\"https:\/\/www.europesays.com\/es\/wp-content\/uploads\/2026\/01\/57235647-ad75-4b39-b998-f28f12d7a0a9_16-9-aspect-ratio_default_0.jpg\" class=\"lozad\"\/><\/p>\n<p>        <\/a><\/p>\n<p>        <a href=\"https:\/\/www.noticiasdenavarra.com\/sucesos\/2026\/01\/04\/hallan-cuerpo-vida-mujer-signos-jaen-10539422.html\" title=\"La mujer hallada muerta en Ja\u00e9n figuraba en el sistema VioG\u00e9n\" class=\"new__headline\" rel=\"nofollow noopener\" target=\"_blank\"><br \/>\n            La mujer hallada muerta en Ja\u00e9n figuraba en el sistema VioG\u00e9n<br \/>\n        <\/a><\/p>\n<p class=\"article-body__text \">\n        La Delegaci\u00f3n del Gobierno contra la Violencia de G\u00e9nero ha confirmado este mi\u00e9rcoles la <strong>naturaleza machista<\/strong> del crimen y ha informado de que exist\u00edan <strong>denuncias por maltrato<\/strong> contra el presunto feminicida, que fue detenido. El cuerpo sin vida de Pilar fue encontrado en un paraje de Los Molinos, cercano al centro de Quesada. Fue asesinada con un <strong>arma blanca<\/strong>.\n<\/p>\n<p>  Situaci\u00f3n de la v\u00edctima y el agresor<\/p>\n<p class=\"article-body__text \">\n        De nacionalidad espa\u00f1ola, al igual que el presunto feminicida, se hab\u00eda <strong>separado hace un a\u00f1o<\/strong> del hombre que finalmente acab\u00f3 con su vida. Hab\u00eda una <strong>orden de alejamiento en vigor<\/strong>.\n<\/p>\n<p class=\"article-body__text \">\n        La Secci\u00f3n Civil y de Instrucci\u00f3n del <strong>Tribunal de Instancia n\u00famero uno de Cazorla<\/strong>, competente en Violencia sobre la Mujer, ha acordado este mi\u00e9rcoles el<strong> ingreso en prisi\u00f3n provisional, comunicada y sin fianza de su presunto asesino<\/strong>.\n<\/p>\n<p class=\"article-body__text \">\n        Al hombre, de<strong> 61 a\u00f1os<\/strong>, se le investiga por un delito de homicidio y por quebrantar una orden de alejamiento que le hab\u00eda sido impuesta en una sentencia reciente sobre la mujer, con la que habr\u00eda mantenido una relaci\u00f3n de pareja hace m\u00e1s de un a\u00f1o.\n<\/p>\n<p>  Canales de ayuda y emergencia<\/p>\n<p class=\"article-body__text \">\n        El <strong>016<\/strong> atiende a todas las v\u00edctimas de violencia machista y sus entornos las <strong>24 horas<\/strong> del d\u00eda y en 53 idiomas diferentes, al igual que el correo <strong>016-online@igualdad.gob.es<\/strong>; tambi\u00e9n se presta atenci\u00f3n mediante <a href=\"https:\/\/www.noticiasdenavarra.com\/economia-domestica\/2025\/12\/18\/juanma-lorente-abogado-laboralista-no-borres-ningun-whatsapp-con-tu-jefe-10487812.html\" title=\"WhatsApp\" class=\"link copy\" rel=\"nofollow noopener\" target=\"_blank\">WhatsApp<\/a> a trav\u00e9s del n\u00famero <strong>600000016<\/strong>, y los menores pueden dirigirse al tel\u00e9fono de la <strong>Fundaci\u00f3n ANAR 900 20 20 10<\/strong>.\n<\/p>\n<p class=\"article-body__text \">\n        En una situaci\u00f3n de emergencia, se puede llamar al <strong>112<\/strong> o a los tel\u00e9fonos de la <strong>Polic\u00eda Nacional (091)<\/strong> y de la <strong>Guardia Civil (062)<\/strong> y en caso de no poder llamar se puede recurrir a la aplicaci\u00f3n <strong>ALERTCOPS<\/strong>, desde la que se env\u00eda una se\u00f1al de alerta a la Polic\u00eda con <strong>geolocalizaci\u00f3n<\/strong>.<\/p>\n","protected":false},"excerpt":{"rendered":"Pilar, de 38 a\u00f1os y asesinada presuntamente por su expareja el pasado domingo en Quesada (Ja\u00e9n), es la&hellip;\n","protected":false},"author":2,"featured_media":328480,"comment_status":"","ping_status":"","sticky":false,"template":"","format":"standard","meta":{"footnotes":""},"categories":[8],"tags":[17,18,25,24,13,14,11,19,20,9,10,15,16,8669,1078,23,12,21,22,14281,16317],"class_list":{"0":"post-328479","1":"post","2":"type-post","3":"status-publish","4":"format-standard","5":"has-post-thumbnail","7":"category-espana","8":"tag-breaking-news","9":"tag-breakingnews","10":"tag-es","11":"tag-espana","12":"tag-featured-news","13":"tag-featurednews","14":"tag-headlines","15":"tag-latest-news","16":"tag-latestnews","17":"tag-news","18":"tag-noticias","19":"tag-noticias-destacadas","20":"tag-noticiasdestacadas","21":"tag-pilar","22":"tag-primera","23":"tag-spain","24":"tag-titulares","25":"tag-ultimas-noticias","26":"tag-ultimasnoticias","27":"tag-victima","28":"tag-violencia-de-genero"},"share_on_mastodon":{"url":"https:\/\/pubeurope.com\/@es\/115856010294218010","error":""},"_links":{"self":[{"href":"https:\/\/www.europesays.com\/es\/wp-json\/wp\/v2\/posts\/328479","targetHints":{"allow":["GET"]}}],"collection":[{"href":"https:\/\/www.europesays.com\/es\/wp-json\/wp\/v2\/posts"}],"about":[{"href":"https:\/\/www.europesays.com\/es\/wp-json\/wp\/v2\/types\/post"}],"author":[{"embeddable":true,"href":"https:\/\/www.europesays.com\/es\/wp-json\/wp\/v2\/users\/2"}],"replies":[{"embeddable":true,"href":"https:\/\/www.europesays.com\/es\/wp-json\/wp\/v2\/comments?post=328479"}],"version-history":[{"count":0,"href":"https:\/\/www.europesays.com\/es\/wp-json\/wp\/v2\/posts\/328479\/revisions"}],"wp:featuredmedia":[{"embeddable":true,"href":"https:\/\/www.europesays.com\/es\/wp-json\/wp\/v2\/media\/328480"}],"wp:attachment":[{"href":"https:\/\/www.europesays.com\/es\/wp-json\/wp\/v2\/media?parent=328479"}],"wp:term":[{"taxonomy":"category","embeddable":true,"href":"https:\/\/www.europesays.com\/es\/wp-json\/wp\/v2\/categories?post=328479"},{"taxonomy":"post_tag","embeddable":true,"href":"https:\/\/www.europesays.com\/es\/wp-json\/wp\/v2\/tags?post=328479"}],"curies":[{"name":"wp","href":"https:\/\/api.w.org\/{rel}","templated":true}]}}