{"id":328497,"date":"2026-01-07T22:06:17","date_gmt":"2026-01-07T22:06:17","guid":{"rendered":"https:\/\/www.europesays.com\/es\/328497\/"},"modified":"2026-01-07T22:06:17","modified_gmt":"2026-01-07T22:06:17","slug":"fosiles-en-marruecos-serian-ancestros-cercanos-del-humano-moderno","status":"publish","type":"post","link":"https:\/\/www.europesays.com\/es\/328497\/","title":{"rendered":"F\u00f3siles en Marruecos ser\u00edan ancestros cercanos del humano moderno"},"content":{"rendered":"<p>Los f\u00f3siles de hom\u00ednidos descubiertos en Casablanca, Marruecos, que datan de h<strong>ace unos 773 000 a\u00f1os<\/strong>, podr\u00edan ser antepasados cercanos de los humanos modernos, seg\u00fan los resultados de una investigaci\u00f3n liderada por el Instituto Max Planck de Antropolog\u00eda Evolutiva, en Leipzig, Alemania.<\/p>\n<p class=\"texto_destacado_central_p\">Los restos muestran una\u00a0mezcla de rasgos antiguos y modernos<\/p>\n<p>Estos restos muestran una mezcla de rasgos antiguos y modernos, lo que les sit\u00faa cerca del punto en el que <strong>comenzaron a divergir los linajes humanos africanos y euroasi\u00e1ticos<\/strong>.<\/p>\n<p>Los hallazgos, publicados en <a href=\"https:\/\/doi.org\/10.1038\/s41586-025-09914-y\" target=\"_blank\" rel=\"nofollow noopener\">Nature<\/a>, proporcionan informaci\u00f3n sobre las poblaciones africanas anteriores al Homo sapiens m\u00e1s antiguo conocido y aportan pruebas del origen africano de nuestra especie. Los f\u00f3siles son de una <strong>\u00e9poca cercana a la del Homo antecessor hallado en Atapuerca<\/strong>, pero son morfol\u00f3gicamente distintos.<\/p>\n<p>\u201cEstos resultados se relacionan con un tema que investigamos en Atapuerca: la separaci\u00f3n evolutiva de neandertales y sapiens y el \u00faltimo antepasado com\u00fan. Habr\u00e1 que comparar estos nuevos restos norteafricanos con los f\u00f3siles de Homo antecessor en Atapuerca\u201d, dice <strong>Juan Luis Arsuaga<\/strong>, director cient\u00edfico del Museo de la Evoluci\u00f3n Humana de Burgos y ajeno al estudio, en declaraciones a SMC Espa\u00f1a.<\/p>\n<p>                        <a href=\"https:\/\/www.agenciasinc.es\/Reportajes\/Hallada-en-Atapuerca-la-cara-del-europeo-occidental-mas-antiguo\" rel=\"nofollow noopener\" target=\"_blank\"><br \/>\n                            <img decoding=\"async\" src=\"https:\/\/www.europesays.com\/es\/wp-content\/uploads\/2026\/01\/Hallada-en-Atapuerca-la-cara-del-europeo-occidental-mas-antiguo.jpg\" alt=\"Hallada en Atapuerca la cara del europeo occidental m\u00e1s antiguo\" title=\"Hallada en Atapuerca la cara del europeo occidental m\u00e1s antiguo\" class=\"small_fotoderecha_img\" loading=\"lazy\"\/><br \/>\n                        <\/a><\/p>\n<p><a id=\"eztoc_1_1\"\/>Vac\u00edo en el registro africano<\/p>\n<p>Se cree que los \u00faltimos antepasados comunes de los humanos modernos, los neandertales y los denisovanos, vivieron hace entre 765 000 y 550 000 a\u00f1os. Sin embargo, a\u00fan se debate sobre <strong>d\u00f3nde aparecieron por primera vez<\/strong>.<\/p>\n<p class=\"texto_destacado_central_p\">El examen de los sedimentos circundantes muestra que los f\u00f3siles datan de una \u00e9poca cercana a un cambio importante en el campo magn\u00e9tico de la Tierra<\/p>\n<p>Descubrimientos anteriores, como el Homo antecessor en Espa\u00f1a, suger\u00edan <strong>posibles v\u00ednculos ancestrales en Europa<\/strong>. Pero no se han encontrado f\u00f3siles en \u00c1frica de dataci\u00f3n similar para confirmar este camino y se habla de un \u201cvac\u00edo\u201d en el registro africano.<\/p>\n<p>El investigador <strong>Jean-Jacques Hublin<\/strong> y su equipo analizaron los f\u00f3siles desenterrados en una cueva llamada Grotte \u00e0 Hominid\u00e9s en la cantera Thomas I de Marruecos, entre los que se encontraban dos mand\u00edbulas parciales, numerosos dientes y v\u00e9rtebras.<\/p>\n<p>El examen de los sedimentos circundantes muestra que los f\u00f3siles datan de una \u00e9poca cercana a un cambio importante en el campo magn\u00e9tico de la Tierra, hace unos 773 000 a\u00f1os, lo que les da una edad similar a la del H. antecessor.<\/p>\n<p>Sin embargo, son <strong>morfol\u00f3gicamente diferentes<\/strong> del H. antecessor. Esta caracter\u00edstica sugiere que la diferenciaci\u00f3n regional entre Europa y el norte de \u00c1frica ya estaba presente a finales del Pleistoceno temprano (hace entre 1,8 millones y 780 000 a\u00f1os).<\/p>\n<p>                        <a href=\"https:\/\/www.agenciasinc.es\/Noticias\/Los-hominidos-transportaban-piedras-a-largas-distancias-antes-de-lo-esperado\" rel=\"nofollow noopener\" target=\"_blank\"><br \/>\n                            <img decoding=\"async\" src=\"https:\/\/www.europesays.com\/es\/wp-content\/uploads\/2026\/01\/Los-hominidos-transportaban-piedras-a-largas-distancias-antes-de-lo-esperado.jpg\" alt=\"Los hom\u00ednidos transportaban piedras a largas distancias antes de lo esperado\" title=\"Los hom\u00ednidos transportaban piedras a largas distancias antes de lo esperado\" class=\"small_fotoderecha_img\" loading=\"lazy\"\/><br \/>\n                        <\/a><\/p>\n<p><a id=\"eztoc_2_1\"\/>Rasgos modernos y antiguos<\/p>\n<p>As\u00ed, los f\u00f3siles marroqu\u00edes combinan caracter\u00edsticas antiguas observadas en especies como el Homo erectus con rasgos m\u00e1s modernos que se encuentran en el H. sapiens y los neandertales. Por ejemplo, <strong>el tama\u00f1o de sus molares se asemeja al de los primeros H. sapiens<\/strong> y neandertales, mientras que la forma de su mand\u00edbula se acerca m\u00e1s a la del Homo erectus y otros humanos arcaicos africanos.<\/p>\n<p>\u201cEste hallazgo rellena un vac\u00edo clave del registro africano justo cerca del intervalo en el que la gen\u00e9tica sit\u00faa la separaci\u00f3n entre el linaje que acabar\u00e1 en Homo sapiens y el clado neandertal\u2013denisovano\u201d, dice <strong>Juan Ignacio Morales<\/strong>, investigador del Institut Catal\u00e0 de Paleoecologia Humana i Evoluci\u00f3 Social (IPHES-CERCA) en declaraciones a SMC Espa\u00f1a.<\/p>\n<p>      <img decoding=\"async\" src=\"https:\/\/www.europesays.com\/es\/wp-content\/uploads\/2025\/11\/1763666232_46_quotebefore.png\"\/><\/p>\n<p>Este hallazgo rellena un vac\u00edo clave del registro africano justo cerca del intervalo en el que la gen\u00e9tica sit\u00faa la separaci\u00f3n entre el linaje que acabar\u00e1 en Homo sapiens y el clado neandertal\u2013denisovano<\/p>\n<p>Juan Ignacio Morales, IPHES-CERCA<\/p>\n<p>      <img decoding=\"async\" src=\"https:\/\/www.europesays.com\/es\/wp-content\/uploads\/2025\/11\/1763666232_151_quoteafter.png\"\/><\/p>\n<p>Seg\u00fan Morales, \u201clos homininos de Casablanca pueden leerse como un \u2018equivalente africano\u2019 de Homo antecessor\u00a0(Atapuerca): dos ventanas casi paralelas a ambos lados del Mediterr\u00e1neo, con evoluci\u00f3n en mosaico, pero con el yacimiento de Atapuerca apuntando m\u00e1s hacia la trayectoria neandertal y Casablanca hacia la africana\u201d.<\/p>\n<p>Aun as\u00ed, el investigador apunta a la prudencia. \u201cEl conjunto es<strong> parcial<\/strong> (mand\u00edbulas, dientes y v\u00e9rtebras) y no permite identificar al \u2018\u00faltimo ancestro com\u00fan\u2019 como tal, que ser\u00eda una poblaci\u00f3n, no un individuo\u201d, se\u00f1ala.<\/p>\n<p><strong>Referencia<\/strong>:<\/p>\n<p>Hublin et al.\u00a0Early hominins from Morocco basal to the Homo sapiens lineage.\u00a0<a href=\"https:\/\/doi.org\/10.1038\/s41586-025-09914-y\" rel=\"nofollow noopener\" target=\"_blank\">Nature<\/a> (2026).<\/p>\n<p>Derechos: <strong>Creative Commons.<\/strong><\/p>\n","protected":false},"excerpt":{"rendered":"Los f\u00f3siles de hom\u00ednidos descubiertos en Casablanca, Marruecos, que datan de hace unos 773 000 a\u00f1os, podr\u00edan ser&hellip;\n","protected":false},"author":2,"featured_media":328498,"comment_status":"","ping_status":"","sticky":false,"template":"","format":"standard","meta":{"footnotes":""},"categories":[81],"tags":[119,123,124,25,24,117,121,122,23,118,120],"class_list":{"0":"post-328497","1":"post","2":"type-post","3":"status-publish","4":"format-standard","5":"has-post-thumbnail","7":"category-ciencia-y-tecnologia","8":"tag-ciencia","9":"tag-ciencia-y-tecnologia","10":"tag-cienciaytecnologia","11":"tag-es","12":"tag-espana","13":"tag-science","14":"tag-science-and-technology","15":"tag-scienceandtechnology","16":"tag-spain","17":"tag-technology","18":"tag-tecnologia"},"share_on_mastodon":{"url":"https:\/\/pubeurope.com\/@es\/115856093010824967","error":""},"_links":{"self":[{"href":"https:\/\/www.europesays.com\/es\/wp-json\/wp\/v2\/posts\/328497","targetHints":{"allow":["GET"]}}],"collection":[{"href":"https:\/\/www.europesays.com\/es\/wp-json\/wp\/v2\/posts"}],"about":[{"href":"https:\/\/www.europesays.com\/es\/wp-json\/wp\/v2\/types\/post"}],"author":[{"embeddable":true,"href":"https:\/\/www.europesays.com\/es\/wp-json\/wp\/v2\/users\/2"}],"replies":[{"embeddable":true,"href":"https:\/\/www.europesays.com\/es\/wp-json\/wp\/v2\/comments?post=328497"}],"version-history":[{"count":0,"href":"https:\/\/www.europesays.com\/es\/wp-json\/wp\/v2\/posts\/328497\/revisions"}],"wp:featuredmedia":[{"embeddable":true,"href":"https:\/\/www.europesays.com\/es\/wp-json\/wp\/v2\/media\/328498"}],"wp:attachment":[{"href":"https:\/\/www.europesays.com\/es\/wp-json\/wp\/v2\/media?parent=328497"}],"wp:term":[{"taxonomy":"category","embeddable":true,"href":"https:\/\/www.europesays.com\/es\/wp-json\/wp\/v2\/categories?post=328497"},{"taxonomy":"post_tag","embeddable":true,"href":"https:\/\/www.europesays.com\/es\/wp-json\/wp\/v2\/tags?post=328497"}],"curies":[{"name":"wp","href":"https:\/\/api.w.org\/{rel}","templated":true}]}}