{"id":328507,"date":"2026-01-07T22:16:08","date_gmt":"2026-01-07T22:16:08","guid":{"rendered":"https:\/\/www.europesays.com\/es\/328507\/"},"modified":"2026-01-07T22:16:08","modified_gmt":"2026-01-07T22:16:08","slug":"davidovich-sigue-los-pasos-de-alcaraz-tambien-cambia-de-entrenador","status":"publish","type":"post","link":"https:\/\/www.europesays.com\/es\/328507\/","title":{"rendered":"Davidovich sigue los pasos de Alcaraz: tambi\u00e9n cambia de entrenador"},"content":{"rendered":"<p class=\"ft-text\">La temporada 2026 apenas ha echado a andar y los movimientos en los banquillos contin\u00faan. Despu\u00e9s de acabar 2025 con la noticia de <a class=\"ft-link ft-link--decoration\" href=\"https:\/\/www.sport.es\/es\/noticias\/tenis\/ferrero-rompe-silencio-ruptura-alcaraz-125112249\" rel=\"nofollow noopener\" target=\"_blank\">la separaci\u00f3n de Carlos Alcaraz y Juan Carlos Ferrero<\/a>, este nuevo curso ha tra\u00eddo consigo otra ruptura, la de Alejandro Davidovich con su actual preparador, <strong>F\u00e9lix Mantilla<\/strong>.<\/p>\n<p class=\"ft-text\">El barcelon\u00e9s entr\u00f3 a formar parte del cuerpo t\u00e9cnico del tenista malague\u00f1o en 2025, un curso en el que Davidovich ha experimentado una visible evoluci\u00f3n, alcanzando la final en <strong>Delray Beach, Acapulco, Basilea y Washington<\/strong>; y las semifinales en el Masters 1.000 de Montecarlo<a class=\"ft-link ft-link--decoration\" href=\"https:\/\/www.sport.es\/es\/noticias\/tenis\/alcaraz-tumba-davidovich-estara-final-116323088\" rel=\"nofollow noopener\" target=\"_blank\">, donde perdi\u00f3 contra Carlos Alcaraz.<\/a> Resultados que llevaron Davidovich hasta el Top-15 de la clasificaci\u00f3n mundial, alcanzando la decimocuarta plaza, su mejor ranking hasta el momento.<\/p>\n<p class=\"ft-text\">Mantilla, quien fuera Top-10 del ranking ATP durante su etapa como jugador, comenz\u00f3 a trabajar con Davidovich en el ATP de Dallas del mes de febrero, justo despu\u00e9s del Open de Australia. Entonces el tenista cay\u00f3 en el segundo partido ante Matteo Arnaldi, aunque poco despu\u00e9s,<strong> en Delray Beach, <\/strong>avanzaba ya hasta la final.<\/p>\n<p class=\"ft-text\">Apenas 12 meses despu\u00e9s de arrancar su camino conjunto, la vinculaci\u00f3n ha finalizado y ser\u00e1 el argentino <strong>Mariano Puerta <\/strong>el que tomar\u00e1 el relevo como nuevo entrenador de Davidovich. De esta manera, el jugador espa\u00f1ol vuelve a contar con un ex Top-10 en su banquillo. Empieza as\u00ed una nueva etapa en la que el tenista espa\u00f1ol buscar\u00e1 un primer t\u00edtulo ATP que, aunque ha estado cerca este 2025, se le sigue resistiendo.<\/p>\n<p>Experiencia contrastada<\/p>\n<p class=\"ft-text\">Puerta, recordado en Espa\u00f1a por ser el rival en la final de Roland Garros de 2005 en la que Rafa Nadal conquist\u00f3 su primera Copa de los mosqueteros, cuenta con experiencia en el circuito como entrenador. Bajo su mando han estado en los \u00faltimos a\u00f1os del serbio <strong>Laslo Djere<\/strong>, o el estadounidense Brandon Nakashima en 2024 y 2025.<\/p>\n<p class=\"ft-text\">Davidovich no ha arrancado con buen pie la temporada y firm\u00f3 una derrota en su primera aparici\u00f3n, en el ATP de Brisbane, en su duelo, precisamente, contra Nakashima.<\/p>\n","protected":false},"excerpt":{"rendered":"La temporada 2026 apenas ha echado a andar y los movimientos en los banquillos contin\u00faan. Despu\u00e9s de acabar&hellip;\n","protected":false},"author":2,"featured_media":328508,"comment_status":"","ping_status":"","sticky":false,"template":"","format":"standard","meta":{"footnotes":""},"categories":[274],"tags":[2911,168,2226,25,24,75839,23,167,327,326],"class_list":{"0":"post-328507","1":"post","2":"type-post","3":"status-publish","4":"format-standard","5":"has-post-thumbnail","7":"category-tenis","8":"tag-davidovich","9":"tag-deportes","10":"tag-entrenador","11":"tag-es","12":"tag-espana","13":"tag-mantilla","14":"tag-spain","15":"tag-sports","16":"tag-tenis","17":"tag-tennis"},"share_on_mastodon":{"url":"https:\/\/pubeurope.com\/@es\/115856132244915960","error":""},"_links":{"self":[{"href":"https:\/\/www.europesays.com\/es\/wp-json\/wp\/v2\/posts\/328507","targetHints":{"allow":["GET"]}}],"collection":[{"href":"https:\/\/www.europesays.com\/es\/wp-json\/wp\/v2\/posts"}],"about":[{"href":"https:\/\/www.europesays.com\/es\/wp-json\/wp\/v2\/types\/post"}],"author":[{"embeddable":true,"href":"https:\/\/www.europesays.com\/es\/wp-json\/wp\/v2\/users\/2"}],"replies":[{"embeddable":true,"href":"https:\/\/www.europesays.com\/es\/wp-json\/wp\/v2\/comments?post=328507"}],"version-history":[{"count":0,"href":"https:\/\/www.europesays.com\/es\/wp-json\/wp\/v2\/posts\/328507\/revisions"}],"wp:featuredmedia":[{"embeddable":true,"href":"https:\/\/www.europesays.com\/es\/wp-json\/wp\/v2\/media\/328508"}],"wp:attachment":[{"href":"https:\/\/www.europesays.com\/es\/wp-json\/wp\/v2\/media?parent=328507"}],"wp:term":[{"taxonomy":"category","embeddable":true,"href":"https:\/\/www.europesays.com\/es\/wp-json\/wp\/v2\/categories?post=328507"},{"taxonomy":"post_tag","embeddable":true,"href":"https:\/\/www.europesays.com\/es\/wp-json\/wp\/v2\/tags?post=328507"}],"curies":[{"name":"wp","href":"https:\/\/api.w.org\/{rel}","templated":true}]}}