{"id":328572,"date":"2026-01-07T23:06:10","date_gmt":"2026-01-07T23:06:10","guid":{"rendered":"https:\/\/www.europesays.com\/es\/328572\/"},"modified":"2026-01-07T23:06:10","modified_gmt":"2026-01-07T23:06:10","slug":"el-verdadero-estado-de-amrabat-a-quien-el-fenerbahce-ya-busco-sustituto-aunque-mendilibar-lo-quiere","status":"publish","type":"post","link":"https:\/\/www.europesays.com\/es\/328572\/","title":{"rendered":"El verdadero estado de Amrabat, a quien el Fenerbah\u00e7e ya busc\u00f3 sustituto, aunque Mendilibar lo quiere"},"content":{"rendered":"<p>El Olympiacos a\u00f1ade al de Huizen, sin minutos en los dos \u00faltimos partidos de su selecci\u00f3n por unas molestias en su tobillo derecho, a la lista de objetivos veraniega, mientras que Guendouzi se queda con su lugar en Estambul<\/p>\n<p class=\"parrafo\">El <strong>Fenerbah\u00e7e<\/strong> habr\u00eda llegado a un acuerdo verbal con la <strong>Lazio<\/strong> (cifrado en unos <strong>29 millones de euros<\/strong>, bonus incluidos) para incorporar en esta ventana de transferencias al mediocentro defensivo franco-marroqu\u00ed <strong>Matt\u00e9o Guendouzi<\/strong>, sustituto a corto y medio plazo de un <strong>Sofyan Amrabat<\/strong> cedido sin opci\u00f3n de compra en el <strong>Real Betis<\/strong>, pero al que desean retener en <strong>La Cartuja<\/strong> y <a href=\"https:\/\/www.estadiodeportivo.com\/futbol\/betis\/ofensiva-por-amrabat-oferta-que-hace-dudar-pivote-que-encandila-fenerbahce-20251230-525266.html\" target=\"_blank\" class=\"intext-link\" rel=\"nofollow noopener\">por el que pujan con fuerza desde Arabia Saud\u00ed<\/a>. Queda claro que en <strong>Estambul<\/strong> no le guardan el sitio y, antes al contrario, quieren hacer caja con el de <strong>Huizen<\/strong>, un problema para los verdiblancos si se desata una subasta, tambi\u00e9n por la imposibilidad casi total de repetir el pr\u00e9stamo, ni siquiera en peores condiciones que las actuales (s\u00f3lo paga el <strong>25%<\/strong> de su salario). Adem\u00e1s, la de la <strong>SPL<\/strong> no es la \u00fanica preocupaci\u00f3n con vistas al pr\u00f3ximo verano.<\/p>\n<p class=\"parrafo\">De esta forma, en <strong>Grecia<\/strong> apuntan que <strong>Jos\u00e9 Luis Mendilibar<\/strong> habr\u00eda pedido el fichaje del internacional con los &#8216;<strong>Leones del Atlas<\/strong>&#8216;, que, como consuelo para el <strong>Real Betis<\/strong>, no podr\u00e1 hacer &#8216;un <strong>Vitor Roque<\/strong>&#8216;, puesto que ya ha actuado esta temporada con dos clubes diferentes, por lo que podr\u00eda ser inscrito en enero por otro, pero, para contar con permiso para desempe\u00f1ar su profesi\u00f3n, s\u00f3lo ser\u00eda factible en Ligas que arranquen este trimestre, como varias de <strong>Suram\u00e9rica<\/strong>, donde no est\u00e1 su futuro. El <strong>Olympiacos<\/strong>, que no tiene pensado renovar al espa\u00f1ol <strong>Dani Garc\u00eda<\/strong> a sus <strong>35 a\u00f1os<\/strong> y donde no est\u00e1 rindiendo <strong>Lorenzo Scipioni<\/strong> como se esperaba, medita vender al joven <strong>Christos Mouzakitis<\/strong>, de <strong>19 a\u00f1os<\/strong> y con un valor de mercado seg\u00fan &#8216;Transfermarkt&#8217; de <strong>25 millones<\/strong>, aprovechando parte de los beneficios y su amistad con <strong>Ayoub El Kaabi<\/strong> para convencer al b\u00e9tico.<\/p>\n<p><img decoding=\"async\" src=\"https:\/\/www.europesays.com\/es\/wp-content\/uploads\/2026\/01\/34acb9d6-4143-4c43-af98-10c69d108a7c_800x1000.jpeg\" loading=\"lazy\"\/>Ez Abde ya se entren\u00f3 este mi\u00e9rcoles y rebajan la preocupaci\u00f3n con Amrabat<\/p>\n<p class=\"parrafo\">Aunque ni \u00e9l ni otros cuatro compa\u00f1eros, entre ellos el titular\u00edsimo <strong>Nayef Aguerd<\/strong>, se ejercitaron el <strong>D\u00eda de Reyes<\/strong> al mismo ritmo que sus compa\u00f1eros, la mayor\u00eda fue por una simple gesti\u00f3n de cargas, aclaran a ESTADIO Deportivo desde la concentraci\u00f3n de la selecci\u00f3n de <strong>Marruecos<\/strong>, que este mi\u00e9rcoles celebraba una nueva sesi\u00f3n en <strong>Rabat<\/strong> ya con <strong>Ez Abde<\/strong> a pleno rendimiento. Las im\u00e1genes difundidas en los perfiles oficiales del combinado rojiverde segu\u00edan jugando un poco al despiste, tras un v\u00eddeo el lunes (el \u00faltimo donde se le vio) en el que <strong>Sofyan Amrabat<\/strong> realizaba en el gimnasio ejercicios de fuerza con pesas y de equilibrio, sin aparentes heridas ni vendajes en el tobillo derecho. S\u00ed jug\u00f3 el de <strong>Huizen <\/strong>con las famosas &#8216;kinesiotapes&#8217; en los dos primeros partidos de la fase de grupos de la <strong>Copa de \u00c1frica<\/strong> para evitar secuelas tras <a href=\"https:\/\/www.estadiodeportivo.com\/futbol\/betis\/surrealista-amrabat-isco-lesionan-mutuamente-nada-mas-empezar-peligran-para-derbi-20251127-521846.html\" target=\"_blank\" class=\"intext-link\" rel=\"nofollow noopener\">el desgraciado choque de tibias con Isco Alarc\u00f3n del pasado 27 de noviembre ante el FC Utrecht<\/a>, que ha costado al costasole\u00f1o una nueva intervenci\u00f3n, esta vez una artroscopia en el tobillo derecho, que podr\u00eda retrasar su vuelta a los terrenos de juego hasta finales de febrero o mediados de marzo.<\/p>\n<p><a class=\"elementos-rel-t2\" href=\"https:\/\/www.estadiodeportivo.com\/futbol\/betis\/sofyan-amrabat-una-preocupacion-que-cesa-betis-20260106-525754.html\" title=\"Sofyan Amrabat, una preocupaci\u00f3n que no cesa en el Betis\" rel=\"nofollow noopener\" target=\"_blank\"><\/p>\n<p class=\"titular titulo-4\">Sofyan Amrabat, una preocupaci\u00f3n que no cesa en el Betis<\/p>\n<p><img decoding=\"async\" src=\"https:\/\/www.europesays.com\/es\/wp-content\/uploads\/2026\/01\/d25cbd84-bfd4-46a1-8bba-11fb2f0baec0_320x180.jpeg\" alt=\"Sofyan Amrabat, una preocupaci\u00f3n que no cesa en el Betis\"\/><\/a><a class=\"elementos-rel-t2\" href=\"https:\/\/www.estadiodeportivo.com\/futbol\/betis\/culpan-amrabat-romper-fichaje-karouani-turquia-20260102-525485.html\" title=\"Culpan a Amrabat de romper el fichaje de El Karouani en Turqu\u00eda\" rel=\"nofollow noopener\" target=\"_blank\"><\/p>\n<p class=\"titular titulo-4\">Culpan a Amrabat de romper el fichaje de El Karouani en Turqu\u00eda<\/p>\n<p><img decoding=\"async\" src=\"https:\/\/www.europesays.com\/es\/wp-content\/uploads\/2026\/01\/abd59e6e-d20a-44be-8e6f-657692cf6d3d_320x180.jpeg\" alt=\"Culpan a Amrabat de romper el fichaje de El Karouani en Turqu\u00eda\"\/><\/a><\/p>\n<p class=\"parrafo\">Con todo, fuentes de toda solvencia aclaran a este peri\u00f3dico que la lesi\u00f3n del pivote, si bien ha seguido un recorrido similar, no es tan grave. Con billete y medio para la clasificaci\u00f3n para las eliminatorias en el bolsillo, <strong>Walid Regragui<\/strong> le habr\u00eda descanso en el tercer partido ante <strong>Zambia<\/strong> y en los octavos de final frente a <strong>Tanzania<\/strong> ante la fragilidad de los rivales, si bien este \u00faltimo se atragant\u00f3 un poco m\u00e1s. Hay que recordar que <strong>Sofyan Amrabat<\/strong> no sufri\u00f3 una herida en la tibia, como s\u00ed se le origin\u00f3 a su compa\u00f1ero, sino un hematoma, raz\u00f3n por la que medit\u00f3 infiltrarse y forzar en <strong>El Gran Derbi<\/strong> y el siguiente encuentro frente al <strong>FC Barcelona<\/strong>, aunque se descart\u00f3 enseguida. Luego, como el &#8217;22&#8217;, sinti\u00f3 un dolor en el tobillo derecho, en principio sin la misma afectaci\u00f3n del cart\u00edlago. Aunque hay quien alude a razones estrictamente t\u00e9cnicas, la realidad es que el mediocampista no est\u00e1 en plenitud, pero s\u00ed bastante mejor y no corre riesgo de empeorar. En el <strong>Real Betis<\/strong> est\u00e1n en permanente contacto con \u00e9l y con los m\u00e9dicos de <strong>Marruecos<\/strong>, que le marcan las pautas y, en cierta forma, le frenan para que no acelere antes de tiempo, aunque casi todas las apuestas le colocan como titular este viernes a las <strong>22:00 horas<\/strong> ante <strong>Camer\u00fan<\/strong> en los cuartos de la <strong>AFCON 2025<\/strong>.<\/p>\n","protected":false},"excerpt":{"rendered":"El Olympiacos a\u00f1ade al de Huizen, sin minutos en los dos \u00faltimos partidos de su selecci\u00f3n por unas&hellip;\n","protected":false},"author":2,"featured_media":328573,"comment_status":"","ping_status":"","sticky":false,"template":"","format":"standard","meta":{"footnotes":""},"categories":[268],"tags":[168,25,24,284,24503,285,280,282,53201,39075,286,281,23,167],"class_list":{"0":"post-328572","1":"post","2":"type-post","3":"status-publish","4":"format-standard","5":"has-post-thumbnail","7":"category-futbol","8":"tag-deportes","9":"tag-es","10":"tag-espana","11":"tag-estadio-deportivo","12":"tag-fenerbahce","13":"tag-fichajes","14":"tag-football","15":"tag-futbol","16":"tag-mendilibar","17":"tag-olympiacos","18":"tag-real-betis-balompie","19":"tag-soccer","20":"tag-spain","21":"tag-sports"},"share_on_mastodon":{"url":"https:\/\/pubeurope.com\/@es\/115856328929170538","error":""},"_links":{"self":[{"href":"https:\/\/www.europesays.com\/es\/wp-json\/wp\/v2\/posts\/328572","targetHints":{"allow":["GET"]}}],"collection":[{"href":"https:\/\/www.europesays.com\/es\/wp-json\/wp\/v2\/posts"}],"about":[{"href":"https:\/\/www.europesays.com\/es\/wp-json\/wp\/v2\/types\/post"}],"author":[{"embeddable":true,"href":"https:\/\/www.europesays.com\/es\/wp-json\/wp\/v2\/users\/2"}],"replies":[{"embeddable":true,"href":"https:\/\/www.europesays.com\/es\/wp-json\/wp\/v2\/comments?post=328572"}],"version-history":[{"count":0,"href":"https:\/\/www.europesays.com\/es\/wp-json\/wp\/v2\/posts\/328572\/revisions"}],"wp:featuredmedia":[{"embeddable":true,"href":"https:\/\/www.europesays.com\/es\/wp-json\/wp\/v2\/media\/328573"}],"wp:attachment":[{"href":"https:\/\/www.europesays.com\/es\/wp-json\/wp\/v2\/media?parent=328572"}],"wp:term":[{"taxonomy":"category","embeddable":true,"href":"https:\/\/www.europesays.com\/es\/wp-json\/wp\/v2\/categories?post=328572"},{"taxonomy":"post_tag","embeddable":true,"href":"https:\/\/www.europesays.com\/es\/wp-json\/wp\/v2\/tags?post=328572"}],"curies":[{"name":"wp","href":"https:\/\/api.w.org\/{rel}","templated":true}]}}