{"id":328576,"date":"2026-01-07T23:10:07","date_gmt":"2026-01-07T23:10:07","guid":{"rendered":"https:\/\/www.europesays.com\/es\/328576\/"},"modified":"2026-01-07T23:10:07","modified_gmt":"2026-01-07T23:10:07","slug":"el-hormiguero-kira-miro-desvela-las-atrevidas-proposiciones-que-ha-recibido-a-raiz-de-su-personaje-en-machos-alfa-me-dicen-que","status":"publish","type":"post","link":"https:\/\/www.europesays.com\/es\/328576\/","title":{"rendered":"El Hormiguero: Kira Mir\u00f3 desvela las atrevidas proposiciones que ha recibido a ra\u00edz de su personaje en \u2018Machos alfa\u2019: \u00abMe dicen que\u2026\u00bb"},"content":{"rendered":"<p style=\"padding-left: 0px;\"><strong>&#8216;El Hormiguero&#8217;<\/strong> se desped\u00eda temporalmente de los telespectadores el pasado 18 de diciembre con <a href=\"https:\/\/www.abc.es\/play\/television\/noticias\/arguinano-20251218223525-nt.html\" target=\"_self\" data-voc-vtm-id=\"in-text-traffic\" title=\"la visita de Karlos Argui\u00f1ano\" data-mrf-link=\"www.abc.es\" rel=\"nofollow noopener\">la visita de Karlos Argui\u00f1ano<\/a>. Tras las vacaciones navide\u00f1as, <strong>Pablo Motos<\/strong> y su equipo regresaron a la parrilla este mi\u00e9rcoles 7 de enero. Las encargadas de inaugurar  &#8230; el 2026 en el programa de las hormigas fueron Las actrices <a href=\"https:\/\/www.abc.es\/gente\/relacion-kira-miro-salva-reina-como-conocieron-planes-boda-parejas-20260107120330-nt.html\" target=\"_self\" data-voc-vtm-id=\"in-text-traffic\" title=\"Kira Mir\u00f3\" data-mrf-link=\"www.abc.es\" rel=\"nofollow noopener\">Kira Mir\u00f3<\/a>, <a href=\"https:\/\/www.abc.es\/gente\/vida-personal-maria-hervas-supuesto-romance-dani-20260107203000-nt.html\" target=\"_self\" data-voc-vtm-id=\"in-text-traffic\" title=\"Mar\u00eda Herv\u00e1s\" data-mrf-link=\"www.abc.es\" rel=\"nofollow noopener\">Mar\u00eda Herv\u00e1s<\/a> y <a href=\"https:\/\/www.abc.es\/gente\/vida-personal-raquel-guerrero-trabajo-relacion-pablo-20260107201500-nt.html\" target=\"_self\" data-voc-vtm-id=\"in-text-traffic\" title=\"Raquel Guerrero\" data-mrf-link=\"www.abc.es\" rel=\"nofollow noopener\">Raquel Guerrero<\/a>, tres de las protagonistas de <strong>&#8216;Machos alfa&#8217;<\/strong>. Y es que l<a href=\"https:\/\/www.abc.es\/gente\/trailer-cuarta-temporada-machos-alfa-virilidad-paternidad-20251211161802-vi.html\" target=\"_self\" data-voc-vtm-id=\"in-text-traffic\" title=\"a cuarta temporada de la exitosa comedia espa\u00f1ola de Netflix\" data-mrf-link=\"www.abc.es\" rel=\"nofollow noopener\">a cuarta temporada de la exitosa comedia espa\u00f1ola de Netflix<\/a> est\u00e1 al caer: se estrena el viernes 9 de enero. <\/p>\n<p style=\"padding-left: 0px;\" class=\"voc-p\">La ficci\u00f3n se ha convertido en un fen\u00f3meno mundial. Tanto es as\u00ed que las int\u00e9rpretes le contaron a Motos todas las veces que las han reconocido fuera de Espa\u00f1a. A <strong>Kira Mir\u00f3<\/strong> le ocurri\u00f3 en el aeropuerto de Brasil. \u00abFue como \u2018wow\u2019, ha traspasado fronteras\u00bb, coment\u00f3 la canarias. A <strong>Mar\u00eda Herv\u00e1s<\/strong> unos turistas argentinos le gritaron \u00ab\u2018\u00a1aguante \u2018<strong>Machos alfa&#8217;<\/strong>!\u2019\u00bb subiendo al Monte Fuji y tambi\u00e9n ha notado que en Atenas la ven mucho. Y a <strong>Raquel Guerrero<\/strong> se le acercaron unos australianos en Bali. <\/p>\n<p>\nUn picadero para los protagonistas de &#8216;Machos alfa&#8217;\n<\/p>\n<p class=\"voc-p\" style=\"\">Las actrices adelantaron en <strong>\u2018El Hormiguero\u2019<\/strong> qu\u00e9 depara a los personajes de la serie la siguiente temporada. Pedro (<strong>Fernando Gil<\/strong>), Luis (<strong>Fele Mart\u00ednez<\/strong>), Ra\u00fal (<strong>Ra\u00fal Tej\u00f3n<\/strong>) y Santi (<strong>Gorka Otxoa<\/strong>) deciden coger un apartamento \u00aba modo de picadero\u00bb, seg\u00fan Guerrero. \u00abEs que est\u00e1n tan deconstruido que ahora les viene apeteciendo sentirse machos. Entonces, se pillan un piso entre los cuatro para poder campar a sus anchas y hacer \u2018machiruladas\u2019\u00bb, agreg\u00f3 Herv\u00e1s. <\/p>\n<p class=\"voc-p\" style=\"\">En cuanto a las chicas, Mir\u00f3 destac\u00f3 que lo mejor es que comparten muchos tiempo juntas. \u00abPara mi ha sido muy gustoso\u00bb, manifest\u00f3.<\/p>\n<p class=\"voc-p\" style=\"\">Adem\u00e1s de compartir an\u00e9cdotas del rodaje de esta temporada, cuyo traslado a Rep\u00fablica Dominicana ha dado mucho de s\u00ed, reflexionaron sobre relaciones. Y en un momento dado, Motos se interes\u00f3 por las bases de una pareja abierta, en funci\u00f3n del personaje que interpreta <strong>Kira Mir\u00f3<\/strong>. \u00abCada pareja es un mundo\u00bb, anot\u00f3 la actriz canaria antes de que Herv\u00e1s opinara que \u00abla mejor norma que se puede poner es cerrarla\u00bb. <\/p>\n<p class=\"voc-p\" style=\"\">El presentador les pregunt\u00f3 a las tres invitadas si manten\u00edan una pareja basada en el poliamor, algo que ninguna se plantea bajo ning\u00fan concepto. Sin embargo, a la pareja de <strong>Salva Reina<\/strong> alguna vez la han confundido con Luz en ese sentido y as\u00ed lo narr\u00f3 en <strong>\u2018El Hormiguero\u2019<\/strong>. \u00abMuchas personas me han escrito dici\u00e9ndome que por mi culpa han abierto su relaci\u00f3n y otras me dicen que si quiero entrar en ella\u00bb.<\/p>\n","protected":false},"excerpt":{"rendered":"&#8216;El Hormiguero&#8217; se desped\u00eda temporalmente de los telespectadores el pasado 18 de diciembre con la visita de Karlos&hellip;\n","protected":false},"author":2,"featured_media":328577,"comment_status":"","ping_status":"","sticky":false,"template":"","format":"standard","meta":{"footnotes":""},"categories":[171],"tags":[146,147,25,24,10716,10288,23,214],"class_list":{"0":"post-328576","1":"post","2":"type-post","3":"status-publish","4":"format-standard","5":"has-post-thumbnail","7":"category-tv","8":"tag-entertainment","9":"tag-entretenimiento","10":"tag-es","11":"tag-espana","12":"tag-kira","13":"tag-miro","14":"tag-spain","15":"tag-tv"},"share_on_mastodon":{"url":"https:\/\/pubeurope.com\/@es\/115856344676439611","error":""},"_links":{"self":[{"href":"https:\/\/www.europesays.com\/es\/wp-json\/wp\/v2\/posts\/328576","targetHints":{"allow":["GET"]}}],"collection":[{"href":"https:\/\/www.europesays.com\/es\/wp-json\/wp\/v2\/posts"}],"about":[{"href":"https:\/\/www.europesays.com\/es\/wp-json\/wp\/v2\/types\/post"}],"author":[{"embeddable":true,"href":"https:\/\/www.europesays.com\/es\/wp-json\/wp\/v2\/users\/2"}],"replies":[{"embeddable":true,"href":"https:\/\/www.europesays.com\/es\/wp-json\/wp\/v2\/comments?post=328576"}],"version-history":[{"count":0,"href":"https:\/\/www.europesays.com\/es\/wp-json\/wp\/v2\/posts\/328576\/revisions"}],"wp:featuredmedia":[{"embeddable":true,"href":"https:\/\/www.europesays.com\/es\/wp-json\/wp\/v2\/media\/328577"}],"wp:attachment":[{"href":"https:\/\/www.europesays.com\/es\/wp-json\/wp\/v2\/media?parent=328576"}],"wp:term":[{"taxonomy":"category","embeddable":true,"href":"https:\/\/www.europesays.com\/es\/wp-json\/wp\/v2\/categories?post=328576"},{"taxonomy":"post_tag","embeddable":true,"href":"https:\/\/www.europesays.com\/es\/wp-json\/wp\/v2\/tags?post=328576"}],"curies":[{"name":"wp","href":"https:\/\/api.w.org\/{rel}","templated":true}]}}