{"id":328578,"date":"2026-01-07T23:11:09","date_gmt":"2026-01-07T23:11:09","guid":{"rendered":"https:\/\/www.europesays.com\/es\/328578\/"},"modified":"2026-01-07T23:11:09","modified_gmt":"2026-01-07T23:11:09","slug":"nikki-sixx-motley-crue-odia-que-las-bandas-no-toquen-sus-temas-mas-exitosos-en-directo-y-recuerda-su-frustracion-con-david-bowie-nosotros-no-nos-cansamos-mariskalrock-com","status":"publish","type":"post","link":"https:\/\/www.europesays.com\/es\/328578\/","title":{"rendered":"Nikki Sixx (M\u00f6tley Cr\u00fce) odia que las bandas no toquen sus temas m\u00e1s exitosos en directo y recuerda su frustraci\u00f3n con David Bowie: \u201cNosotros no nos cansamos\u201d &#8211; MariskalRock.com"},"content":{"rendered":"<ol>\n<li><a href=\"https:\/\/news.google.com\/rss\/articles\/CBMimgJBVV95cUxQcjk2OUJLUloxaUk3WEZ4RENfMzVLYzN2akNsVU9pS29jd3ZHak9hY1lPWFFkVnJGbW9MYTJMWjJCVVNUY0lFYVdLUXdVakFZLW5QdmtHSVNON01HN01DZGxWLVNCR0JUMU1NQmZvWWhldllxZTVybE1RTnVOM2FaUmFHaTViMEc5c0s2RjFWajRjQXozSnhfVkw5S3ZTQzZLbmVLQXNuSi1VWXllWDhiV09FamFKamFFeUxrX05UUUlOVGlKWm9LaFFVRVVfMHJ5dVJEVF9Ia0NabnRWNXp4RGJ5REJXaUtWNU1kNmV1T2hKaTVBNHotVUVpbTR2X3l5Zjd6NGY4OEljRGpSamJjU0lVWG5MY2lIMXc?oc=5\" target=\"_blank\" rel=\"nofollow noopener\">Nikki Sixx (M\u00f6tley Cr\u00fce) odia que las bandas no toquen sus temas m\u00e1s exitosos en directo y recuerda su frustraci\u00f3n con David Bowie: \u201cNosotros no nos cansamos\u201d<\/a>&nbsp;&nbsp;MariskalRock.com<\/li>\n<li><a href=\"https:\/\/news.google.com\/rss\/articles\/CBMixgFBVV95cUxPWVhGVzBQdXdGbDFnbGJUU0ZST2twSms1N2RJMHFYdm9xVkN6TDc2eHhfM3FBak5GMFJqZi1WWnByeUNfVzZRaHZFVWV2cWU4d2dQdHRtUHFnNE5tb3RpOXhfRm5LVWllSDU3Uy1xMEVJajVSdDg0MllKRFFaTEJLRG5OQnFvTFNZRUNDVU9qaF84dExSWERQUTRPTkN6MnhuazNSc3dtS1hiaTVGd1ZwSXJOVFVURVlteGhNQVZLbXQ5bmZfNVHSAcsBQVVfeXFMTl95UWFMazVYM0JOZFl3SEc3MkVpaXQtalVMMTBNVnMwZlVHYV9mOC1UVEJmbmUwb3FUdDN1UUdIQUJocE4xdTByUkJzcDRmci1kUGEwMjJQRldiekt1V29Ud2Uxa2VZRUZranlGOXNUUVUxemE0R3VfZVlqSHFKNmphdE9WREE2VFppaXlTV0NhSUhCT0szb2JISVY4VWpZd3lYVVNjNE5WdFJjUHJMbHRtV0pHLXhvTG1YbHlJUlpvS2Z3UnBMU3dEZm8?oc=5\" target=\"_blank\" rel=\"nofollow noopener\">Nikki Sixx promete una gira legendaria de M\u00f6tley Cr\u00fce este 2026: \u00abVa a ser el siguiente nivel\u00bb<\/a>&nbsp;&nbsp;RockFM<\/li>\n<li><a href=\"https:\/\/news.google.com\/rss\/articles\/CBMi1gFBVV95cUxOTUtISlN5RDBVMEJSNnNfM2JsSjY2Y0t1ajFPQWZURVB0eDcwSjVodk1XaHJWRWlwWktVRjVBV2R3S1ItcHZ5NUxsWkc4YmdQVVdKbUV3d2VRSW5tZ0VzbDJocFhtM0ZXaGxNNXM4ZzI2NmNpenNNNHFTMkVzT0NKbUFrT1l2VWVSWWVIWE91eDRJd1YzODZrWHF3Y2ZwdnlfVFdReXBHeTdrYzZObXIzcC1LZjNHX21DY1hPODV0bm1fYlQ5aklHbksxM09FQ0ZQY3VhSnBB?oc=5\" target=\"_blank\" rel=\"nofollow noopener\">NIKKI SIXX: \u00abHabl\u00e9 con varias bandas para juntarlas y venir con M\u00d6TLEY CR\u00dcE en la gira de 2026 pero su ego lo estropeo\u2019 \u2013 METALEGUN<\/a>&nbsp;&nbsp;METALEGUN<\/li>\n<li><a href=\"https:\/\/news.google.com\/rss\/articles\/CBMi0AFBVV95cUxOdzM5Sm1BOGd4U0NrQkc5R3RMN2FKeE9ZLXhBU2tGVWkxc3hfZWV0QklmV0RTZ05rWkhGbWRTOUszRXFhM01XWHFMVUlhQ0psalQ1azNtZmU1bHVPY3lxSkpsTEpxa3RWQkNKR0FTQ1BGNEhuZGpMTlFWMkNNc0VuaUlSYW5BbTgzaTRvTlBKT0Jnc1YtcDhhS25TdEhsNWtCLUdMcE9ZRjh1Wl9FRjYzdHl3RF9OSVVOTFAwWGl6am43OTQzaXhBcEdsWUk2a2J40gHWAUFVX3lxTE96V181cG0waU5GYTI0WklHcjBmRWlrWWhwanZBaFhHN0dlWFcwVnZrWDdQQlNTTW9wT0puZHZSSmx2QlMtQUhVZGFMWVhRSkN3S0UwQXRxekxoMVg4OGE0cVN5VUx3ZkRXYTdKQkFSRmZZVlB4UEY3R3Nnb0E3aF8tdkNfaWh1MWpEc2FmbW9rMU9jMklCNTdyeHhJdjJyZ0d3YUVQbTdvZjQ3TVJwSFhteDZXMG1TTThFbUZVZ2RDQ2NYcW5uZEhHUEZtUnVBdlZOOHhyTlE?oc=5\" target=\"_blank\" rel=\"nofollow noopener\">Nikki Sixx (M\u00f6tley Cr\u00fce) atiza a las bandas con \u00abego\u00bb que rechazaron su gira y se rinde a Extreme y Tesla<\/a>&nbsp;&nbsp;RockFM<\/li>\n<li><a href=\"https:\/\/news.google.com\/rss\/articles\/CBMiqgFBVV95cUxQZHFYOWpSY0VFS2xkVVBhaDl5QzQydHNfc2tOSFZYSDB2QUJfcWJIRnJ3aHNiN0FxN0VKZXpvVWdQMl85SDQzdjlZWl96aTFBdk5pMlFXaDd4M3dmRlp2RW1pMmhnTUtaZWdpSW0tdTNqSVRGbVgzTkxZMUcwcUpwTHV4SHdJb0Y0U1A1eDE1TGM0ek1CaDNMeklYT2ZuTVZ6WmRMdGNva1E0UQ?oc=5\" target=\"_blank\" rel=\"nofollow noopener\">Nikki Sixx dice que la gira de M\u00f6tley Cr\u00fce de 2026 ser\u00e1 \u201cde otro nivel\u201d<\/a>&nbsp;&nbsp;MariskalRock.com<\/li>\n<\/ol>\n","protected":false},"excerpt":{"rendered":"Nikki Sixx (M\u00f6tley Cr\u00fce) odia que las bandas no toquen sus temas m\u00e1s exitosos en directo y recuerda&hellip;\n","protected":false},"author":2,"featured_media":317962,"comment_status":"","ping_status":"","sticky":false,"template":"","format":"standard","meta":{"footnotes":""},"categories":[170],"tags":[75862,21695,146,147,25,24,39948,35836,4622,184,185,65568,23,12336,75863],"class_list":{"0":"post-328578","1":"post","2":"type-post","3":"status-publish","4":"format-standard","5":"has-post-thumbnail","7":"category-musica","8":"tag-carnival-of-sins","9":"tag-david-bowie","10":"tag-entertainment","11":"tag-entretenimiento","12":"tag-es","13":"tag-espana","14":"tag-extreme","15":"tag-motley-crue","16":"tag-mr2022","17":"tag-music","18":"tag-musica","19":"tag-nikki-sixx","20":"tag-spain","21":"tag-tesla","22":"tag-the-return-of-the-carnival-of-sins"},"share_on_mastodon":{"url":"https:\/\/pubeurope.com\/@es\/115856348634946111","error":""},"_links":{"self":[{"href":"https:\/\/www.europesays.com\/es\/wp-json\/wp\/v2\/posts\/328578","targetHints":{"allow":["GET"]}}],"collection":[{"href":"https:\/\/www.europesays.com\/es\/wp-json\/wp\/v2\/posts"}],"about":[{"href":"https:\/\/www.europesays.com\/es\/wp-json\/wp\/v2\/types\/post"}],"author":[{"embeddable":true,"href":"https:\/\/www.europesays.com\/es\/wp-json\/wp\/v2\/users\/2"}],"replies":[{"embeddable":true,"href":"https:\/\/www.europesays.com\/es\/wp-json\/wp\/v2\/comments?post=328578"}],"version-history":[{"count":0,"href":"https:\/\/www.europesays.com\/es\/wp-json\/wp\/v2\/posts\/328578\/revisions"}],"wp:featuredmedia":[{"embeddable":true,"href":"https:\/\/www.europesays.com\/es\/wp-json\/wp\/v2\/media\/317962"}],"wp:attachment":[{"href":"https:\/\/www.europesays.com\/es\/wp-json\/wp\/v2\/media?parent=328578"}],"wp:term":[{"taxonomy":"category","embeddable":true,"href":"https:\/\/www.europesays.com\/es\/wp-json\/wp\/v2\/categories?post=328578"},{"taxonomy":"post_tag","embeddable":true,"href":"https:\/\/www.europesays.com\/es\/wp-json\/wp\/v2\/tags?post=328578"}],"curies":[{"name":"wp","href":"https:\/\/api.w.org\/{rel}","templated":true}]}}