{"id":328585,"date":"2026-01-07T23:15:13","date_gmt":"2026-01-07T23:15:13","guid":{"rendered":"https:\/\/www.europesays.com\/es\/328585\/"},"modified":"2026-01-07T23:15:13","modified_gmt":"2026-01-07T23:15:13","slug":"lo-buscabamos-desde-hace-tiempo","status":"publish","type":"post","link":"https:\/\/www.europesays.com\/es\/328585\/","title":{"rendered":"Lo busc\u00e1bamos desde hace tiempo"},"content":{"rendered":"<p><img loading=\"lazy\" decoding=\"async\" src=\"https:\/\/www.europesays.com\/es\/wp-content\/uploads\/2025\/12\/100x100_informalia-logo.jpg\" itemtype=\"\/\/schema.org\/ImageObject\" itemprop=\"url\" alt=\"Informalia\" width=\"64\" height=\"64\" pinger-seen=\"true\"\/><\/p>\n<p><b>Con el mar a sus espaldas, abrazado a Alexia Pla (37) y luciendo una gorra en la que se le\u00eda, en ingl\u00e9s, \u00abpap\u00e1\u00bb<\/b>. <a href=\"https:\/\/www.eleconomista.es\/informalia\/famosos\/noticias\/13711533\/01\/26\/el-ano-extrano-de-joaquin-prat-de-la-felicidad-de-ser-padre-de-nuevo-a-su-incierto-futuro-laboral.html\" title=\"El a\u00f1o extra\u00f1o de Joaqu\u00edn Prat: de la felicidad de ser padre de nuevo a su incierto futuro laboral\" rel=\"nofollow noopener\" target=\"_blank\">As\u00ed anunci\u00f3 Joaqu\u00edn Prat (50) la pasada semana su futura paternidad junto a su novia<\/a>, la enfermera valenciana Alexia Pla. Este mi\u00e9rcoles, en su vuelta al trabajo tras las vacaciones de Navidad, el presentador ha hablado por primera vez de la nueva e ilusionante etapa con la que da la bienvenida al 2026.<\/p>\n<p>\u00ab<b>Nos sentimos bendecidos, es un ni\u00f1o&#8230; o ni\u00f1a, muy deseado<\/b>,<b> <\/b>que lo llevamos buscando desde hace tiempo y la mam\u00e1 est\u00e1 perfecta y la peque o el peque tambi\u00e9n\u00bb, ha afirmado el periodista en conversaci\u00f3n con Patricia Pardo, horas antes de arrancar la emisi\u00f3n de El tiempo justo. Este ser\u00e1 el primer hijo en com\u00fan de Prat con la empresaria valenciana. En 2014, ya fue padre de un ni\u00f1o fruto de su matrimonio con Yolanda Bravo.<\/p>\n<p>                            <img decoding=\"async\" src=\"https:\/\/www.europesays.com\/es\/wp-content\/uploads\/2026\/01\/770x_609945038_18548963170018775_6436736824993273794_n.jpg\" loading=\"lazy\"\/><\/p>\n<p>La historia de amor con Alexia Pla<b> comenz\u00f3 en verano de 2022<\/b>, despu\u00e9s de que el periodista se separara, como se conoci\u00f3 a mediados de ese mismo a\u00f1o, de la madre de su \u00fanico hijo. Desde entonces, el presentador no ha ocultado su intenci\u00f3n de ser padre de nuevo. Pla, por su parte, es enfermera y empresaria propietaria de varias cl\u00ednicas est\u00e9ticas en la Comunidad Valenciana, su tierra natal.<\/p>\n<p>Incertidumbre laboral<\/p>\n<p>Pero no todo son certezas en el horizonte de Joaqu\u00edn Prat. El presentador, <a href=\"https:\/\/www.eleconomista.es\/informalia\/famosos\/noticias\/13711533\/01\/26\/el-ano-extrano-de-joaquin-prat-de-la-felicidad-de-ser-padre-de-nuevo-a-su-incierto-futuro-laboral.html\" title=\"El a\u00f1o extra\u00f1o de Joaqu\u00edn Prat: de la felicidad de ser padre de nuevo a su incierto futuro laboral\" rel=\"nofollow noopener\" target=\"_blank\">como ya contamos<\/a>, se encuentra actualmente al frente de El tiempo justo (Telecinco), <a href=\"https:\/\/www.eleconomista.es\/informalia\/television\/noticias\/13658064\/11\/25\/arantxa-del-sol-y-pelayo-diaz-fuera-de-el-tiempo-justo-de-joaquin-prat.html\" rel=\"nofollow noopener\" target=\"_blank\">un formato que lleg\u00f3 en septiembre como una de las nuevas apuestas de la cadena<\/a>, pero que no ha terminado de cuajar en audiencias y <a href=\"https:\/\/www.eleconomista.es\/informalia\/television\/noticias\/13701310\/12\/25\/la-novia-de-santi-acosta-despedida-de-el-tiempo-justo-maria-ruiz-no-renueva-en-el-programa-de-joaquin-prat.html\" rel=\"nofollow noopener\" target=\"_blank\">cuyo contrato expira el pr\u00f3ximo mes de junio<\/a>. A d\u00eda de hoy, <b>su continuidad en Mediaset est\u00e1 en el aire<\/b> y no se descarta un posible cambio de cadena.<\/p>\n<p>WhatsApp<a href=\"https:\/\/api.whatsapp.com\/send?text=https:\/\/www.eleconomista.es\/informalia\/famosos\/noticias\/13717283\/01\/26\/patricia-pardo-felicita-a-joaquin-prat-tras-anunciar-su-embarazo-con-alexia-pla-lo-buscabamos-desde-hace-tiempo.html?utm_source%3Dwhatsapp%26utm_medium%3Dshare_button&amp;id=1648118629957_whatsapp\" target=\"_blank\" data-action=\"share\/whatsapp\/share\" aria-label=\"Compartir en Whatsapp\" rel=\"nofollow noopener\"><\/a>Facebook<a id=\"fb-share\" href=\"#\" target=\"_blank\" rel=\"noopener noreferrer\" aria-label=\"Compartir en Facebook\"><\/a>Twitter<a href=\"https:\/\/twitter.com\/share?text=Patricia+Pardo+felicita+a+Joaqu%C3%ADn+Prat+tras+anunciar+su+embarazo+con+Alexia+Pla%3A+%22Lo+busc%C3%A1bamos+desde+hace+tiempo%22&amp;url=https:\/\/www.eleconomista.es\/informalia\/famosos\/noticias\/13717283\/01\/26\/patricia-pardo-felicita-a-joaquin-prat-tras-anunciar-su-embarazo-con-alexia-pla-lo-buscabamos-desde-hace-tiempo.html&amp;via=Informalia&amp;id=1648118839245_twitter\" target=\"_blank\" aria-label=\"Compartir en Twitter\" rel=\"nofollow noopener\"><\/a>Linkedin<a onclick=\"return abrirLinkedin();\" href=\"https:\/\/www.linkedin.com\/shareArticle?text=Patricia+Pardo+felicita+a+Joaqu%C3%ADn+Prat+tras+anunciar+su+embarazo+con+Alexia+Pla%3A+%22Lo+busc%C3%A1bamos+desde+hace+tiempo%22&amp;url=https:\/\/www.eleconomista.es\/informalia\/famosos\/noticias\/13717283\/01\/26\/patricia-pardo-felicita-a-joaquin-prat-tras-anunciar-su-embarazo-con-alexia-pla-lo-buscabamos-desde-hace-tiempo.html&amp;mini=true\" target=\"_blank\" aria-label=\"Compartir en linkedin\" rel=\"nofollow noopener\"><\/a>Beloud<a href=\"https:\/\/beloud.com\/share?text=Patricia+Pardo+felicita+a+Joaqu%C3%ADn+Prat+tras+anunciar+su+embarazo+con+Alexia+Pla%3A+%22Lo+busc%C3%A1bamos+desde+hace+tiempo%22&amp;url=https:\/\/www.eleconomista.es\/informalia\/famosos\/noticias\/13717283\/01\/26\/patricia-pardo-felicita-a-joaquin-prat-tras-anunciar-su-embarazo-con-alexia-pla-lo-buscabamos-desde-hace-tiempo.html&amp;via=Informalia&amp;id=1648118839245_beloud\" target=\"_blank\" aria-label=\"Compartir en beloud\" rel=\"nofollow noopener\"><\/a>Bluesky<a href=\"https:\/\/bsky.app\/intent\/compose?text=https:\/\/bsky.app\/intent\/compose?text=https:\/\/www.eleconomista.es\/informalia\/famosos\/noticias\/13717283\/01\/26\/patricia-pardo-felicita-a-joaquin-prat-tras-anunciar-su-embarazo-con-alexia-pla-lo-buscabamos-desde-hace-tiempo.html&amp;url=https:\/\/www.eleconomista.es\/informalia\/famosos\/noticias\/13717283\/01\/26\/patricia-pardo-felicita-a-joaquin-prat-tras-anunciar-su-embarazo-con-alexia-pla-lo-buscabamos-desde-hace-tiempo.html&amp;via=elEconomistaes&amp;id=1648118839245_bluesky\" target=\"_blank\" aria-label=\"Compartir en bluesky\" rel=\"nofollow noopener\"><\/a><\/p>\n<p><script async src=\"https:\/\/platform.twitter.com\/widgets.js\" charset=\"utf-8\"><\/script><\/p>\n","protected":false},"excerpt":{"rendered":"Con el mar a sus espaldas, abrazado a Alexia Pla (37) y luciendo una gorra en la que&hellip;\n","protected":false},"author":2,"featured_media":328586,"comment_status":"","ping_status":"","sticky":false,"template":"","format":"standard","meta":{"footnotes":""},"categories":[91],"tags":[146,147,25,24,260,23],"class_list":{"0":"post-328585","1":"post","2":"type-post","3":"status-publish","4":"format-standard","5":"has-post-thumbnail","7":"category-entretenimiento","8":"tag-entertainment","9":"tag-entretenimiento","10":"tag-es","11":"tag-espana","12":"tag-gente","13":"tag-spain"},"share_on_mastodon":{"url":"https:\/\/pubeurope.com\/@es\/115856364281888080","error":""},"_links":{"self":[{"href":"https:\/\/www.europesays.com\/es\/wp-json\/wp\/v2\/posts\/328585","targetHints":{"allow":["GET"]}}],"collection":[{"href":"https:\/\/www.europesays.com\/es\/wp-json\/wp\/v2\/posts"}],"about":[{"href":"https:\/\/www.europesays.com\/es\/wp-json\/wp\/v2\/types\/post"}],"author":[{"embeddable":true,"href":"https:\/\/www.europesays.com\/es\/wp-json\/wp\/v2\/users\/2"}],"replies":[{"embeddable":true,"href":"https:\/\/www.europesays.com\/es\/wp-json\/wp\/v2\/comments?post=328585"}],"version-history":[{"count":0,"href":"https:\/\/www.europesays.com\/es\/wp-json\/wp\/v2\/posts\/328585\/revisions"}],"wp:featuredmedia":[{"embeddable":true,"href":"https:\/\/www.europesays.com\/es\/wp-json\/wp\/v2\/media\/328586"}],"wp:attachment":[{"href":"https:\/\/www.europesays.com\/es\/wp-json\/wp\/v2\/media?parent=328585"}],"wp:term":[{"taxonomy":"category","embeddable":true,"href":"https:\/\/www.europesays.com\/es\/wp-json\/wp\/v2\/categories?post=328585"},{"taxonomy":"post_tag","embeddable":true,"href":"https:\/\/www.europesays.com\/es\/wp-json\/wp\/v2\/tags?post=328585"}],"curies":[{"name":"wp","href":"https:\/\/api.w.org\/{rel}","templated":true}]}}