{"id":328597,"date":"2026-01-07T23:25:09","date_gmt":"2026-01-07T23:25:09","guid":{"rendered":"https:\/\/www.europesays.com\/es\/328597\/"},"modified":"2026-01-07T23:25:09","modified_gmt":"2026-01-07T23:25:09","slug":"suiza-se-enamora-de-la-united-cup","status":"publish","type":"post","link":"https:\/\/www.europesays.com\/es\/328597\/","title":{"rendered":"Suiza se enamora de la United Cup"},"content":{"rendered":"<p class=\"quota-display text-align-center\">\n        <a href=\"https:\/\/www.puntodebreak.com\/MDBA-B3-PDB-QUOTA-25\" rel=\"sponsored nofollow noopener\" title=\"Apuesta en bet365\" target=\"_blank\"><\/p>\n<p>            <img decoding=\"async\" alt=\"Bet365\" class=\"bet-logo lazyload\" loading=\"lazy\" src=\"https:\/\/www.europesays.com\/es\/wp-content\/uploads\/2026\/01\/b365.jpg\"\/>Streaming ATP Hong Kong en directo<\/p>\n<p> \ud83c\udfbe Alexandre Muller vs Marcos Giron<\/p>\n<ol class=\"stream-card__steps\">\n<li>Entra aqu\u00ed y reg\u00edstrate en Bet365<\/li>\n<li>Haz tu primer dep\u00f3sito de m\u00ednimo 5\u00a0\u20ac<\/li>\n<li>Entra en la secci\u00f3n \u00abDirecto\u00bb y ve todos los partidos<\/li>\n<\/ol>\n<p>\n                                Ver partido en Bet365\n                            <\/p>\n<p>        <\/a>\n      <\/p>\n<p class=\"text-align-justify\">Antes de que nuestro subconsciente nos haga caer en el error es importante recordar que <b>Suiza<\/b> jam\u00e1s ha ganado <a href=\"https:\/\/www.puntodebreak.com\/tenis\/united-cup-2026\" rel=\"nofollow noopener\" target=\"_blank\"><b>United Cup<\/b><\/a>. No han tenido tiempo, aunque es verdad que el equipo no siempre acompa\u00f1\u00f3. \u00bfLlegar\u00e1 su gran conquista en 2026?<\/p>\n<p class=\"text-align-justify\">Esto es lo que muchos empiezan a pensar despu\u00e9s de ver el rendimiento que <b>Belinda Bencic<\/b> y <b>Stan Wawrinka<\/b> est\u00e1n mostrando esta semana por tierras australianas. Un equipo que cuenta con mucho nivel, buena experiencia e incluso un tercer espada de lujo como <b>Jakub Paul<\/b>, jugador de 26 a\u00f1os que est\u00e1 cuajando un gran papel cada vez que toca sellar una eliminatoria en el partido de doble mixto. Lo importante es que hay conexi\u00f3n y las victorias caen por su propio peso, as\u00ed que toca hablar de ellos.<\/p>\n<p class=\"text-align-justify\">De momento, todo lo que han competido han sido victorias, imposible de otra forma llegar hasta semifinales de este primer evento por equipos del curso. Primero dentro del grupo, derrotando por 3-0 a Francia y 2-1 a Italia. En tercer lugar, este mi\u00e9rcoles les vimos superando por un marcador de 2-1 a Argentina, el paso definitivo para colarse entre los cuatro mejores del cuadro. Por supuesto, sin la figura de Belinda Bencic hubiera sido extremadamente complicado recoger tanta gloria.<\/p>\n<p class=\"text-align-justify\">\u201cEs una gran sensaci\u00f3n empezar as\u00ed de bien la temporada, es lo que una espera despu\u00e9s de c\u00f3mo termin\u00e9 la pasada temporada, para m\u00ed es vital mantener este pulso\u201d, afirma la de Flawil, quien qued\u00f3 a un suspiro de cerrar el 2025 dentro del top10. \u00abMe genera mucha confianza salir tan fuerte de cada partido, adem\u00e1s antes del Open de Australia, lo cual es muy importante. Ahora toca centrarnos en la pr\u00f3xima eliminatoria en Sydney, ma\u00f1ana tenemos un d\u00eda de viaje, as\u00ed que ya veremos\u201d, a\u00f1adi\u00f3.<\/p>\n<p><img decoding=\"async\" alt=\"Suiza se mete en semifinales de la United Cup 2026. Fuente: Getty\" data-entity-type=\"file\" data-entity-uuid=\"b0f543f7-5b20-4852-81d9-b91c758e0605\" class=\"align-center lazyload\" width=\"661\" height=\"434\" loading=\"lazy\" src=\"https:\/\/www.europesays.com\/es\/wp-content\/uploads\/2026\/01\/Suiza-Sonr\u00ede-United-Cup-Bencic-Wawrinka-2026.png\"\/><\/p>\n<p class=\"text-align-justify\">\u00a0<\/p>\n<p class=\"text-align-justify\">Ella sabe perfectamente lo que significa representar a su pa\u00eds y darle los mayores \u00e9xitos. \u00bfQui\u00e9n no recuerda aquellas ediciones de la Hopman Cup 2018 y 2019 junto a Roger Federer? Imposible de olvidar para nosotros y mucho m\u00e1s para ella. \u201cEste torneo siempre me trae algunos de mis mejores recuerdos, es muy agradable volver aqu\u00ed y seguir jugando un gran tenis despu\u00e9s de tantos a\u00f1os. Me encantan los torneos de equipo, ya lo sab\u00e9is, siento que toda la gente me apoya y est\u00e1n emocionados por ello. Me gusta todo de aqu\u00ed, cada estadio y cada ambiente\u201d, reflexiona con nostalgia.<\/p>\n<p><b>Wawrinka, el arma secreta del equipo suizo en la United Cup<\/b><\/p>\n<p class=\"text-align-justify\">Al que seguro nadie esperaba ver tan competitivo es Stan Wawrinka, a sus 40 a\u00f1os y despu\u00e9s de anunciar que esta ser\u00e1 su \u00faltima temporada como profesional. De tres partidos individuales ha ganado dos, puede que no suene con mucha fuerza, pero no cualquiera tumba a Rinderknech y lleva al tiebreak del tercer set a Cobolli. \u00c9l se lo hizo y con su ayuda ha conseguido remar para que Suiza avance en la competici\u00f3n, aunque su estado f\u00edsico no le permita ayudar tanto como desea.<\/p>\n<p class=\"text-align-justify\">\u201cYa dije que no suelo jugar los dobles, el sue\u00f1o era jugar alguna vez con Belinda, aunque ya no soy tan joven. Ahora mismo, despu\u00e9s de un partido largo, se pone muy complicado para m\u00ed volver a saltar a pista para jugar un mixto. El primer d\u00eda tuve un partido de tres horas, as\u00ed que no tuve oportunidad alguna, aunque tampoco estoy pensando en si debo o no debo jugar. La belleza de este evento es que somos un equipo y podemos cambiar algunas piezas, hasta ahora soy muy feliz con los momentos que he pasado en el banquillo\u201d, reconoce el de Lausana.<\/p>\n<p class=\"text-align-justify\">Ahora el objetivo es disputar por \u00faltima vez el Open de Australia, aunque esto ya no depende de \u00e9l. \u201cSiempre me ha encantado viajar a Australia, siempre encuentro mucho apoyo, tengo recuerdos incre\u00edbles de este lugar. Estar\u00e9 encantado si finalmente recibo una invitaci\u00f3n, la gente ya sabe que este es mi \u00faltimo a\u00f1o, aunque tambi\u00e9n s\u00e9 que ahora mismo no estoy en el top100 y hay mucha gente por delante. La semana que viene estar\u00e9 en Auckland, donde s\u00ed he recibido una wildcard, as\u00ed que tampoco estoy muy preocupado por lo que pase en Melbourne\u201d, sentencia el campe\u00f3n de tres grandes.<\/p>\n","protected":false},"excerpt":{"rendered":"Streaming ATP Hong Kong en directo \ud83c\udfbe Alexandre Muller vs Marcos Giron Entra aqu\u00ed y reg\u00edstrate en Bet365&hellip;\n","protected":false},"author":2,"featured_media":328598,"comment_status":"","ping_status":"","sticky":false,"template":"","format":"standard","meta":{"footnotes":""},"categories":[274],"tags":[168,25,24,23,167,327,326],"class_list":{"0":"post-328597","1":"post","2":"type-post","3":"status-publish","4":"format-standard","5":"has-post-thumbnail","7":"category-tenis","8":"tag-deportes","9":"tag-es","10":"tag-espana","11":"tag-spain","12":"tag-sports","13":"tag-tenis","14":"tag-tennis"},"share_on_mastodon":{"url":"https:\/\/pubeurope.com\/@es\/115856403721183713","error":""},"_links":{"self":[{"href":"https:\/\/www.europesays.com\/es\/wp-json\/wp\/v2\/posts\/328597","targetHints":{"allow":["GET"]}}],"collection":[{"href":"https:\/\/www.europesays.com\/es\/wp-json\/wp\/v2\/posts"}],"about":[{"href":"https:\/\/www.europesays.com\/es\/wp-json\/wp\/v2\/types\/post"}],"author":[{"embeddable":true,"href":"https:\/\/www.europesays.com\/es\/wp-json\/wp\/v2\/users\/2"}],"replies":[{"embeddable":true,"href":"https:\/\/www.europesays.com\/es\/wp-json\/wp\/v2\/comments?post=328597"}],"version-history":[{"count":0,"href":"https:\/\/www.europesays.com\/es\/wp-json\/wp\/v2\/posts\/328597\/revisions"}],"wp:featuredmedia":[{"embeddable":true,"href":"https:\/\/www.europesays.com\/es\/wp-json\/wp\/v2\/media\/328598"}],"wp:attachment":[{"href":"https:\/\/www.europesays.com\/es\/wp-json\/wp\/v2\/media?parent=328597"}],"wp:term":[{"taxonomy":"category","embeddable":true,"href":"https:\/\/www.europesays.com\/es\/wp-json\/wp\/v2\/categories?post=328597"},{"taxonomy":"post_tag","embeddable":true,"href":"https:\/\/www.europesays.com\/es\/wp-json\/wp\/v2\/tags?post=328597"}],"curies":[{"name":"wp","href":"https:\/\/api.w.org\/{rel}","templated":true}]}}