{"id":328654,"date":"2026-01-08T00:05:18","date_gmt":"2026-01-08T00:05:18","guid":{"rendered":"https:\/\/www.europesays.com\/es\/328654\/"},"modified":"2026-01-08T00:05:18","modified_gmt":"2026-01-08T00:05:18","slug":"un-ano-cargado-de-grandes-exposiciones","status":"publish","type":"post","link":"https:\/\/www.europesays.com\/es\/328654\/","title":{"rendered":"Un a\u00f1o cargado de grandes exposiciones"},"content":{"rendered":"<p>Los museos y espacios patrimoniales barceloneses preparan una temporada de exposiciones con m\u00e1s de cuarenta propuestas, entre ellas las celebraciones del setecientos aniversario de Pedralbes.<\/p>\n<p>\u00a0<\/p>\n<p>Toma tu agenda y empieza a apuntar, porque el a\u00f1o llega cargado de grandes exposiciones que prometen un 2026 especialmente intenso desde el punto de vista cultural. Las muestras se suman a actividades que ya son un cl\u00e1sico en el calendario de los museos de la ciudad, entre ellas la <strong>Nit dels Museus<\/strong> (16 de mayo); <strong>Museu Endins <\/strong>(7 de marzo) o bien el ciclo <strong>Creaci\u00f3 i Museus<\/strong>, que pone en relaci\u00f3n museos y espacios patrimoniales con la programaci\u00f3n del Grec Festival de Barcelona (julio) y el <strong>Barcelona Dibuixa <\/strong>(17 y 18 de octubre).<\/p>\n<p>Entre las much\u00edsimas muestras que ver\u00e1s, estas son las m\u00e1s destacadas:<\/p>\n<p><strong>Arxiu Hist\u00f2ric de la Ciutat de Barcelona<\/strong><\/p>\n<p><strong>\u201cAgust\u00ed Duran i Sanpere. La cultura como servicio p\u00fablico\u201d <\/strong>(del 12 de marzo hasta el 30 de septiembre). Con motivo de los cincuenta a\u00f1os de la muerte de Agust\u00ed Duran i Sanpere, historiador, arque\u00f3logo y etn\u00f3grafo que fuera director del Instituto Municipal d\u2019Hist\u00f2ria de Barcelona.<\/p>\n<p>\u00a0<\/p>\n<p><strong>Arxiu Fotogr\u00e0fic de Barcelona<\/strong><\/p>\n<p><strong>\u201cLaboratorio daguerreot\u00edpico de la familia Blanxart\u201d <\/strong>(del 12 al 15 de febrero). Una microexposici\u00f3n que abre la serie El Visor, muestras de peque\u00f1o formato, que destacan piezas singulares de los fondos y colecciones del Arxiu Fotogr\u00e0fic de Barcelona, como estas muestras de fotograf\u00eda primitiva.\u00a0<\/p>\n<p><strong>\u201cBarcelona y el cielo: globos, aeroplanos y fotograf\u00eda\u201d <\/strong>(del 11 de junio al 1 de noviembre). Im\u00e1genes de la conquista del cielo urbano en Barcelona, desde el primer globo que hizo fotos de la ciudad desde el aire en 1888 hasta la fotogrametr\u00eda a\u00e9rea.<\/p>\n<p>\u201c<strong>Marta Povo. La po\u00e9tica de la luz\u201d <\/strong>(del 26 de noviembre de 2026 hasta el 23 de mayo del 2027). Sobre la obra art\u00edstica y de encargo de la fot\u00f3grafa de arquitectura, de interiorismo y de paisaje Marta Povo Audenis (Barcelona 1951).\u00a0<\/p>\n<p>\u00a0<\/p>\n<p><strong>Biblioteca P\u00fablica Ar\u00fas<\/strong><\/p>\n<p><strong>\u201cA\u00f1o Josep Llunas i Pujals \u2013 tip\u00f3grafo, periodista, librepensador y anarquista catal\u00e1n\u201d <\/strong>(hasta el 23 de enero)<strong>. <\/strong>Muestra dedicada a este destacado tip\u00f3grafo, periodista, poeta, librepensador y anarquista catal\u00e1n del siglo XIX.<\/p>\n<p>\u00a0<\/p>\n<p><strong>Centre d\u2019Art Contemporani Fabra i Coats<\/strong><\/p>\n<p><strong>\u201cComo piedras en las palmas, brasas y llama\u201d <\/strong>(del 7 de febrero al 21 de mayo). Exposici\u00f3n colectiva, comisariada por Chiara Cartuccia, sobre el entrelazamiento entre la destrucci\u00f3n y las historias de resistencia anticolonialista, el alzamiento, la revoluci\u00f3n y el radicalismo pol\u00edtico en todo el Mediterr\u00e1neo.<\/p>\n<p><strong>\u201cPatricia Esquivias\u201d <\/strong>(del 5 de mayo al 20 de septiembre). Una muestra centrada en la relaci\u00f3n epistolar que Esquivias ha establecido a lo largo de los a\u00f1os con personajes vinculados con sus obras.\u00a0<\/p>\n<p><strong>\u201cObras finalistas en la convocatoria Miquel Casablancas 2026 de Sant Andreu Contemporani\u201d <\/strong>(del 13 de junio al 12 de julio).<\/p>\n<p>\u00a0<\/p>\n<p><strong>Castell de Montju\u00efc<\/strong><\/p>\n<p><strong>\u201cLa Seat: f\u00e1brica de transformaciones\u201d <\/strong>(a partir de primavera).<\/p>\n<p><strong>\u201cBrigadas Internacionales y multiling\u00fcismo\u201d <\/strong>(a partir de primavera).\u00a0<\/p>\n<p>\u00a0<\/p>\n<p><strong>La Capella\u00a0<\/strong><\/p>\n<p><strong>\u201cBecas Guasch Coranty\u201d <\/strong>(hasta el 18 de enero). Proyectos de creaci\u00f3n e investigaci\u00f3n de los estudiantes de la Facultat de Bellrs Arts de la Universitat de Barcelona.\u00a0<\/p>\n<p><strong>\u201cUna b\u00fasqueda que es un tanteo\u201d <\/strong>(del 27 de enero al 12 de abril). Proyecto comisariado por Mercedes Pimiento, formado por una serie de esculturas que dialogan con el espacio expositivo.<\/p>\n<p><strong>\u201cComo un viejo enemigo\u201d <\/strong>(del 27 de enero al 12 de abril). La muestra parte de una ilustraci\u00f3n del artista Chuso Ordi vinculada a la crisis del sida que se public\u00f3 en 1993 en el diario Nou Barris 9 y una fotograf\u00eda de 1989 sobre la insumisi\u00f3n al servicio militar.\u00a0<\/p>\n<p><strong>\u201cDe ojo izquierdo<\/strong>\u201d (del 22 de abril al 5 de julio). Obras de la artista Sinead Spelman realizadas espec\u00edficamente para La Capella.<\/p>\n<p><strong>\u201c<\/strong><strong>Tortuga de Caparaz\u00f3n Blando\u201d <\/strong>(del 22 de abril al 5 de julio). Esculturas de Mikel Ad\u00e1n Tolosa sobre las relaciones que se establecen entre materiales, entre cuerpos duros y blandos, fr\u00edos y calientes, org\u00e1nicos e inorg\u00e1nicos.<\/p>\n<p><strong>\u201cLa Mancha m\u00e1s ciega\u201d <\/strong>(del 14 de julio al 27 de septiembre). La ilegibilidad que da forma a la vida cotidiana, seg\u00fan la artista Ana Mart\u00ednez Fern\u00e1ndez.<\/p>\n<p><strong>\u201cTotxana\u201d <\/strong>(del 14 de julio al 27 de septiembre). Una reflexi\u00f3n sobre la crisis de la vivienda en Barcelona con obra escult\u00f3rica de Xavi Lozano Segarra.<\/p>\n<p><strong>\u201cHeat Shimmer, Hips Quiver, Open Smother, Lipped Lover\u201d <\/strong>(del 20 de octubre hasta el 17 de enero de 2027). Muestra curada por Margot E. Cuevas en la que dialogan el trabajo performativo de Noela Covelo Velasco y Estanis Comella, la obra textual de Quim Pujol y la producci\u00f3n escenogr\u00e1fica de Alejandro And\u00fajar.<\/p>\n<p>\u00a0<\/p>\n<p><strong>DHUB\u00a0<\/strong><\/p>\n<p><strong>\u201cDigital Impact\u201d <\/strong>(22 de octubre de 2026 hasta el 14 de marzo de 2027)<strong>. <\/strong>Segunda parte de la muestra del mismo t\u00edtulo (en la imagen. Fotograf\u00eda: Edu Bayer) dedicada al arte exclusivamente digital. Una experiencia inmersiva en la que se confunden las fronteras entre el mundo f\u00edsico y virtual.<\/p>\n<p><strong>\u201cAsunci\u00f3n Bastida. La gran dama de la alta costura espa\u00f1ola\u201d <\/strong>(del 4 de noviembre de 2026 hasta el 14 de marzo de 2027). Dedicada a la figura y la trayectoria de la dise\u00f1adora y modista Asunci\u00f3n Bastida.<\/p>\n<p>\u00a0<\/p>\n<p><strong>Fabra i Coats. F\u00e1brica de Creaci\u00f3n<\/strong><\/p>\n<p>\u201c<strong>Feedback\u201d <\/strong>(del 4 de febrero al 11 de marzo de 2026). Muestra art\u00edstica de di\u00e1logo entre el p\u00fablico y los artistas residentes. Cita todos los mi\u00e9rcoles con dos residentes en cada sesi\u00f3n, hasta un total de doce artistas.<\/p>\n<p>\u00a0<\/p>\n<p><strong>Museu Frederic Mar\u00e8s<\/strong><\/p>\n<p>\u201c<strong>Montserat, madre y tierra\u201d <\/strong>(hasta el 24 de mayo de 2026). Iconograf\u00eda y memorabilia montserratina en el a\u00f1o del milenario del monasterio.\u00a0<\/p>\n<p><strong>\u201cMichael Kleine\u201d <\/strong>(de abril a julio de 2026). Una instalaci\u00f3n art\u00edstica en colaboraci\u00f3n con la Fundaci\u00f3n Joan Mir\u00f3 y la Fundaci\u00f3n Joan Brossa del artista Michael Kleine.\u00a0<\/p>\n<p><strong>\u201cSubirachs sacro\u201d <\/strong>(de noviembre, en mayo de 2027). Una treintena de obras religiosas de peque\u00f1o y de mediano formato del artista Josep Maria Subirachs.\u00a0<\/p>\n<p>\u00a0<\/p>\n<p><strong>La Model<\/strong><\/p>\n<p><strong>\u201cY despu\u00e9s de Franco, \u00bfqu\u00e9? (1965-1975)\u201d<\/strong> (Hasta el 18 de julio). Andreu Mayayo y Jos\u00e9 Manuel Rua comisarian una muestra sobre el cincuenta aniversario de la muerte de Franco. Los a\u00f1os finales de la dictadura, vistos desde perspectivas diferentes.<\/p>\n<p><strong>\u201c<\/strong><strong>Jornades Catalanes de la Dona\u201d <\/strong>(de mayo a julio de 2026). Muestra comisariada por Carmen Domingo que conmemora el cincuenta aniversario de la celebraci\u00f3n de las Primeres Jornades Catalanes de la Dona (1976).<\/p>\n<p>\u00a0<\/p>\n<p><strong>Monasterio de Santa Maria de Pedralbes<\/strong><\/p>\n<p><strong>\u201c700 aniversario\u201d <\/strong>(fechas por anunciar). El Monasterio de Santa Mar\u00eda de Pedralbes prepara una programaci\u00f3n especial para celebrar los primeros setecientos a\u00f1os de vida del recinto.<\/p>\n<p><strong>Museu Etnol\u00f2gic i de Cultures del M\u00f3n\u00a0<\/strong><\/p>\n<p><strong>Sede Montcada: \u201c<\/strong><strong>Aynu. Una cultura ind\u00edgena de Jap\u00f3n\u201d <\/strong>(actualmente en exposici\u00f3n)<strong>. <\/strong>Un proyecto expositivo sobre los ainus, un pueblo ind\u00edgena del norte del archipi\u00e9lago japon\u00e9s.<\/p>\n<p><strong>Sede del Parque de Montju\u00efc: \u201cNicolau Maria Rubi\u00f3 i Tudur\u00ed (1891-1981). Lecciones de paisaje\u201d <\/strong>(del 5 de marzo al 17 de mayo)<strong>. <\/strong>Un recorrido por la obra y pensamiento del arquitecto y paisajista menorqu\u00edn Nicolau Maria Rubi\u00f3 i Tudur\u00ed.<\/p>\n<p><strong>\u201cCentenario de la muerte de Antoni Gaud\u00ed\u201d <\/strong>(de junio de 2026 a febrero de 2027). Mirada in\u00e9dita sobre los or\u00edgenes familiares y artesanales del arquitecto y la relaci\u00f3n con su obra.<\/p>\n<p><strong>\u201cEl Museo m\u00e1s grande\u201d <\/strong>(de junio a septiembre de 2026, tambi\u00e9n en la Sede del Parque de Montju\u00efc).<\/p>\n<p>Exposici\u00f3n fotogr\u00e1fica que hace patente el valor la creatividad, la mirada y la experiencia de las personas mayores como protagonistas activas de la vida cultural.<\/p>\n<p>\u00a0<\/p>\n<p><strong>Museu d\u2019Hist\u00f2ria de Barcelona\u00a0<\/strong><\/p>\n<p><strong>Sede Oliva Art\u00e9s (muestras relacionadas con la Capitalidad de la Arquitectura):<\/strong><\/p>\n<p><strong>\u201cMuestras de Arquitectura del COAC\u201d <\/strong>(del 19 de febrero al 8 de abril). Una muestra destinada a potenciar y dar a conocer el trabajo de arquitectos en todo el territorio catal\u00e1n.\u00a0<\/p>\n<p><strong>\u201cLa huella del tiempo\u201d <\/strong>(del 19 de febrero al 8 de abril). Sobre los ganadores del Premio Rosa Barba, Bienal Internacional de Paisaje.\u00a0<\/p>\n<p><strong>\u201cCities connection project\u201d <\/strong>(del 16 de abril al 7 de junio). Proyectos de arquitectura p\u00fablica realizada por m\u00e1s de trescientos estudios de arquitectura, con Barcelona como epicentro y varias ciudades europeas, y tambi\u00e9n de otros continentes.<\/p>\n<p><strong>\u201cArquitectura premiada. 125 a\u00f1os de premios de arquitectura\u201d<\/strong> (del 11 de junio al 28 de agosto) Retrospectiva impulsada por ARQUIN-FAD sobre las 67 ediciones de los Premios FAD y sus antecedentes, los Premios Ciutat de Barcelona de Arquitectura y Urbanismo, otorgados por el Ayuntamiento desde finales del siglo XIX.<\/p>\n<p><strong>Plaza del Rei:<\/strong><\/p>\n<p><strong>\u201cLas casas del saber. Barcelona y la universidad: construir ciudad, construir conocimiento\u201d <\/strong>(de mayo a septiembre)<strong>. <\/strong>Exposici\u00f3n sobre los estudios universitarios en Barcelona, desde la primera universidad medieval hasta las del S. XXI. En colaboraci\u00f3n con la Universitat de Barcelona y la Universitat Polit\u00e8cnica de Catalunya.<\/p>\n<p><strong>El Born:<\/strong><\/p>\n<p><strong>\u201c<\/strong><strong>Barcelona: ciudad y teatro\u201d <\/strong>(del 28 de mayo hasta principios de septiembre). Joan Alvarez Garcia-Luj\u00e1n, Antoni Ramon Graells e Ivan Alc\u00e1zar comisarian una muestra dedicada a la relaci\u00f3n entre los teatros y Barcelona a lo largo del tiempo y a c\u00f3mo la actividad teatral ha influido en el crecimiento y la transformaci\u00f3n urbana de la ciudad.\u00a0<\/p>\n<p><strong>\u201cEstudiantes contra Franco\u201d <\/strong>(de mediados de noviembre a abril de 2027). La lucha estudiantil antifranquista en el estado espa\u00f1ol, en una exposici\u00f3n realizada en colaboraci\u00f3n con el Ministerio de Pol\u00edtica Territorial y Memoria Democr\u00e1tica.<\/p>\n<p>\u00a0<\/p>\n<p><strong>Museu Picasso<\/strong><\/p>\n<p><strong>\u201cPicasso y Chipre: encuentros con la cer\u00e1mica del Mediterr\u00e1neo\u201d <\/strong>(del 14 de mayo al 28 de septiembre). \u00bfQu\u00e9 tienen que ver las cer\u00e1micas de Picasso y las de Chipre? Lo cuenta una exposici\u00f3n comisariada por Emmanuel Guigon y Androula Michael.<\/p>\n<p><strong>\u201cPicasso: el arquitecto\u201d <\/strong>(del 20 de noviembre al 8 de marzo de 2027) Maisa Navarro comisaria una muestra centrada en la figura de Picasso como constructor de espacios.<\/p>\n<p>\u00a0<\/p>\n<p><strong>La Virreina Centre de la Imatge<\/strong><\/p>\n<p>El 14 de enero se dar\u00e1n a conocer las exposiciones de la temporada de la Virreina Centre de la Imatge.<\/p>\n","protected":false},"excerpt":{"rendered":"Los museos y espacios patrimoniales barceloneses preparan una temporada de exposiciones con m\u00e1s de cuarenta propuestas, entre ellas&hellip;\n","protected":false},"author":2,"featured_media":328655,"comment_status":"","ping_status":"","sticky":false,"template":"","format":"standard","meta":{"footnotes":""},"categories":[8],"tags":[17,18,25,24,13,14,11,19,20,9,10,15,16,23,12,21,22],"class_list":{"0":"post-328654","1":"post","2":"type-post","3":"status-publish","4":"format-standard","5":"has-post-thumbnail","7":"category-espana","8":"tag-breaking-news","9":"tag-breakingnews","10":"tag-es","11":"tag-espana","12":"tag-featured-news","13":"tag-featurednews","14":"tag-headlines","15":"tag-latest-news","16":"tag-latestnews","17":"tag-news","18":"tag-noticias","19":"tag-noticias-destacadas","20":"tag-noticiasdestacadas","21":"tag-spain","22":"tag-titulares","23":"tag-ultimas-noticias","24":"tag-ultimasnoticias"},"share_on_mastodon":{"url":"https:\/\/pubeurope.com\/@es\/115856560947671612","error":""},"_links":{"self":[{"href":"https:\/\/www.europesays.com\/es\/wp-json\/wp\/v2\/posts\/328654","targetHints":{"allow":["GET"]}}],"collection":[{"href":"https:\/\/www.europesays.com\/es\/wp-json\/wp\/v2\/posts"}],"about":[{"href":"https:\/\/www.europesays.com\/es\/wp-json\/wp\/v2\/types\/post"}],"author":[{"embeddable":true,"href":"https:\/\/www.europesays.com\/es\/wp-json\/wp\/v2\/users\/2"}],"replies":[{"embeddable":true,"href":"https:\/\/www.europesays.com\/es\/wp-json\/wp\/v2\/comments?post=328654"}],"version-history":[{"count":0,"href":"https:\/\/www.europesays.com\/es\/wp-json\/wp\/v2\/posts\/328654\/revisions"}],"wp:featuredmedia":[{"embeddable":true,"href":"https:\/\/www.europesays.com\/es\/wp-json\/wp\/v2\/media\/328655"}],"wp:attachment":[{"href":"https:\/\/www.europesays.com\/es\/wp-json\/wp\/v2\/media?parent=328654"}],"wp:term":[{"taxonomy":"category","embeddable":true,"href":"https:\/\/www.europesays.com\/es\/wp-json\/wp\/v2\/categories?post=328654"},{"taxonomy":"post_tag","embeddable":true,"href":"https:\/\/www.europesays.com\/es\/wp-json\/wp\/v2\/tags?post=328654"}],"curies":[{"name":"wp","href":"https:\/\/api.w.org\/{rel}","templated":true}]}}