{"id":328690,"date":"2026-01-08T00:35:08","date_gmt":"2026-01-08T00:35:08","guid":{"rendered":"https:\/\/www.europesays.com\/es\/328690\/"},"modified":"2026-01-08T00:35:08","modified_gmt":"2026-01-08T00:35:08","slug":"el-gran-premio-castellon-ruta-de-la-ceramica-reunira-un-peloton-de-alto-nivel-internacional-esciclismo-com","status":"publish","type":"post","link":"https:\/\/www.europesays.com\/es\/328690\/","title":{"rendered":"El Gran Premio Castell\u00f3n &#8211; Ruta de la Cer\u00e1mica reunir\u00e1 un pelot\u00f3n de alto nivel internacional &#8211; EsCiclismo.com"},"content":{"rendered":"<ol>\n<li><a href=\"https:\/\/news.google.com\/rss\/articles\/CBMiakFVX3lxTFBQekswRVNSVHhKeWRCVU03UTF3RGZFaUxYSTM5SkVRTllUZm1zMF9QMHF0a2dROHFEVzFXUWpuZU02ejk0WkxUTV9hQWpDcHdrV1dEVUM5ZUlia0lOMG10YS0wV1ZvQWFiZ2c?oc=5\" target=\"_blank\" rel=\"nofollow noopener\">El Gran Premio Castell\u00f3n &#8211; Ruta de la Cer\u00e1mica reunir\u00e1 un pelot\u00f3n de alto nivel internacional<\/a>&nbsp;&nbsp;EsCiclismo.com<\/li>\n<li><a href=\"https:\/\/news.google.com\/rss\/articles\/CBMi7AFBVV95cUxPRzBsdDJrVUQwZFFtR3J5NzR1eVU5RlR0cGpsckt5M3dxUkFYQk44TFJ2VjVsTU5MVjdkakRvXzJCd1BKQURKZjFjRktwN3RvZFlLMTdtU25aVmxVTjVQa2hCaWRNeDdYNlRqZ2ZUUW42RTI0c3V6S0FvclRhV3NWR091RUVLN2d0SXl0WTNTZ3lIT2xMRGJUeTFvMElrNGFWdW9ZSTk4Y0RndmdVeHFmNlZpSHJKUkRxSUJyX3dCZlFUQnhOSG9XcjVQanlVdGMxcmZUbkJ6STJLVDJkeEpPdEJ3V3pYbHd4TXZwR9IB8gFBVV95cUxPOHpXUHZMNHota3VkclBOaUE1a2ZDaVgwcHV2U0plWjQyZy00U3oxZFhrWk9lX2o0dFFUOEl0d1hZeWRWSVlsVF8wZVJ6eDFvWTJqeGgyTWpXMXJOMkNkQlFwU3FMTnM3OERzZ0RFT0g0V1Zac1dOQXlocFo5aXJGUUZWQTFQbkoyUi1xZWg5eEdEM2NSeXR4UzE1TVV6OGY2am5zWEIwNVpJZkhGZVRVVVlmT09TalVMS1Ezb1NZb0JGUXgtOHFISFQ1R3dVV1gwQkxZWVB0SVJUaG9sSzM4UWI5ZklPbW52RjJBNlFwaTdkQQ?oc=5\" target=\"_blank\" rel=\"nofollow noopener\">El Gran Premio Castell\u00f3n &#8211; Ruta de la Cer\u00e1mica anuncia sus equipos participantes<\/a>&nbsp;&nbsp;Ciclismo a fondo<\/li>\n<li><a href=\"https:\/\/news.google.com\/rss\/articles\/CBMiWEFVX3lxTE05UTVxUnh6Y3FvT2dvcGQxcUhSWDZXcFJWSzhsNFlfOGVsMVQ0UndnczEwTDdlcDNHeXVuMjlVZEJKSHdVcl9kSE15Z3J4ZUV3WmRrMGN2R1A?oc=5\" target=\"_blank\" rel=\"nofollow noopener\">III GP Castell\u00f3n Ruta de la Cer\u00e1mica<\/a>&nbsp;&nbsp;Ayuntamiento Onda<\/li>\n<li><a href=\"https:\/\/news.google.com\/rss\/articles\/CBMimAFBVV95cUxOdEZYbC1pQmhaUXBmcThmYXNONFV3ZHpfVTZLcmZfWVM3MEJ4blZvclNIcDBtQmRwNVZFcjJhV1ZxMzJ5Zmk1bGpneUhOVkdnb2dzb0VJVFJ0MGo3eW4zTlBMVTgtLUZSVERsMlZwem12a3ZfMmt6WElBM3BPWjJCRWxaVU9yLXJwSDlOVU1oc3dQN1BsY05WVw?oc=5\" target=\"_blank\" rel=\"nofollow noopener\">El Gran Premio Castell\u00f3n 2026 reunir\u00e1 un pelot\u00f3n de \u00e9lite internacional<\/a>&nbsp;&nbsp;Castellon Informaci\u00f3n<\/li>\n<li><a href=\"https:\/\/news.google.com\/rss\/articles\/CBMidkFVX3lxTE9ESVl6UVRCSzlVVngzSERNSlVDblN3aE82MlhjQlA5SFBwMjNmSy11M05RWkNWdWlacVpodkVoUGx4NnpoNldvcE9xeVpkQkxnWElWekJXUjV2M3Y1RmdjRTFtcGMwcFRjbmhIWmM4cC1qQ1dVaVE?oc=5\" target=\"_blank\" rel=\"nofollow noopener\">GP Castell\u00f3n: Recorrido, perfil y equipos 2026<\/a>&nbsp;&nbsp;Ciclo21<\/li>\n<\/ol>\n","protected":false},"excerpt":{"rendered":"El Gran Premio Castell\u00f3n &#8211; Ruta de la Cer\u00e1mica reunir\u00e1 un pelot\u00f3n de alto nivel internacional&nbsp;&nbsp;EsCiclismo.com El Gran&hellip;\n","protected":false},"author":2,"featured_media":328691,"comment_status":"","ping_status":"","sticky":false,"template":"","format":"standard","meta":{"footnotes":""},"categories":[273],"tags":[10605,14760,1611,9250,6783,3965,6122,313,7716,10341,12554,11212,312,168,3819,10378,2197,17936,25,24,693,700,1142,3956,13056,4712,61,1783,1179,19546,9,795,843,5936,6436,3444,2761,2236,23,167,1152,20877],"class_list":{"0":"post-328690","1":"post","2":"type-post","3":"status-publish","4":"format-standard","5":"has-post-thumbnail","7":"category-ciclismo","8":"tag-a","9":"tag-acoger","10":"tag-ano","11":"tag-arranque","12":"tag-calendario","13":"tag-castellon","14":"tag-ceramica","15":"tag-ciclismo","16":"tag-cita","17":"tag-citas","18":"tag-clave","19":"tag-consolidada","20":"tag-cycling","21":"tag-deportes","22":"tag-destacadas","23":"tag-e","24":"tag-edicion","25":"tag-enero","26":"tag-es","27":"tag-espana","28":"tag-estado","29":"tag-europa","30":"tag-forma","31":"tag-gran","32":"tag-h","33":"tag-inicio","34":"tag-internacional","35":"tag-la","36":"tag-mas","37":"tag-medir","38":"tag-news","39":"tag-nueva","40":"tag-premio","41":"tag-prepara","42":"tag-provincia","43":"tag-proximo","44":"tag-prueba","45":"tag-ruta","46":"tag-spain","47":"tag-sports","48":"tag-temporada","49":"tag-una"},"share_on_mastodon":{"url":"https:\/\/pubeurope.com\/@es\/115856678721551038","error":""},"_links":{"self":[{"href":"https:\/\/www.europesays.com\/es\/wp-json\/wp\/v2\/posts\/328690","targetHints":{"allow":["GET"]}}],"collection":[{"href":"https:\/\/www.europesays.com\/es\/wp-json\/wp\/v2\/posts"}],"about":[{"href":"https:\/\/www.europesays.com\/es\/wp-json\/wp\/v2\/types\/post"}],"author":[{"embeddable":true,"href":"https:\/\/www.europesays.com\/es\/wp-json\/wp\/v2\/users\/2"}],"replies":[{"embeddable":true,"href":"https:\/\/www.europesays.com\/es\/wp-json\/wp\/v2\/comments?post=328690"}],"version-history":[{"count":0,"href":"https:\/\/www.europesays.com\/es\/wp-json\/wp\/v2\/posts\/328690\/revisions"}],"wp:featuredmedia":[{"embeddable":true,"href":"https:\/\/www.europesays.com\/es\/wp-json\/wp\/v2\/media\/328691"}],"wp:attachment":[{"href":"https:\/\/www.europesays.com\/es\/wp-json\/wp\/v2\/media?parent=328690"}],"wp:term":[{"taxonomy":"category","embeddable":true,"href":"https:\/\/www.europesays.com\/es\/wp-json\/wp\/v2\/categories?post=328690"},{"taxonomy":"post_tag","embeddable":true,"href":"https:\/\/www.europesays.com\/es\/wp-json\/wp\/v2\/tags?post=328690"}],"curies":[{"name":"wp","href":"https:\/\/api.w.org\/{rel}","templated":true}]}}