{"id":328715,"date":"2026-01-08T00:52:31","date_gmt":"2026-01-08T00:52:31","guid":{"rendered":"https:\/\/www.europesays.com\/es\/328715\/"},"modified":"2026-01-08T00:52:31","modified_gmt":"2026-01-08T00:52:31","slug":"agentes-antiinmigracion-de-eeuu-matan-a-tiros-a-una-mujer-en-mineapolis-durante-una-redada","status":"publish","type":"post","link":"https:\/\/www.europesays.com\/es\/328715\/","title":{"rendered":"Agentes antiinmigraci\u00f3n de EEUU matan a tiros a una mujer en Mine\u00e1polis durante una redada"},"content":{"rendered":"<p class=\"article-text\">\n        Una mujer ha muerto este mi\u00e9rcoles tras recibir disparos de agentes del <a href=\"https:\/\/www.eldiario.es\/internacional\/theguardian\/agencia-migratoria-eeuu-convertido-tropa-asalto-trump-extrema-derecha_1_12419511.html\" data-mrf-recirculation=\"links-noticia\" class=\"link\" rel=\"nofollow noopener\" target=\"_blank\">Servicio de Inmigraci\u00f3n y Control de Aduanas<\/a> (ICE, en ingl\u00e9s) en la ciudad de Mine\u00e1polis, en Estados Unidos, durante una confrontaci\u00f3n por las crecientes redadas migratorias en el estado de Minnesota.\n    <\/p>\n<p>    <a href=\"https:\/\/www.eldiario.es\/internacional\/theguardian\/agencia-migratoria-eeuu-convertido-tropa-asalto-trump-extrema-derecha_1_12419511.html\" data-mrf-recirculation=\"saber-mas\" data-dl-event=\"saber-mas\" rel=\"nofollow noopener\" target=\"_blank\"><\/p>\n<p class=\"know-more__title\">C\u00f3mo la agencia migratoria de EEUU se ha convertido en la tropa de asalto de Trump y la extrema derecha<\/p>\n<p>            <img decoding=\"async\" class=\"lazy\" loading=\"lazy\" data-src=\"https:\/\/static.eldiario.es\/clip\/a4154081-d4d2-4c52-8c41-0eecf1c4d430_16-9-aspect-ratio_default_0.jpg\" src=\"data:image\/svg+xml,%3Csvg xmlns=\" http:=\"\" viewbox=\"0 0 880 495\" alt=\"C\u00f3mo la agencia migratoria de EEUU se ha convertido en la tropa de asalto de Trump y la extrema derecha\"\/><\/p>\n<p>                        <\/a><\/p>\n<p class=\"article-text\">\n        El Departamento de Seguridad Nacional (DHS) ha informado del fallecimiento de la mujer, a la que ha acusado de ser \u201cuna alborotadora violenta\u201d. Seg\u00fan la subsecretaria del DHS, Tricia McLaughlin, la v\u00edctima \u201cus\u00f3 su veh\u00edculo como arma, intentando arrollar a los oficiales en un intento de matarlos\u201d, algo que ha calificado de \u201cacto de terrorismo interno\u201d, por lo que un agente de ICE que \u201ctem\u00eda por su vida\u201d realiz\u00f3 \u201cdisparos defensivos\u201d.\n    <\/p>\n<p class=\"article-text\">\n        \u201cLa presunta perpetradora recibi\u00f3 un disparo y est\u00e1 muerta. Se espera que los oficiales de ICE que est\u00e1n heridos se recuperen por completo\u201d, ha se\u00f1alado en sus redes sociales, sin revelar la identidad ni la nacionalidad de la v\u00edctima.\n    <\/p>\n<p class=\"article-text\">\n        La mujer fue tiroteada mientras los oficiales de ICE realizaban un operativo en Mine\u00e1polis, la mayor ciudad de Minnesota, donde seg\u00fan el DHS han sido detenidos en total m\u00e1s de 1.000 migrantes, algunos de Ecuador, M\u00e9xico y El Salvador, incluyendo m\u00e1s de 150 el lunes, la mayor operaci\u00f3n migratoria desde comienzos del a\u00f1o nuevo.\n    <\/p>\n<p class=\"article-text\">\n        Residentes de Minnesota estaban protestando este mi\u00e9rcoles contra las redadas, por lo que la subsecretaria del DHS ha afirmado que \u201clos alborotadores empezaron a bloquear a los oficiales de ICE\u201d, quienes afrontan un incremento del 1.300% en los ataques contra ellos y del 8.000% en amenazas de muerte, seg\u00fan los datos ofrecidos por McLaughlin.\n    <\/p>\n<p>    El alcalde de Mine\u00e1polis: \u201cQuieren una excusa para demostrar su fuerza\u201d<\/p>\n<p class=\"article-text\">\n        El alcalde de la ciudad, Jacob Frey, ha recalcado en una rueda de prensa esta tarde que est\u00e1 \u201cmuy enfadado\u201d, pero ha pedido a la poblaci\u00f3n de Mine\u00e1polis \u201chacer frente al odio\u201d con su \u201camor\u201d: \u201cLa pregunta es por qu\u00e9 un agente federal antiinmigraci\u00f3n dispara a una mujer (&#8230;) Quieren que respondamos de una forma que les d\u00e9 pie a ocupar militarmente nuestra ciudad, quieren una excusa para demostrar su fuerza&#8230; No vamos a dejar que eso ocurra\u201d.\n    <\/p>\n<p class=\"article-text\">\n        \u201cSomos mejores que un pu\u00f1ado de polic\u00edas que se despliegan en las ciudades y que ponen en peligro a nuestras familias y comunidades\u201d, ha a\u00f1adido Frey ante los medios de comunicaci\u00f3n, antes de darle la palabra al jefe de polic\u00eda de la ciudad del estado de Minnesota.\n    <\/p>\n<p class=\"article-text\">\n        Antes de la comparecencia, el alcalde dem\u00f3crata hab\u00eda exigido en sus redes sociales que el ICE abandonara \u201cinmediatamente\u201d la ciudad: \u201cRespaldamos a nuestras comunidades inmigrantes y refugiadas\u201d.\n    <\/p>\n<p>    Una agenda nacional antiinmigraci\u00f3n<\/p>\n<p class=\"article-text\">\n        El incidente recuerda a otro similar que sucedi\u00f3 en septiembre pasado en Chicago, donde agentes del ICE dispararon y mataron a un mexicano de 38 a\u00f1os tambi\u00e9n con el argumento que \u201cintent\u00f3 conducir su veh\u00edculo\u201d contra ellos, mientras que en octubre un hondure\u00f1o muri\u00f3 atropellado en Virginia tras huir de oficiales migratorios.\n    <\/p>\n<p class=\"article-text\">\n        Los hechos ocurren en medio de la pol\u00e9mica en Minnesota, donde el gobernador y excandidato dem\u00f3crata a la vicepresidencia de EEUU en 2024, Tim Walz, anunci\u00f3 el lunes que no buscar\u00e1 un tercer mandato por la controversia sobre fraudes millonarios relacionados con programas de cuidado infantil vinculados a la comunidad somal\u00ed.\n    <\/p>\n<p class=\"article-text\">\n        La cadena de televisi\u00f3n CNN adelant\u00f3 el lunes que la Administraci\u00f3n del presidente Donald Trump planeaba enviar unos 2.000 agentes federales a Mine\u00e1polis para encabezar una campa\u00f1a de arrestos de inmigrantes de la comunidad somal\u00ed y otros pa\u00edses.\n    <\/p>\n","protected":false},"excerpt":{"rendered":"Una mujer ha muerto este mi\u00e9rcoles tras recibir disparos de agentes del Servicio de Inmigraci\u00f3n y Control de&hellip;\n","protected":false},"author":2,"featured_media":328716,"comment_status":"","ping_status":"","sticky":false,"template":"","format":"standard","meta":{"footnotes":""},"categories":[5],"tags":[17,18,11500,16480,5282,3854,25,24,13,14,11,2178,3624,590,19,20,16481,911,16482,9,10,15,16,8375,23,12,21,22],"class_list":{"0":"post-328715","1":"post","2":"type-post","3":"status-publish","4":"format-standard","5":"has-post-thumbnail","7":"category-titulares","8":"tag-breaking-news","9":"tag-breakingnews","10":"tag-conflicto","11":"tag-cooperacion","12":"tag-derechos-humanos","13":"tag-eldiario-es","14":"tag-es","15":"tag-espana","16":"tag-featured-news","17":"tag-featurednews","18":"tag-headlines","19":"tag-igualdad","20":"tag-infancia","21":"tag-inmigracion","22":"tag-latest-news","23":"tag-latestnews","24":"tag-libertad-de-expresion","25":"tag-memoria","26":"tag-minorias","27":"tag-news","28":"tag-noticias","29":"tag-noticias-destacadas","30":"tag-noticiasdestacadas","31":"tag-pobreza","32":"tag-spain","33":"tag-titulares","34":"tag-ultimas-noticias","35":"tag-ultimasnoticias"},"share_on_mastodon":{"url":"https:\/\/pubeurope.com\/@es\/115856745594620271","error":""},"_links":{"self":[{"href":"https:\/\/www.europesays.com\/es\/wp-json\/wp\/v2\/posts\/328715","targetHints":{"allow":["GET"]}}],"collection":[{"href":"https:\/\/www.europesays.com\/es\/wp-json\/wp\/v2\/posts"}],"about":[{"href":"https:\/\/www.europesays.com\/es\/wp-json\/wp\/v2\/types\/post"}],"author":[{"embeddable":true,"href":"https:\/\/www.europesays.com\/es\/wp-json\/wp\/v2\/users\/2"}],"replies":[{"embeddable":true,"href":"https:\/\/www.europesays.com\/es\/wp-json\/wp\/v2\/comments?post=328715"}],"version-history":[{"count":0,"href":"https:\/\/www.europesays.com\/es\/wp-json\/wp\/v2\/posts\/328715\/revisions"}],"wp:featuredmedia":[{"embeddable":true,"href":"https:\/\/www.europesays.com\/es\/wp-json\/wp\/v2\/media\/328716"}],"wp:attachment":[{"href":"https:\/\/www.europesays.com\/es\/wp-json\/wp\/v2\/media?parent=328715"}],"wp:term":[{"taxonomy":"category","embeddable":true,"href":"https:\/\/www.europesays.com\/es\/wp-json\/wp\/v2\/categories?post=328715"},{"taxonomy":"post_tag","embeddable":true,"href":"https:\/\/www.europesays.com\/es\/wp-json\/wp\/v2\/tags?post=328715"}],"curies":[{"name":"wp","href":"https:\/\/api.w.org\/{rel}","templated":true}]}}