{"id":328717,"date":"2026-01-08T00:57:07","date_gmt":"2026-01-08T00:57:07","guid":{"rendered":"https:\/\/www.europesays.com\/es\/328717\/"},"modified":"2026-01-08T00:57:07","modified_gmt":"2026-01-08T00:57:07","slug":"aryna-sabalenka-presenta-su-vestido-para-el-open-de-australia-2026","status":"publish","type":"post","link":"https:\/\/www.europesays.com\/es\/328717\/","title":{"rendered":"Aryna Sabalenka presenta su vestido para el Open de Australia 2026"},"content":{"rendered":"<p style=\"font-size:9px;line-height:10px;padding:5px 0px 0px 0px;\">Reg\u00edstrese en bet365, ingrese 5\u20ac o m\u00e1s en su cuenta y conseguir\u00e1 un 100% de su ingreso v\u00e1lido en cr\u00e9ditos de apuesta (hasta 100\u20ac). Solo para clientes nuevos. Se aplican las condiciones. Las ganancias no incluyen el importe de los cr\u00e9ditos de apuesta. Se aplican premios m\u00e1ximos, restricciones de juego, l\u00edmites de tiempo y condiciones. Es necesario registrarse.<\/p>\n","protected":false},"excerpt":{"rendered":"Reg\u00edstrese en bet365, ingrese 5\u20ac o m\u00e1s en su cuenta y conseguir\u00e1 un 100% de su ingreso v\u00e1lido&hellip;\n","protected":false},"author":2,"featured_media":328718,"comment_status":"","ping_status":"","sticky":false,"template":"","format":"standard","meta":{"footnotes":""},"categories":[274],"tags":[168,25,24,23,167,327,326],"class_list":{"0":"post-328717","1":"post","2":"type-post","3":"status-publish","4":"format-standard","5":"has-post-thumbnail","7":"category-tenis","8":"tag-deportes","9":"tag-es","10":"tag-espana","11":"tag-spain","12":"tag-sports","13":"tag-tenis","14":"tag-tennis"},"share_on_mastodon":{"url":"https:\/\/pubeurope.com\/@es\/115856765331686380","error":""},"_links":{"self":[{"href":"https:\/\/www.europesays.com\/es\/wp-json\/wp\/v2\/posts\/328717","targetHints":{"allow":["GET"]}}],"collection":[{"href":"https:\/\/www.europesays.com\/es\/wp-json\/wp\/v2\/posts"}],"about":[{"href":"https:\/\/www.europesays.com\/es\/wp-json\/wp\/v2\/types\/post"}],"author":[{"embeddable":true,"href":"https:\/\/www.europesays.com\/es\/wp-json\/wp\/v2\/users\/2"}],"replies":[{"embeddable":true,"href":"https:\/\/www.europesays.com\/es\/wp-json\/wp\/v2\/comments?post=328717"}],"version-history":[{"count":0,"href":"https:\/\/www.europesays.com\/es\/wp-json\/wp\/v2\/posts\/328717\/revisions"}],"wp:featuredmedia":[{"embeddable":true,"href":"https:\/\/www.europesays.com\/es\/wp-json\/wp\/v2\/media\/328718"}],"wp:attachment":[{"href":"https:\/\/www.europesays.com\/es\/wp-json\/wp\/v2\/media?parent=328717"}],"wp:term":[{"taxonomy":"category","embeddable":true,"href":"https:\/\/www.europesays.com\/es\/wp-json\/wp\/v2\/categories?post=328717"},{"taxonomy":"post_tag","embeddable":true,"href":"https:\/\/www.europesays.com\/es\/wp-json\/wp\/v2\/tags?post=328717"}],"curies":[{"name":"wp","href":"https:\/\/api.w.org\/{rel}","templated":true}]}}