{"id":328821,"date":"2026-01-08T02:20:11","date_gmt":"2026-01-08T02:20:11","guid":{"rendered":"https:\/\/www.europesays.com\/es\/328821\/"},"modified":"2026-01-08T02:20:11","modified_gmt":"2026-01-08T02:20:11","slug":"fosiles-desenterrados-en-marruecos-son-los-primeros-de-un-periodo-poco-comprendido-de-la-evolucion-humana","status":"publish","type":"post","link":"https:\/\/www.europesays.com\/es\/328821\/","title":{"rendered":"F\u00f3siles desenterrados en Marruecos son los primeros de un per\u00edodo poco comprendido de la evoluci\u00f3n humana"},"content":{"rendered":"<p>      CNN<br \/>\n        \u00a0\u2014\u00a0<\/p>\n<p class=\"paragraph inline-placeholder vossi-paragraph\" data-uri=\"es.cms.cnn.com\/_components\/paragraph\/instances\/cmk4lbi1t00492cqg6um104fj@published\" data-editable=\"text\" data-component-name=\"paragraph\" data-article-gutter=\"true\">\n            F\u00f3siles desenterrados en Marruecos de un per\u00edodo poco comprendido de la evoluci\u00f3n humana podr\u00edan ayudar a los cient\u00edficos a resolver un misterio de larga data: \u00bfqui\u00e9nes vinieron antes que nosotros?\n    <\/p>\n<p class=\"paragraph inline-placeholder vossi-paragraph\" data-uri=\"es.cms.cnn.com\/_components\/paragraph\/instances\/cmk4lmoii0002356pa32bym2z@published\" data-editable=\"text\" data-component-name=\"paragraph\" data-article-gutter=\"true\">\n            Tres mand\u00edbulas, incluida una de un ni\u00f1o, dientes, v\u00e9rtebras y un f\u00e9mur fueron desenterrados de una cueva conocida como Grotte \u00e0 Hominid\u00e9s en la Cantera Thomas en Casablanca, Marruecos, con una antig\u00fcedad de 773.000 a\u00f1os. Resultan enigm\u00e1ticos para los cient\u00edficos porque son los primeros f\u00f3siles de hom\u00ednidos de este per\u00edodo que se han descubierto en \u00c1frica.\n    <\/p>\n<p class=\"paragraph inline-placeholder vossi-paragraph\" data-uri=\"es.cms.cnn.com\/_components\/paragraph\/instances\/cmk4lmoii0003356por6h18ix@published\" data-editable=\"text\" data-component-name=\"paragraph\" data-article-gutter=\"true\">\n            \u201cHay muchos f\u00f3siles de hom\u00ednidos en \u00c1frica de hasta aproximadamente un mill\u00f3n de a\u00f1os, pero luego de eso hay un salto hasta alrededor de 500.000 a\u00f1os atr\u00e1s, y en ese intervalo casi no tenemos nada\u201d, dijo Jean-Jacques Hublin, autor del estudio publicado el mi\u00e9rcoles <a href=\"https:\/\/www.nature.com\/articles\/s41586-025-09914-y\" target=\"_blank\" rel=\"nofollow noopener\">en la revista cient\u00edfica Nature<\/a>.\n    <\/p>\n<p class=\"paragraph inline-placeholder vossi-paragraph\" data-uri=\"es.cms.cnn.com\/_components\/paragraph\/instances\/cmk4lmoii0004356pqub4g734@published\" data-editable=\"text\" data-component-name=\"paragraph\" data-article-gutter=\"true\">\n            \u201cEs extremadamente emocionante tener f\u00f3siles justo en medio de ese lapso\u201d, a\u00f1adi\u00f3 Hublin, paleoantrop\u00f3logo del Coll\u00e8ge de France y del Instituto Max Planck de Antropolog\u00eda Evolutiva en Leipzig, Alemania.\n    <\/p>\n<p>       <img decoding=\"async\" src=\"https:\/\/www.europesays.com\/es\/wp-content\/uploads\/2026\/01\/fosiles2-20260107225846580.jpg\" alt=\"Los coautores del estudio, Jean-Jacques Hublin (derecha) y Jean-Paul Raynal, en la cueva en mayo de 2008, cuando se descubri\u00f3 una de las mand\u00edbulas.\" class=\"image__dam-img image__dam-img--loading\" onload=\"this.classList.remove('image__dam-img--loading')\" onerror=\"imageLoadError(this)\" height=\"1288\" width=\"860\" loading=\"lazy\"\/><\/p>\n<p class=\"paragraph inline-placeholder vossi-paragraph\" data-uri=\"es.cms.cnn.com\/_components\/paragraph\/instances\/cmk4lmoii0005356p2lugux5e@published\" data-editable=\"text\" data-component-name=\"paragraph\" data-article-gutter=\"true\">\n            Las tomograf\u00edas computarizadas y el an\u00e1lisis de las caracter\u00edsticas de los f\u00f3siles revelaron un ancestro que ten\u00eda un \u201cmosaico\u201d de rasgos primitivos y m\u00e1s evolucionados. Por ejemplo, no ten\u00eda un ment\u00f3n definido, a diferencia del Homo sapiens, pero los dientes y otras caracter\u00edsticas dentales eran bastante similares a los de nuestra propia especie y los neandertales.\n    <\/p>\n<p class=\"paragraph inline-placeholder vossi-paragraph\" data-uri=\"es.cms.cnn.com\/_components\/paragraph\/instances\/cmk4lmoii0006356pvyf8j38r@published\" data-editable=\"text\" data-component-name=\"paragraph\" data-article-gutter=\"true\">\n            La mayor\u00eda de los f\u00f3siles fueron desenterrados en 2008 y 2009, pero fueron fechados de manera definitiva mucho m\u00e1s recientemente, se\u00f1al\u00f3 Hublin, utilizando una t\u00e9cnica conocida como paleomagnetismo, que detecta la firma geol\u00f3gica de una inversi\u00f3n del campo magn\u00e9tico de la Tierra en ciertos minerales con propiedades magn\u00e9ticas.\n    <\/p>\n<p class=\"paragraph inline-placeholder vossi-paragraph\" data-uri=\"es.cms.cnn.com\/_components\/paragraph\/instances\/cmk4lmoii0007356pgcyydqdk@published\" data-editable=\"text\" data-component-name=\"paragraph\" data-article-gutter=\"true\">\n            La fuerza del campo magn\u00e9tico de la Tierra fluct\u00faa y, en ocasiones, los polos magn\u00e9ticos norte y sur se invierten. El equipo de investigaci\u00f3n encontr\u00f3 que la capa donde se hallaron los f\u00f3siles coincid\u00eda con la transici\u00f3n Matuyama-Brunhes, un marcador cronol\u00f3gico bien conocido que data de hace 773.000 a\u00f1os y fue la inversi\u00f3n polar principal m\u00e1s reciente.\n    <\/p>\n<p class=\"paragraph inline-placeholder vossi-paragraph\" data-uri=\"es.cms.cnn.com\/_components\/paragraph\/instances\/cmk4lmoii0008356pdhoqokob@published\" data-editable=\"text\" data-component-name=\"paragraph\" data-article-gutter=\"true\">\n            La coautora del estudio Serena Perini, ge\u00f3loga y paleomagnetista de la Universidad de Mil\u00e1n en Italia, dijo en un comunicado que la t\u00e9cnica permiti\u00f3 al equipo \u201canclar la presencia de estos hom\u00ednidos dentro de un marco cronol\u00f3gico excepcionalmente preciso\u201d.\n    <\/p>\n<p class=\"paragraph inline-placeholder vossi-paragraph\" data-uri=\"es.cms.cnn.com\/_components\/paragraph\/instances\/cmk4lmoii0009356p3719q8kn@published\" data-editable=\"text\" data-component-name=\"paragraph\" data-article-gutter=\"true\">\n            <a href=\"https:\/\/nature.com\/articles\/nature22336\" target=\"_blank\" rel=\"nofollow noopener\">Los restos de Homo sapiens m\u00e1s antiguos conocidos en el mundo<\/a> tambi\u00e9n se han encontrado en Marruecos en un sitio conocido como Jebel Irhoud, y datan de hace 400,000 a\u00f1os. Sin embargo, Hublin dijo que ser\u00eda incorrecto considerar esta regi\u00f3n como el lugar exacto donde surgi\u00f3 nuestra especie. M\u00e1s probablemente, fue resultado de las condiciones geol\u00f3gicas de la regi\u00f3n que permiten que los f\u00f3siles se conserven particularmente bien.\n    <\/p>\n<p class=\"paragraph inline-placeholder vossi-paragraph\" data-uri=\"es.cms.cnn.com\/_components\/paragraph\/instances\/cmk4lmoii000a356p08yv2t9k@published\" data-editable=\"text\" data-component-name=\"paragraph\" data-article-gutter=\"true\">\n            Hublin se\u00f1al\u00f3 que la cueva que estos individuos llamaron hogar habr\u00eda sido un lugar peligroso. El hueso de la pierna estaba cubierto de marcas de mordeduras de un depredador, probablemente una hiena, y hab\u00eda mucha evidencia de que carn\u00edvoros ocupaban la cueva.\n    <\/p>\n<p>       <img decoding=\"async\" src=\"https:\/\/www.europesays.com\/es\/wp-content\/uploads\/2026\/01\/fosil3.jpg\" alt=\"Se muestran cuatro mand\u00edbulas humanas a la misma escala para su comparaci\u00f3n. El f\u00f3sil de la parte superior izquierda tiene m\u00e1s de un mill\u00f3n de a\u00f1os y fue encontrado en Argelia. El f\u00f3sil de la parte superior derecha proviene de la cantera Thomas en Marruecos. La mand\u00edbula inferior izquierda es de Homo sapiens y proviene de Jebel Irhoud en Marruecos, mientras que el f\u00f3sil inferior derecho es una mand\u00edbula humana moderna reciente.\" class=\"image__dam-img image__dam-img--loading\" onload=\"this.classList.remove('image__dam-img--loading')\" onerror=\"imageLoadError(this)\" height=\"484\" width=\"860\" loading=\"lazy\"\/><\/p>\n<p class=\"paragraph inline-placeholder vossi-paragraph\" data-uri=\"es.cms.cnn.com\/_components\/paragraph\/instances\/cmk4lmoii000b356prq8ncs8u@published\" data-editable=\"text\" data-component-name=\"paragraph\" data-article-gutter=\"true\">\n            Los f\u00f3siles reci\u00e9n descritos son importantes porque arrojan luz sobre la especie ancestral de los tres tipos de humanos que vivieron m\u00e1s recientemente: neandertales, denisovanos y, por supuesto, Homo sapiens, la \u00fanica especie humana que sobrevive.\n    <\/p>\n<p class=\"paragraph inline-placeholder vossi-paragraph\" data-uri=\"es.cms.cnn.com\/_components\/paragraph\/instances\/cmk4lmoij000c356pep9f1kpg@published\" data-editable=\"text\" data-component-name=\"paragraph\" data-article-gutter=\"true\">\n            Se piensa que los neandertales y los denisovanos se extinguieron hace unos 40.000 a\u00f1os, aunque el momento es menos claro para los denisovanos, <a href=\"https:\/\/www.cnn.com\/2025\/12\/26\/science\/denisovans-dragon-man-human-evolution-mystery\" rel=\"nofollow noopener\" target=\"_blank\">una poblaci\u00f3n enigm\u00e1tica<\/a> identificada por primera vez en 2010.\n    <\/p>\n<p class=\"paragraph inline-placeholder vossi-paragraph\" data-uri=\"es.cms.cnn.com\/_components\/paragraph\/instances\/cmk4lmoij000d356p1wnjn4wq@published\" data-editable=\"text\" data-component-name=\"paragraph\" data-article-gutter=\"true\">\n            El \u00faltimo ancestro com\u00fan de los tres grupos humanos \u2014a veces llamado ancestro x\u2014 es una \u201cfigura esquiva\u201d, seg\u00fan Antonio Rosas, investigador del departamento de paleobiolog\u00eda del Museo Nacional de Ciencias Naturales en Madrid.\n    <\/p>\n<p class=\"paragraph inline-placeholder vossi-paragraph\" data-uri=\"es.cms.cnn.com\/_components\/paragraph\/instances\/cmk4lmoij000e356p0qs88a8a@published\" data-editable=\"text\" data-component-name=\"paragraph\" data-article-gutter=\"true\">\n            \u201cEl debate sobre qu\u00e9 f\u00f3siles podr\u00edan representar este nodo evolutivo crucial persiste, y la identificaci\u00f3n correcta de este ancestro es esencial para comprender las direcciones del cambio evolutivo posterior\u201d, escribi\u00f3 Rosas, quien no particip\u00f3 en el estudio, en un comentario publicado junto con la nueva investigaci\u00f3n.\n    <\/p>\n<p class=\"paragraph inline-placeholder vossi-paragraph\" data-uri=\"es.cms.cnn.com\/_components\/paragraph\/instances\/cmk4lmoij000f356p8hfruqs5@published\" data-editable=\"text\" data-component-name=\"paragraph\" data-article-gutter=\"true\">\n            <a href=\"https:\/\/www.sciencedirect.com\/science\/article\/abs\/pii\/S1040618222002634\" target=\"_blank\" rel=\"nofollow noopener\">La evidencia gen\u00e9tica suger\u00eda que este ancestro<\/a> vivi\u00f3 hace entre 550.000 y 765.000 a\u00f1os antes de dividirse en tres especies hermanas separadas, se\u00f1ala el estudio, pero no est\u00e1 claro cu\u00e1l era la especie ancestral ni d\u00f3nde viv\u00eda. Los candidatos incluyen Homo antecessor, un grupo de f\u00f3siles encontrados en una cueva en Atapuerca, Espa\u00f1a, que data aproximadamente de la misma \u00e9poca que los f\u00f3siles marroqu\u00edes, y una especie conocida como Homo heidelbergensis, cuyos f\u00f3siles se han encontrado en \u00c1frica y Eurasia.\n    <\/p>\n<p class=\"paragraph inline-placeholder vossi-paragraph\" data-uri=\"es.cms.cnn.com\/_components\/paragraph\/instances\/cmk4lmoij000g356pjlxh8hei@published\" data-editable=\"text\" data-component-name=\"paragraph\" data-article-gutter=\"true\">\n            Aunque los investigadores no llegaron a asignar un nombre cient\u00edfico formal a los f\u00f3siles marroqu\u00edes, Hublin dijo que los restos se parec\u00edan a otra especie llamada Homo erectus, pero tambi\u00e9n parec\u00edan ser ancestros cercanos de los humanos modernos.\n    <\/p>\n<p class=\"paragraph inline-placeholder vossi-paragraph\" data-uri=\"es.cms.cnn.com\/_components\/paragraph\/instances\/cmk4lmoij000h356p5vvnanhh@published\" data-editable=\"text\" data-component-name=\"paragraph\" data-article-gutter=\"true\">\n            \u201cLa pregunta, entonces, es si las poblaciones de Homo erectus dieron origen directamente a todo, incluidos los humanos, los neandertales y los denisovanos, o si existe una l\u00ednea de descendencia rastreable con cambios observables a lo largo del camino\u201d, dijo por correo electr\u00f3nico Ryan McRae, paleoantrop\u00f3logo del Museo Nacional de Historia Natural del Smithsonian, quien no particip\u00f3 en la investigaci\u00f3n.\n    <\/p>\n<p class=\"paragraph inline-placeholder vossi-paragraph\" data-uri=\"es.cms.cnn.com\/_components\/paragraph\/instances\/cmk4lmoij000i356pwuy0pmhf@published\" data-editable=\"text\" data-component-name=\"paragraph\" data-article-gutter=\"true\">\n            Carrie Mongle, profesora asistente en el departamento de antropolog\u00eda de la Universidad Stony Brook, dijo que la nueva investigaci\u00f3n enfatiza la importancia de \u00c1frica para comprender el surgimiento de los humanos modernos.\n    <\/p>\n<p class=\"paragraph inline-placeholder vossi-paragraph\" data-uri=\"es.cms.cnn.com\/_components\/paragraph\/instances\/cmk4lmoij000j356pj7spo14w@published\" data-editable=\"text\" data-component-name=\"paragraph\" data-article-gutter=\"true\">\n            \u201cCualquier f\u00f3sil de hom\u00ednido de este per\u00edodo cr\u00edtico representa una nueva y emocionante ventana hacia la evoluci\u00f3n humana\u201d, dijo Mongle, quien tampoco fue autora del estudio, por correo electr\u00f3nico.\n    <\/p>\n","protected":false},"excerpt":{"rendered":"CNN \u00a0\u2014\u00a0 F\u00f3siles desenterrados en Marruecos de un per\u00edodo poco comprendido de la evoluci\u00f3n humana podr\u00edan ayudar a&hellip;\n","protected":false},"author":2,"featured_media":328822,"comment_status":"","ping_status":"","sticky":false,"template":"","format":"standard","meta":{"footnotes":""},"categories":[81],"tags":[119,123,124,25,24,8245,4485,117,121,122,23,118,120],"class_list":{"0":"post-328821","1":"post","2":"type-post","3":"status-publish","4":"format-standard","5":"has-post-thumbnail","7":"category-ciencia-y-tecnologia","8":"tag-ciencia","9":"tag-ciencia-y-tecnologia","10":"tag-cienciaytecnologia","11":"tag-es","12":"tag-espana","13":"tag-fosiles","14":"tag-marruecos","15":"tag-science","16":"tag-science-and-technology","17":"tag-scienceandtechnology","18":"tag-spain","19":"tag-technology","20":"tag-tecnologia"},"share_on_mastodon":{"url":"https:\/\/pubeurope.com\/@es\/115857092022423526","error":""},"_links":{"self":[{"href":"https:\/\/www.europesays.com\/es\/wp-json\/wp\/v2\/posts\/328821","targetHints":{"allow":["GET"]}}],"collection":[{"href":"https:\/\/www.europesays.com\/es\/wp-json\/wp\/v2\/posts"}],"about":[{"href":"https:\/\/www.europesays.com\/es\/wp-json\/wp\/v2\/types\/post"}],"author":[{"embeddable":true,"href":"https:\/\/www.europesays.com\/es\/wp-json\/wp\/v2\/users\/2"}],"replies":[{"embeddable":true,"href":"https:\/\/www.europesays.com\/es\/wp-json\/wp\/v2\/comments?post=328821"}],"version-history":[{"count":0,"href":"https:\/\/www.europesays.com\/es\/wp-json\/wp\/v2\/posts\/328821\/revisions"}],"wp:featuredmedia":[{"embeddable":true,"href":"https:\/\/www.europesays.com\/es\/wp-json\/wp\/v2\/media\/328822"}],"wp:attachment":[{"href":"https:\/\/www.europesays.com\/es\/wp-json\/wp\/v2\/media?parent=328821"}],"wp:term":[{"taxonomy":"category","embeddable":true,"href":"https:\/\/www.europesays.com\/es\/wp-json\/wp\/v2\/categories?post=328821"},{"taxonomy":"post_tag","embeddable":true,"href":"https:\/\/www.europesays.com\/es\/wp-json\/wp\/v2\/tags?post=328821"}],"curies":[{"name":"wp","href":"https:\/\/api.w.org\/{rel}","templated":true}]}}