{"id":32884,"date":"2025-08-08T02:41:25","date_gmt":"2025-08-08T02:41:25","guid":{"rendered":"https:\/\/www.europesays.com\/es\/32884\/"},"modified":"2025-08-08T02:41:25","modified_gmt":"2025-08-08T02:41:25","slug":"pau-lopez-baja-en-el-entrenamiento-tras-el-golpe-recibido-en-la-cabeza","status":"publish","type":"post","link":"https:\/\/www.europesays.com\/es\/32884\/","title":{"rendered":"Pau L\u00f3pez, baja en el entrenamiento tras el golpe recibido en la cabeza"},"content":{"rendered":"<p>El meta, que segu\u00eda con la zona inflamada, no se ejercit\u00f3 con el equipo por precauci\u00f3n<\/p>\n<p><img fetchpriority=\"high\" class=\"voc-img\" src=\"https:\/\/www.europesays.com\/es\/wp-content\/uploads\/2025\/08\/1499531878-RlOqYVZRCvU5IrmVI2EkhiN-1200x840@diario_abc.jpg\" loading=\"eager\" decoding=\"async\" alt=\"Pau L\u00f3pez, acompa\u00f1ado por los doctores, sale del terreno de juego\" width=\"1200\" height=\"840\"\/><\/p>\n<p>Pau L\u00f3pez, acompa\u00f1ado por los doctores, sale del terreno de juego    EP  <\/p>\n<p><img decoding=\"async\" class=\"voc-author__img\" src=\"https:\/\/www.europesays.com\/es\/wp-content\/uploads\/2025\/08\/autor-7261-foto-1.jpeg\" alt=\"Samuel Silva\"\/><\/p>\n<p>07\/08\/2025<br \/>\n<br \/><strong><br \/>\nActualizado a las 13:30h.<br \/>\n<\/strong><\/p>\n<p class=\"voc-p\" style=\"\">Apenas medio minuto de partido estuvo <strong>Pau L\u00f3pez<\/strong> en la porter\u00eda del <strong>Betis<\/strong> ante el Como. El fuerte golpe que recibi\u00f3 en la cabeza en la acci\u00f3n del penalti sobre Assane Diao provoc\u00f3 que el meta se marchase al banquillo y dejara su sitio a \u00c1lvaro Valles. Tampoco ha estado presente Pau en el entrenamiento de este jueves, aunque, en principio, ha sido por precauci\u00f3n del cuerpo m\u00e9dico.<\/p>\n<p class=\"voc-p\" style=\"\"><strong>El llamativo chich\u00f3n que le produjo el golpe con el exb\u00e9tico<\/strong> segu\u00eda presente horas despu\u00e9s, de ah\u00ed que se haya recomendando que el catal\u00e1n <strong>no se ejercitase hoy con el grupo<\/strong>, a la espera de la evoluci\u00f3n de la inflamaci\u00f3n que tiene en la zona da\u00f1ada. En principio, la idea del cuerpo t\u00e9cnico ser\u00eda que Pau L\u00f3pez s\u00ed estuviera disponible para el duelo de este s\u00e1bado ante el M\u00e1laga, en el que ser\u00e1 el \u00faltimo partido de la pretemporada b\u00e9tica.<\/p>\n<p class=\"voc-p\" style=\"\">El percance del portero verdiblanco, en <strong>esa acci\u00f3n fortuita con Assane Diao<\/strong> en la que acab\u00f3 cometiendo penalti, fue el \u00fanico incidente dentro de la plantilla verdiblanca, pese a <a href=\"https:\/\/www.abc.es\/deportes\/alfinaldelapalmera\/noticias-betis\/betis-puso-futbol-demasiada-dureza-20250806224459-nts.html\" target=\"_self\" data-voc-vtm-id=\"in-text-traffic\" title=\"la dureza con la que se emple\u00f3 el Como\" data-mrf-link=\"www.abc.es\" rel=\"nofollow noopener\">la dureza con la que se emple\u00f3 el Como<\/a> durante todo el encuentro. Precisamente, ese comportamiento del equipo italiano <a href=\"https:\/\/www.abc.es\/deportes\/alfinaldelapalmera\/noticias-betis\/tangana-betis-empujones-manotazos-expulsiones-final-primera-20250806215553-nts.html\" target=\"_self\" data-voc-vtm-id=\"in-text-traffic\" title=\"provoc\u00f3 un tumulto\" data-mrf-link=\"www.abc.es\" rel=\"nofollow noopener\">provoc\u00f3 un tumulto<\/a> al finalizar el primer tiempo, que acab\u00f3 con las expulsiones de Fornals y Perrone.<\/p>\n<p class=\"voc-p\" style=\"\">Tras la sesi\u00f3n matinal efectuada este jueves,<strong> la plantilla b\u00e9tica volver\u00e1 a ejercitarse ma\u00f1ana<\/strong>, con la mente ya puesta en ese \u00faltimo compromiso de la pretemporada ante el M\u00e1laga. Tras la finalizaci\u00f3n del mismo, el equipo verdiblanco regresar\u00e1 a Sevilla, donde ya la pr\u00f3xima semana ultimar\u00e1 la preparaci\u00f3n para el estreno liguero ante el Elche.<\/p>\n<p>Reportar un error<\/p>\n","protected":false},"excerpt":{"rendered":"El meta, que segu\u00eda con la zona inflamada, no se ejercit\u00f3 con el equipo por precauci\u00f3n Pau L\u00f3pez,&hellip;\n","protected":false},"author":2,"featured_media":32885,"comment_status":"","ping_status":"","sticky":false,"template":"","format":"standard","meta":{"footnotes":""},"categories":[93],"tags":[1067,168,16978,25,24,13654,7355,4968,16979,13896,23,167,575],"class_list":{"0":"post-32884","1":"post","2":"type-post","3":"status-publish","4":"format-standard","5":"has-post-thumbnail","7":"category-deportes","8":"tag-cabeza","9":"tag-deportes","10":"tag-ejercita","11":"tag-es","12":"tag-espana","13":"tag-golpe","14":"tag-lopez","15":"tag-pau","16":"tag-precaucion","17":"tag-recibido","18":"tag-spain","19":"tag-sports","20":"tag-tras"},"share_on_mastodon":{"url":"","error":""},"_links":{"self":[{"href":"https:\/\/www.europesays.com\/es\/wp-json\/wp\/v2\/posts\/32884","targetHints":{"allow":["GET"]}}],"collection":[{"href":"https:\/\/www.europesays.com\/es\/wp-json\/wp\/v2\/posts"}],"about":[{"href":"https:\/\/www.europesays.com\/es\/wp-json\/wp\/v2\/types\/post"}],"author":[{"embeddable":true,"href":"https:\/\/www.europesays.com\/es\/wp-json\/wp\/v2\/users\/2"}],"replies":[{"embeddable":true,"href":"https:\/\/www.europesays.com\/es\/wp-json\/wp\/v2\/comments?post=32884"}],"version-history":[{"count":0,"href":"https:\/\/www.europesays.com\/es\/wp-json\/wp\/v2\/posts\/32884\/revisions"}],"wp:featuredmedia":[{"embeddable":true,"href":"https:\/\/www.europesays.com\/es\/wp-json\/wp\/v2\/media\/32885"}],"wp:attachment":[{"href":"https:\/\/www.europesays.com\/es\/wp-json\/wp\/v2\/media?parent=32884"}],"wp:term":[{"taxonomy":"category","embeddable":true,"href":"https:\/\/www.europesays.com\/es\/wp-json\/wp\/v2\/categories?post=32884"},{"taxonomy":"post_tag","embeddable":true,"href":"https:\/\/www.europesays.com\/es\/wp-json\/wp\/v2\/tags?post=32884"}],"curies":[{"name":"wp","href":"https:\/\/api.w.org\/{rel}","templated":true}]}}