{"id":328854,"date":"2026-01-08T02:44:07","date_gmt":"2026-01-08T02:44:07","guid":{"rendered":"https:\/\/www.europesays.com\/es\/328854\/"},"modified":"2026-01-08T02:44:07","modified_gmt":"2026-01-08T02:44:07","slug":"exportaciones-de-mineral-de-hierro-de-brasil-marcan-record-anual-en-2025-reporte-minero","status":"publish","type":"post","link":"https:\/\/www.europesays.com\/es\/328854\/","title":{"rendered":"Exportaciones de mineral de hierro de Brasil marcan r\u00e9cord anual en 2025 &#8211; Reporte Minero"},"content":{"rendered":"\n<p>Brasil elev\u00f3 7,1% sus exportaciones de mineral de hierro en 2025 y alcanz\u00f3 un r\u00e9cord de 416,4 Mt, con fuerte cierre de a\u00f1o y demanda liderada por China.<\/p>\n<p>Las exportaciones brasile\u00f1as de <strong>mineral de hierro<\/strong> crecieron <strong>7,1% en 2025<\/strong> frente al a\u00f1o anterior y alcanzaron un <strong>r\u00e9cord de 416,4 millones de toneladas m\u00e9tricas<\/strong>, seg\u00fan datos oficiales del Ministerio de Desarrollo, Industria, Comercio y Servicios.<\/p>\n<p>El resultado consolida a Brasil \u2014uno de los mayores exportadores mundiales de mineral de hierro\u2014 como un proveedor clave para el mercado internacional, impulsado por un repunte de producci\u00f3n en grandes compa\u00f1\u00edas como <strong>Vale<\/strong> y por una demanda sostenida desde <strong>China<\/strong> y otros destinos.<\/p>\n<p>Primer salto por sobre 400 millones de toneladas<\/p>\n<p>El registro de 2025 marca un hito: es la <strong>primera vez<\/strong> que el pa\u00eds supera los <strong>400 millones de toneladas<\/strong> exportadas en un a\u00f1o. La fortaleza se acentu\u00f3 en los \u00faltimos meses, con env\u00edos por encima de <strong>40 millones de toneladas<\/strong> tanto en <strong>octubre<\/strong> como en <strong>diciembre<\/strong>, niveles cercanos a m\u00e1ximos mensuales.<\/p>\n<p> Recuperaci\u00f3n tras el ajuste post-2019<\/p>\n<p>El r\u00e9cord tambi\u00e9n refleja una recuperaci\u00f3n gradual de la industria tras el impacto del <strong>colapso de un tranque de Vale en 2019<\/strong>, evento que desencaden\u00f3 revisiones de seguridad y ajustes operacionales que afectaron la producci\u00f3n en los a\u00f1os siguientes.<\/p>\n<p>En ese contexto, Vale report\u00f3 durante 2025 su <strong>mayor producci\u00f3n trimestral de mineral de hierro desde 2018<\/strong> (en el tercer trimestre), reforzando la se\u00f1al de normalizaci\u00f3n y mayor capacidad de despacho.<\/p>\n<p>China, factor clave del ciclo<\/p>\n<p>China \u2014principal comprador global de mineral de hierro\u2014 habr\u00eda cerrado 2025 con <strong>importaciones r\u00e9cord<\/strong>, sosteniendo el apetito por el mineral en un a\u00f1o donde los flujos comerciales se mantuvieron robustos y la demanda asi\u00e1tica volvi\u00f3 a ser el ancla del mercado.<\/p>\n<p>Qu\u00e9 observar en 2026<\/p>\n<p>De cara a 2026, el mercado seguir\u00e1 de cerca:<\/p>\n<ul>\n<li>La continuidad del repunte de producci\u00f3n en Brasil y el ritmo de Vale.<\/li>\n<li>La trayectoria de la demanda china y del resto de Asia.<\/li>\n<li>Eventuales restricciones log\u00edsticas, clim\u00e1ticas o regulatorias que puedan afectar el ritmo de embarques.<\/li>\n<\/ul>\n<p><b>Si te interesa recibir noticias publicadas en Reporte Minero | El portal de miner\u00eda en Chile, inscribe tu correo <a href=\"https:\/\/www.reporteminero.cl\/registro\" rel=\"nofollow noopener\" target=\"_blank\">aqu\u00ed<\/a> <\/b><\/p>\n<p>Si vas a utilizar contenido de nuestro diario (textos o simplemente datos) en alg\u00fan medio de comunicaci\u00f3n, blog o Redes Sociales, indica la fuente, de lo contrario estar\u00e1s incurriendo en un delito sancionado la Ley N\u00ba 17.336, sobre Propiedad Intelectual. Lo anterior no rige para las fotograf\u00edas y videos, pues queda totalmente PROHIBIDA su reproducci\u00f3n para fines informativos.<\/p>\n<p class=\"mt-4\"><b>COMENTA AQU\u00cd<\/b><\/p>\n","protected":false},"excerpt":{"rendered":"Brasil elev\u00f3 7,1% sus exportaciones de mineral de hierro en 2025 y alcanz\u00f3 un r\u00e9cord de 416,4 Mt,&hellip;\n","protected":false},"author":2,"featured_media":328855,"comment_status":"","ping_status":"","sticky":false,"template":"","format":"standard","meta":{"footnotes":""},"categories":[80],"tags":[283,82,2047,9953,95,94,18276,25,24,72790,72789,1816,16159,12179,14890,72788,72786,1925,705,44097,72785,72787,3905,23,120,4479],"class_list":{"0":"post-328854","1":"post","2":"type-post","3":"status-publish","4":"format-standard","5":"has-post-thumbnail","7":"category-economia","8":"tag-argentina","9":"tag-business","10":"tag-chile","11":"tag-cobre","12":"tag-economia","13":"tag-economy","14":"tag-emprendedores","15":"tag-es","16":"tag-espana","17":"tag-expomin","18":"tag-exponor","19":"tag-innovacion","20":"tag-litio","21":"tag-mineria","22":"tag-mineros","23":"tag-mujer-minera","24":"tag-noticias-mineras","25":"tag-opinion","26":"tag-peru","27":"tag-proveedores","28":"tag-reporte-minero","29":"tag-sector-minero","30":"tag-sindicatos","31":"tag-spain","32":"tag-tecnologia","33":"tag-trabajadores"},"share_on_mastodon":{"url":"https:\/\/pubeurope.com\/@es\/115857186156545294","error":""},"_links":{"self":[{"href":"https:\/\/www.europesays.com\/es\/wp-json\/wp\/v2\/posts\/328854","targetHints":{"allow":["GET"]}}],"collection":[{"href":"https:\/\/www.europesays.com\/es\/wp-json\/wp\/v2\/posts"}],"about":[{"href":"https:\/\/www.europesays.com\/es\/wp-json\/wp\/v2\/types\/post"}],"author":[{"embeddable":true,"href":"https:\/\/www.europesays.com\/es\/wp-json\/wp\/v2\/users\/2"}],"replies":[{"embeddable":true,"href":"https:\/\/www.europesays.com\/es\/wp-json\/wp\/v2\/comments?post=328854"}],"version-history":[{"count":0,"href":"https:\/\/www.europesays.com\/es\/wp-json\/wp\/v2\/posts\/328854\/revisions"}],"wp:featuredmedia":[{"embeddable":true,"href":"https:\/\/www.europesays.com\/es\/wp-json\/wp\/v2\/media\/328855"}],"wp:attachment":[{"href":"https:\/\/www.europesays.com\/es\/wp-json\/wp\/v2\/media?parent=328854"}],"wp:term":[{"taxonomy":"category","embeddable":true,"href":"https:\/\/www.europesays.com\/es\/wp-json\/wp\/v2\/categories?post=328854"},{"taxonomy":"post_tag","embeddable":true,"href":"https:\/\/www.europesays.com\/es\/wp-json\/wp\/v2\/tags?post=328854"}],"curies":[{"name":"wp","href":"https:\/\/api.w.org\/{rel}","templated":true}]}}