{"id":328884,"date":"2026-01-08T03:09:58","date_gmt":"2026-01-08T03:09:58","guid":{"rendered":"https:\/\/www.europesays.com\/es\/328884\/"},"modified":"2026-01-08T03:09:58","modified_gmt":"2026-01-08T03:09:58","slug":"la-jueza-cita-como-testigos-a-dos-abogados-de-la-generalitat-que-asesoraron-en-las-decisiones-de-la-dana","status":"publish","type":"post","link":"https:\/\/www.europesays.com\/es\/328884\/","title":{"rendered":"La jueza cita como testigos a dos abogados de la Generalitat que asesoraron en las decisiones de la dana"},"content":{"rendered":"<p class=\"article-text\">\n        La jueza de la dana ha citado como testigos a dos abogados de la Generalitat que prestaron \u201casesoramiento\u201d jur\u00eddico el 29 de octubre de 2024, tr\u00e1gica jornada que dej\u00f3 230 fallecidos. As\u00ed se desprende de un auto dictado este mi\u00e9rcoles por la magistrada, que cita al abogado coordinador de la Abogac\u00eda en la Conselleria de Justicia e Interior que dirig\u00eda Salom\u00e9 Pradas, as\u00ed como al entonces abogado general de la Generalitat \u201cen dicha fecha\u201d. La instructora ha oficiado a la Generalitat para que identifique a ambos cargos.\n    <\/p>\n<p>    <a href=\"https:\/\/www.eldiario.es\/comunitat-valenciana\/asociacion-mayoritaria-victimas-dana-ofensa-feijoo-no-acuda-catarroja-declarar-jueza_1_12872132.html\" data-mrf-recirculation=\"saber-mas\" data-dl-event=\"saber-mas\" rel=\"nofollow noopener\" target=\"_blank\"><\/p>\n<p class=\"know-more__title\">La asociaci\u00f3n mayoritaria de v\u00edctimas de la dana: \u00abEs una ofensa que Feij\u00f3o no acuda a Catarroja a declarar ante la jueza\u00bb<\/p>\n<p>            <img decoding=\"async\" class=\"lazy\" loading=\"lazy\" data-src=\"https:\/\/static.eldiario.es\/clip\/c92cc39c-019a-4559-9f4b-44e355bd97d0_16-9-aspect-ratio_default_0.jpg\" src=\"data:image\/svg+xml,%3Csvg xmlns=\" http:=\"\" viewbox=\"0 0 880 495\" alt=\"La asociaci\u00f3n mayoritaria de v\u00edctimas de la dana: &quot;Es una ofensa que Feij\u00f3o no acuda a Catarroja a declarar ante la jueza&quot;\"\/><\/p>\n<p>                        <\/a><\/p>\n<p class=\"article-text\">\n        Por otro lado, la resoluci\u00f3n cita a Ricardo Garc\u00eda Garc\u00eda, subsecretario de la entonces consellera. La magistrada ya tiene en sus manos el informe que solicit\u00f3 a la Abogac\u00eda sobre las peticiones de asesoramiento que solicit\u00f3 Presidencia la tarde de la dana, mientras estaba reunido el Centro de Coordinaci\u00f3n Operativa Integrado (Cecopi).\n    <\/p>\n<p class=\"article-text\">\n        Ning\u00fan alto cargo de Pradas ni de Presidencia hizo petici\u00f3n alguna por escrito. Sin embargo, seg\u00fan el informe, \u201cse recibieron llamadas telef\u00f3nicas de corta duraci\u00f3n en relaci\u00f3n con el fen\u00f3meno meteorol\u00f3gico que se estaba produciendo\u201d.\n    <\/p>\n<p class=\"article-text\">\n        El subsecretario del departamento que dirig\u00eda Salom\u00e9 Pradas, actualmente investigada en la causa, llam\u00f3 al abogado coordinador de la Abogac\u00eda en la Conselleria de Justicia e Interior \u201cy le pregunt\u00f3 si un eventual confinamiento tendr\u00eda soporte jur\u00eddico, a lo que el abogado de la Generalitat contest\u00f3 afirmativamente indicando los preceptos en los que podr\u00eda fundamentarse\u201d.\n    <\/p>\n<p class=\"article-text\">\n        Por otro lado, Cayetano Garc\u00eda Ram\u00edrez, entonces secretario auton\u00f3mico de Presidencia, \u201cllam\u00f3 al abogado general de la Generalitat para avisarle de la posibilidad de que la consellera de Justicia e Interior contactara con la abogac\u00eda en caso de que fuera necesario dictar alguna resoluci\u00f3n o disposici\u00f3n que requiriese de un informe jur\u00eddico en relaci\u00f3n con un eventual confinamiento\u201d. \u201cEl abogado general manifest\u00f3 su disponibilidad\u201d, seg\u00fan indica el auto.\n    <\/p>\n<p class=\"article-text\">\n        Posteriormente, \u201cno se recibi\u00f3 ninguna petici\u00f3n de informe ni solicitud adicional, ni verbalmente, ni por escrito\u201d. La jueza asegura que el informe de la Abogac\u00eda \u201ccontradice\u201d las manifestaciones de Jos\u00e9 Manuel Cuenca, exjefe de gabinete de Carlos Maz\u00f3n en su declaraci\u00f3n como testigo sobre las conversaciones de Garc\u00eda Ram\u00edrez con la Abogac\u00eda.\n    <\/p>\n<p>    <a href=\"https:\/\/www.eldiario.es\/comunitat-valenciana\/feijoo-mazon-noche-dana-lleva-iniciativa-comunicacion-clave_1_12882188.html\" data-mrf-recirculation=\"saber-mas-abajo\" data-dl-event=\"saber-mas-abajo\" rel=\"nofollow noopener\" target=\"_blank\"><\/p>\n<p class=\"know-more__title\">Los whatsapps de Feij\u00f3o a Maz\u00f3n la noche de la dana: \u201cLleva la iniciativa de la comunicaci\u00f3n&#8230; Es la clave\u201d<\/p>\n<p>            <img decoding=\"async\" class=\"lazy\" loading=\"lazy\" data-src=\"https:\/\/static.eldiario.es\/clip\/8b535623-8ddc-43aa-9b41-9341248b7cfd_16-9-aspect-ratio_default_0.jpg\" src=\"data:image\/svg+xml,%3Csvg xmlns=\" http:=\"\" viewbox=\"0 0 880 495\" alt=\"Los whatsapps de Feij\u00f3o a Maz\u00f3n la noche de la dana: \u201cLleva la iniciativa de la comunicaci\u00f3n... Es la clave\u201d\"\/><\/p>\n<p>                        <\/a><\/p>\n<p class=\"article-text\">\n        El auto recuerda que, seg\u00fan Cuenca, sus mensajes remitidos a Pradas \u2014\u201cSalo, de confinar nada\u201d\u2014 se basaban en las supuestas manifestaciones del Abogado de la Generalitat\u201c transmitidas por Cayetano Garc\u00eda Ram\u00edrez. \u201dEn cambio\u201c, apostilla la instructora, el informe del Abogado General de la Generalitat \u201dhabla s\u00f3lo de dos llamadas cortas, y que en una de ellas se habr\u00eda afirmado que un eventual confinamiento tendr\u00eda soporte jur\u00eddico, indicando los preceptos en los que podr\u00eda fundamentarse\u201c.\n    <\/p>\n","protected":false},"excerpt":{"rendered":"La jueza de la dana ha citado como testigos a dos abogados de la Generalitat que prestaron \u201casesoramiento\u201d&hellip;\n","protected":false},"author":2,"featured_media":328885,"comment_status":"","ping_status":"","sticky":false,"template":"","format":"standard","meta":{"footnotes":""},"categories":[8],"tags":[517,2206,1705,17,18,3965,242,25,24,13,14,11,1667,19,20,9,10,15,16,1925,23,12,21,22,235],"class_list":{"0":"post-328884","1":"post","2":"type-post","3":"status-publish","4":"format-standard","5":"has-post-thumbnail","7":"category-espana","8":"tag-actualidad","9":"tag-alicante","10":"tag-analisis","11":"tag-breaking-news","12":"tag-breakingnews","13":"tag-castellon","14":"tag-comunidad-valenciana","15":"tag-es","16":"tag-espana","17":"tag-featured-news","18":"tag-featurednews","19":"tag-headlines","20":"tag-informacion","21":"tag-latest-news","22":"tag-latestnews","23":"tag-news","24":"tag-noticias","25":"tag-noticias-destacadas","26":"tag-noticiasdestacadas","27":"tag-opinion","28":"tag-spain","29":"tag-titulares","30":"tag-ultimas-noticias","31":"tag-ultimasnoticias","32":"tag-valencia"},"share_on_mastodon":{"url":"https:\/\/pubeurope.com\/@es\/115857288222517317","error":""},"_links":{"self":[{"href":"https:\/\/www.europesays.com\/es\/wp-json\/wp\/v2\/posts\/328884","targetHints":{"allow":["GET"]}}],"collection":[{"href":"https:\/\/www.europesays.com\/es\/wp-json\/wp\/v2\/posts"}],"about":[{"href":"https:\/\/www.europesays.com\/es\/wp-json\/wp\/v2\/types\/post"}],"author":[{"embeddable":true,"href":"https:\/\/www.europesays.com\/es\/wp-json\/wp\/v2\/users\/2"}],"replies":[{"embeddable":true,"href":"https:\/\/www.europesays.com\/es\/wp-json\/wp\/v2\/comments?post=328884"}],"version-history":[{"count":0,"href":"https:\/\/www.europesays.com\/es\/wp-json\/wp\/v2\/posts\/328884\/revisions"}],"wp:featuredmedia":[{"embeddable":true,"href":"https:\/\/www.europesays.com\/es\/wp-json\/wp\/v2\/media\/328885"}],"wp:attachment":[{"href":"https:\/\/www.europesays.com\/es\/wp-json\/wp\/v2\/media?parent=328884"}],"wp:term":[{"taxonomy":"category","embeddable":true,"href":"https:\/\/www.europesays.com\/es\/wp-json\/wp\/v2\/categories?post=328884"},{"taxonomy":"post_tag","embeddable":true,"href":"https:\/\/www.europesays.com\/es\/wp-json\/wp\/v2\/tags?post=328884"}],"curies":[{"name":"wp","href":"https:\/\/api.w.org\/{rel}","templated":true}]}}