{"id":328886,"date":"2026-01-08T03:19:08","date_gmt":"2026-01-08T03:19:08","guid":{"rendered":"https:\/\/www.europesays.com\/es\/328886\/"},"modified":"2026-01-08T03:19:08","modified_gmt":"2026-01-08T03:19:08","slug":"un-descomunal-obst-destroza-con-37-puntos-al-baskonia-que-no-gana-a-domicilio-en-la-euroliga-desde-hace-mas-de-un-ano-baloncesto-deportes","status":"publish","type":"post","link":"https:\/\/www.europesays.com\/es\/328886\/","title":{"rendered":"Un descomunal Obst destroza con 37 puntos al Baskonia, que no gana a domicilio en la Euroliga desde hace m\u00e1s de un a\u00f1o | Baloncesto | Deportes"},"content":{"rendered":"<p class=\"\">El Baskonia ha perdido este mi\u00e9rcoles por 96-89 en su visita al Bayern Munich, sufriendo la punter\u00eda del escolta Andreas Obst en el partido correspondiente a la jornada 20 de la fase regular de la Euroliga. Esta derrota prolonga la mal\u00edsima racha de los vitorianos sin ganar fuera de casa en este torneo, que va camino de cumplir 13 meses. En el SAP Garden, el conjunto vasco alarg\u00f3 una negra estad\u00edstica. El \u00faltimo partido a domicilio que gan\u00f3 fue ante el Maccabi Tel Aviv el 17 de diciembre de 2024. <a href=\"https:\/\/elpais.com\/deportes\/baloncesto\/2025-08-08\/el-baskonia-destituye-a-pablo-laso-tras-un-ano-en-el-banquillo-azulgrana.html\" target=\"_self\" rel=\"nofollow noopener\" title=\"https:\/\/elpais.com\/deportes\/baloncesto\/2025-08-08\/el-baskonia-destituye-a-pablo-laso-tras-un-ano-en-el-banquillo-azulgrana.html\">Entonces en el banquillo vitoriano estaba Pablo Laso<\/a>.<\/p>\n<p class=\"\">En este compromiso en tierras alemanas, su buen inicio gracias a Rodions Kurucs y a Matteo Spagnolo se difumin\u00f3 en cuanto Obst entr\u00f3 en escena. Su acierto en tiros lejanos y la intimidaci\u00f3n de Isiaha Mike en el poste bajo dieron la vuelta al marcador en un primer cuarto (24-19) que, aun as\u00ed, cerr\u00f3 Baskonia con mejores sensaciones con un triple de Kurucs, que emergi\u00f3 como la referencia en ataque debido a las sensibles ausencias de Timoth\u00e9 Luwawu-Cabarrot y de Markus Howard.<\/p>\n<p class=\"\">Pese a que Spagnolo segu\u00eda brillando y que actores secundarios como Eugene Omoruyi y Markquis Nowell aportaban en momentos importantes, la distancia favorable al Baskonia nunca pareci\u00f3 un dolor de cabeza para el Bayern. <a href=\"https:\/\/elpais.com\/deportes\/baloncesto\/2024-12-08\/el-peor-baskonia-de-la-historia-de-la-acb-juega-una-final-en-bilbao-tras-un-inicio-decepcionante-de-curso.html\" target=\"_self\" rel=\"nofollow noopener\" title=\"https:\/\/elpais.com\/deportes\/baloncesto\/2024-12-08\/el-peor-baskonia-de-la-historia-de-la-acb-juega-una-final-en-bilbao-tras-un-inicio-decepcionante-de-curso.html\">Obst lo demostr\u00f3 con un triple lateral <\/a>y sobre la bocina del descanso (38-46). <\/p>\n<p class=\"\">Omoruyi y de nuevo Spagnolo mantuvieron por delante al conjunto vitoriano en el tercer cuarto. Pero Obst luc\u00eda su protagonismo y adem\u00e1s se le uni\u00f3 Justinian Jessup para firmar otra remontada local a base de triples y liquidar cualquier esperanza de victoria en las filas de un Baskonia dubitativo incluso en los tiros libres. Una f\u00f3rmula que hasta entonces s\u00ed le hab\u00eda mantenido enchufado en el partido. <\/p>\n<p class=\"\">Se consumi\u00f3 el reloj con Obst botando la bola nada m\u00e1s cruzar la l\u00ednea divisoria del parqu\u00e9 y cerrando el encuentro con 37 puntos. As\u00ed, el Baskonia, cuarto por la cola en la clasificaci\u00f3n europea, encaj\u00f3 su decimocuarta derrota de este curso europeo y sigue muy abajo; mientras que el Bayern se puso con balance de 7-13.<\/p>\n","protected":false},"excerpt":{"rendered":"El Baskonia ha perdido este mi\u00e9rcoles por 96-89 en su visita al Bayern Munich, sufriendo la punter\u00eda del&hellip;\n","protected":false},"author":2,"featured_media":328887,"comment_status":"","ping_status":"","sticky":false,"template":"","format":"standard","meta":{"footnotes":""},"categories":[269],"tags":[299,298,4714,1540,168,25,24,833,56303,8283,23,167],"class_list":{"0":"post-328886","1":"post","2":"type-post","3":"status-publish","4":"format-standard","5":"has-post-thumbnail","7":"category-baloncesto","8":"tag-baloncesto","9":"tag-basketball","10":"tag-baskonia","11":"tag-competiciones","12":"tag-deportes","13":"tag-es","14":"tag-espana","15":"tag-euroliga","16":"tag-fc-bayern-munich-baloncesto","17":"tag-jugadores-baloncesto","18":"tag-spain","19":"tag-sports"},"share_on_mastodon":{"url":"https:\/\/pubeurope.com\/@es\/115857323698864704","error":""},"_links":{"self":[{"href":"https:\/\/www.europesays.com\/es\/wp-json\/wp\/v2\/posts\/328886","targetHints":{"allow":["GET"]}}],"collection":[{"href":"https:\/\/www.europesays.com\/es\/wp-json\/wp\/v2\/posts"}],"about":[{"href":"https:\/\/www.europesays.com\/es\/wp-json\/wp\/v2\/types\/post"}],"author":[{"embeddable":true,"href":"https:\/\/www.europesays.com\/es\/wp-json\/wp\/v2\/users\/2"}],"replies":[{"embeddable":true,"href":"https:\/\/www.europesays.com\/es\/wp-json\/wp\/v2\/comments?post=328886"}],"version-history":[{"count":0,"href":"https:\/\/www.europesays.com\/es\/wp-json\/wp\/v2\/posts\/328886\/revisions"}],"wp:featuredmedia":[{"embeddable":true,"href":"https:\/\/www.europesays.com\/es\/wp-json\/wp\/v2\/media\/328887"}],"wp:attachment":[{"href":"https:\/\/www.europesays.com\/es\/wp-json\/wp\/v2\/media?parent=328886"}],"wp:term":[{"taxonomy":"category","embeddable":true,"href":"https:\/\/www.europesays.com\/es\/wp-json\/wp\/v2\/categories?post=328886"},{"taxonomy":"post_tag","embeddable":true,"href":"https:\/\/www.europesays.com\/es\/wp-json\/wp\/v2\/tags?post=328886"}],"curies":[{"name":"wp","href":"https:\/\/api.w.org\/{rel}","templated":true}]}}