{"id":328894,"date":"2026-01-08T03:26:16","date_gmt":"2026-01-08T03:26:16","guid":{"rendered":"https:\/\/www.europesays.com\/es\/328894\/"},"modified":"2026-01-08T03:26:16","modified_gmt":"2026-01-08T03:26:16","slug":"kristen-stewart-esta-lista-para-dirigir-un-remake-de-crepusculo-con-un-gran-presupuesto","status":"publish","type":"post","link":"https:\/\/www.europesays.com\/es\/328894\/","title":{"rendered":"Kristen Stewart est\u00e1 lista para dirigir un remake de Crep\u00fasculo con un &#8216;gran presupuesto&#8217;"},"content":{"rendered":"<p class=\"mb-4 text-lg md:leading-8 break-words\">Kristen Stewart est\u00e1 lista para dirigir un remake de Crep\u00fasculo con un \u00abgran presupuesto\u201d.<\/p>\n<p class=\"mb-4 text-lg md:leading-8 break-words\">La actriz de 35 a\u00f1os salt\u00f3 a la fama mundial cuando interpret\u00f3 a Bella Swan en las cinco pel\u00edculas que forman la saga Crep\u00fasculo, estrenadas entre 2008 y 2012, y ahora ha revelado que est\u00e1 interesada en ponerse detr\u00e1s de la c\u00e1mara para readaptar las pel\u00edculas de romance de vampiros.<\/p>\n<p class=\"mb-4 text-lg md:leading-8 break-words\">Kristen, quien fue nombrada en una lista de 10 directores prometedores luego del lanzamiento de su debut como directora, The Chronology of Water de 2025, le dijo a Entertainment Tonight: \u00abMe encantar\u00eda. Me encanta lo que hizo Catherine [Hardwicke], me encanta lo que hizo Chris [Weitz], me encanta lo que todos los directores hicieron con las pel\u00edculas. Eran tan ellos mismos, tan extra\u00f1os, tan raros y tan presentes en ese momento en el que a\u00fan no sab\u00edan realmente lo que eran, como antes de explotar. Imagina que tuvi\u00e9ramos un presupuesto enorme y much\u00edsimo cari\u00f1o y apoyo. No s\u00e9, me encantar\u00eda readaptarme. S\u00ed, claro, har\u00e9 el remake. \u00a1Lo har\u00e9! \u00a1Estoy comprometida!\u201d.<\/p>\n<p class=\"mb-4 text-lg md:leading-8 break-words\">En total, tres entregas de Crep\u00fasculo, que fueron adaptadas de las novelas hom\u00f3nimas de la autora Stephanie Meyer, tuvieron diferentes directores.<\/p>\n<p class=\"mb-4 text-lg md:leading-8 break-words\">Catherine, de 70 a\u00f1os, dirigi\u00f3 la original de 2008, Chris, de 56 a\u00f1os, dirigi\u00f3 Luna Nueva de 2009, David Slade, de 56 a\u00f1os, dirigi\u00f3 Eclipse de 2010 y Bill Condon, de 70 a\u00f1os, dirigi\u00f3 el final de dos partes de Amanecer en 2011 y 2012.<\/p>\n<p class=\"mb-4 text-lg md:leading-8 break-words\">Kristen protagoniz\u00f3 junto a figuras como Robert Pattinson (Edward Cullen), Taylor Lautner (Jacob Black), Anna Kendrick (Jessica Stanley), Peter Facinelli (Carlisle Cullen) y Kellan Lutz (Emmett Cullen) la lucrativa franquicia.<\/p>\n<p class=\"mb-4 text-lg md:leading-8 break-words\">Sin embargo, Kristen nunca pens\u00f3 que se har\u00eda una secuela de Crep\u00fasculo porque no predijo el \u00e9xito de la primera cinta.<\/p>\n<p class=\"mb-4 text-lg md:leading-8 break-words\">En 2022, dijo en el podcast de Jess Cagle: \u00abSiempre quiero recordarle a la gente que [la primera pel\u00edcula de Crep\u00fasculo fue t\u00e9cnicamente una pel\u00edcula independiente] sin menospreciarla ni decir &#8216;\u00a1no fue nada!\u2019. Simplemente no lo sab\u00edamos. Era como una pel\u00edcula adolescente un poco rara y marginal. No pens\u00e9 que a todo el mundo le fuera a gustar. No pens\u00e9 que hici\u00e9ramos una secuela\u201d.<\/p>\n","protected":false},"excerpt":{"rendered":"Kristen Stewart est\u00e1 lista para dirigir un remake de Crep\u00fasculo con un \u00abgran presupuesto\u201d. La actriz de 35&hellip;\n","protected":false},"author":2,"featured_media":328895,"comment_status":"","ping_status":"","sticky":false,"template":"","format":"standard","meta":{"footnotes":""},"categories":[169],"tags":[75918,177,45751,146,147,25,24,176,75919,59231,75917,175,23],"class_list":{"0":"post-328894","1":"post","2":"type-post","3":"status-publish","4":"format-standard","5":"has-post-thumbnail","7":"category-cine","8":"tag-bella-swan","9":"tag-cine","10":"tag-crepusculo","11":"tag-entertainment","12":"tag-entretenimiento","13":"tag-es","14":"tag-espana","15":"tag-film","16":"tag-kellan-lutz","17":"tag-kristen-stewart","18":"tag-la-saga-crepusculo","19":"tag-movies","20":"tag-spain"},"share_on_mastodon":{"url":"https:\/\/pubeurope.com\/@es\/115857351196266155","error":""},"_links":{"self":[{"href":"https:\/\/www.europesays.com\/es\/wp-json\/wp\/v2\/posts\/328894","targetHints":{"allow":["GET"]}}],"collection":[{"href":"https:\/\/www.europesays.com\/es\/wp-json\/wp\/v2\/posts"}],"about":[{"href":"https:\/\/www.europesays.com\/es\/wp-json\/wp\/v2\/types\/post"}],"author":[{"embeddable":true,"href":"https:\/\/www.europesays.com\/es\/wp-json\/wp\/v2\/users\/2"}],"replies":[{"embeddable":true,"href":"https:\/\/www.europesays.com\/es\/wp-json\/wp\/v2\/comments?post=328894"}],"version-history":[{"count":0,"href":"https:\/\/www.europesays.com\/es\/wp-json\/wp\/v2\/posts\/328894\/revisions"}],"wp:featuredmedia":[{"embeddable":true,"href":"https:\/\/www.europesays.com\/es\/wp-json\/wp\/v2\/media\/328895"}],"wp:attachment":[{"href":"https:\/\/www.europesays.com\/es\/wp-json\/wp\/v2\/media?parent=328894"}],"wp:term":[{"taxonomy":"category","embeddable":true,"href":"https:\/\/www.europesays.com\/es\/wp-json\/wp\/v2\/categories?post=328894"},{"taxonomy":"post_tag","embeddable":true,"href":"https:\/\/www.europesays.com\/es\/wp-json\/wp\/v2\/tags?post=328894"}],"curies":[{"name":"wp","href":"https:\/\/api.w.org\/{rel}","templated":true}]}}